{"id":106413,"date":"2025-12-07T10:15:20","date_gmt":"2025-12-07T10:15:20","guid":{"rendered":"https:\/\/www.europesays.com\/no\/106413\/"},"modified":"2025-12-07T10:15:20","modified_gmt":"2025-12-07T10:15:20","slug":"politiloggen-ulykker-og-hendelser-mindrearige-bortvist-fra-bowlinghall","status":"publish","type":"post","link":"https:\/\/www.europesays.com\/no\/106413\/","title":{"rendered":"Politiloggen, Ulykker og hendelser | Mindre\u00e5rige bortvist fra bowlinghall"},"content":{"rendered":"\n<p>Nattas politilogg starter i N\u00e6r\u00f8ysund, der en politipatrulje 21 minutter etter midnatt kom over en ung mann som var for beruset til \u00e5 komme inn p\u00e5 noe utested.<\/p>\n<p>\u2013 Patruljen kj\u00f8rte den unge mannen hjem til foreldrene, med p\u00e5legg om \u00e5 holde seg borte fra sentrum ut natta, sier operasjonsleder Marie Fossen i Tr\u00f8ndelag politidistrikt.<\/p>\n<p>Bowling-br\u00e5k<\/p>\n<p>I Levanger gikk det en kule varmt i bowlinghallen, der en ansatt m\u00e5tte ringe politiet for \u00e5 be om bistand.<\/p>\n<p>\u2013 Det var flere mindre\u00e5rige p\u00e5 stedet som framsto som beruset og som oppf\u00f8rte seg frekt mot de ansatte, sier operasjonsleder Fossen.<\/p>\n<p>En patrulje dro til stedet for \u00e5 splitte partene, og fant \u00e9n ungdom som utpekte seg negativt.<\/p>\n<p>\u2013 Vedkommende er u\u00f8nsket p\u00e5 stedet, og patruljen varslet foreldrene hans, opplyser Fossen.<\/p>\n<p>Null promille, men p\u00e5kj\u00f8rt r\u00e5dyr<\/p>\n<p>Politiet hadde i l\u00f8pet av natt til s\u00f8ndag to promilleontroller \u2013 i henholdsvis R\u00f8rvik og Stj\u00f8rdal.<\/p>\n<p>\u2013 25 ble kontrollert i R\u00f8rvik, men det ble ikke gitt noen reaksjoner, sier Fossen.<\/p>\n<p>Resultatet var slettes ikke verre lenger s\u00f8r.<\/p>\n<p>\u2013 I Stj\u00f8rdal ble 30 kontrollert, ingen reaksjoner der heller.<\/p>\n<p>I indre N\u00e6r\u00f8y ble det ved 00.34-tida meldt om et p\u00e5kj\u00f8rt r\u00e5dyr p\u00e5 Var\u00f8yvegen.<\/p>\n<p>\u2013 Det ble skade p\u00e5 bilen, men ingen personskade. Sj\u00e5f\u00f8ren har lett etter r\u00e5dyret, som antas \u00e5 v\u00e6re skadet, uten \u00e5 finne det, sier Fossen.<\/p>\n<p>Ung og hissig<\/p>\n<p>I Levanger sentrum kontrollerte politiet en ung mann som var hissig og yppet seg mot andre personer p\u00e5 stedet.<\/p>\n<p>\u2013 Politipatruljen bortviste han fra Levanger sentrum ut natten, opplyser operasjonsleder Fossen.<\/p>\n<p>Kjenning kj\u00f8rt hjem<\/p>\n<p>En person til ved 3.20-tiden h\u00e5nd om en kvinne i Stj\u00f8rdal sentrum, noe politiet ble varslet om.<\/p>\n<p>Da politiet kom til stedet, dro patruljen kjensel p\u00e5 kvinnen.<\/p>\n<p>\u2013 Hun fors\u00f8kte \u00e5 sl\u00e5 etter patruljen, sier Fossen.<\/p>\n<p>Kvinnen ble imidlertid kj\u00f8rt hjem.<\/p>\n<p>\u2013 Vi oppretter sak for vold mot offentlig tjenesteperson, og kvinnen ble bortvist fra Stj\u00f8rdal sentrum fram til s\u00f8ndag morgen., sier operasjonslederen.<\/p>\n<p>Feilfri russefest<\/p>\n<p>P\u00e5 Ofstad grendehus i Vikna ble det natt til s\u00f8ndag gjennomf\u00f8rt et russeslipp \u2013 uten knuter p\u00e5 tr\u00e5den.<\/p>\n<p>\u2013 Det var god stemning og voksne vakter p\u00e5 stedet, som hadde god kontroll. Det var ingenting for politiet \u00e5 gj\u00f8re der, annet enn \u00e5 dra innom for \u00e5 se. Det er bra vi kan melde om s\u00e5nt noen ganger ogs\u00e5, sl\u00e5r Fossen fast.<\/p>\n<p>Benkesliter<\/p>\n<p>Det er ikke bare Mohamed Salah som sliter benken for tiden. I Namsos kom en politipatrulje over en mann i 20-\u00e5rene, som sov p\u00e5 en benk i sentrum ved 5.31-tiden.<\/p>\n<p>Vedkommende reagerte imidlertid ikke med sinne, slik Liverpool-stjernen gjorde l\u00f8rdag kveld.<\/p>\n<p>\u2013 Mannen ble kj\u00f8rt hjem til Spillum, opplyser operasjonslederen.<\/p>\n<p>P\u00e5 t-a.no<\/p>\n<p>Melkebonde Daniel Rones i Beitstad sendte inn en oppdatert s\u00f8knad om produksjonstilskudd \u00e9n dag for sent. Dermed ligger han an til \u00e5 tape 400.000 kroner.<\/p>\n<p>  <a href=\"https:\/\/www.t-a.no\/5-116-2265970\" class=\"related-teaser has-image default-story-teaser article--c-eRUmMG article--c-eRUmMG-jKCPdD-design-default\" rel=\"nofollow noopener\" target=\"_blank\"><\/p>\n<p>    <img decoding=\"async\" loading=\"lazy\"  src=\"https:\/\/www.europesays.com\/no\/wp-content\/uploads\/2025\/12\/SB_Ga+rdBeitstad_0.jpg\" alt=\"\" class=\"brick-c-cFOWSL\" style=\"\"\/><\/p>\n<p>\n            Les ogs\u00e5<\/p>\n<p>              Mister hundretusener: \u2013 M\u00e5 omtrent ligge i koma for \u00e5 f\u00e5 unntak\n        <\/p>\n<p>  <\/a><\/p>\n<p>Hilde Brenne fra Verdal har m\u00f8tt mer motgang enn de aller fleste. Lederen i Mental helse Verdal har imidlertid et julebudskap til den som sliter: Det finnes en veg opp.<\/p>\n<p>Les hennes historie her:<\/p>\n<p>  <a href=\"https:\/\/www.t-a.no\/5-116-2266475\" class=\"related-teaser has-image default-feature-teaser article--c-eRUmMG article--c-eRUmMG-jKCPdD-design-default\" rel=\"nofollow noopener\" target=\"_blank\"><\/p>\n<p>    <img decoding=\"async\" loading=\"lazy\"  src=\"https:\/\/www.europesays.com\/no\/wp-content\/uploads\/2025\/12\/Hilde+Brenne+-+AHBN+04.jpg\" alt=\"\" class=\"brick-c-cFOWSL\" style=\"\"\/><\/p>\n<p>\n            Les ogs\u00e5<\/p>\n<p>              Slik endret hun livet: \u2013 Min egen st\u00f8rste kritiker\n        <\/p>\n<p>  <\/a><\/p>\n<p>En \u00e5rv\u00e5ken politibetjent i Stj\u00f8rdal la merke til en detalj, som fikk patruljen til \u00e5 stanse en bilf\u00f8rer fra Steinkjer.<\/p>\n<p>N\u00e5 m\u00e5 sj\u00e5f\u00f8ren svare for en omfattende narkotikatiltale i Tr\u00f8ndelag tingrett i midten av desember.<\/p>\n<p>  <a href=\"https:\/\/www.t-a.no\/5-116-2268434\" class=\"related-teaser has-image default-story-teaser article--c-eRUmMG article--c-eRUmMG-jKCPdD-design-default\" rel=\"nofollow noopener\" target=\"_blank\"><\/p>\n<p>    <img decoding=\"async\" loading=\"lazy\"  src=\"https:\/\/www.europesays.com\/no\/wp-content\/uploads\/2025\/12\/photo+%287%29.jpg\" alt=\"\" class=\"brick-c-cFOWSL\" style=\"\"\/><\/p>\n<p>\n            Les ogs\u00e5<\/p>\n<p>              Liten detalj fikk politiet til \u00e5 reagere \u2013 stoppet bil full av narkotika\n        <\/p>\n<p>  <\/a><\/p>\n","protected":false},"excerpt":{"rendered":"Nattas politilogg starter i N\u00e6r\u00f8ysund, der en politipatrulje 21 minutter etter midnatt kom over en ung mann som&hellip;\n","protected":false},"author":2,"featured_media":3842,"comment_status":"","ping_status":"","sticky":false,"template":"","format":"standard","meta":{"footnotes":""},"categories":[10],"tags":[36,20,21,24,25,15,22,23,492,3158,13,30,28,29,14,16,782,756,1510,26,27,941],"class_list":{"0":"post-106413","1":"post","2":"type-post","3":"status-publish","4":"format-standard","5":"has-post-thumbnail","7":"category-norge","8":"tag-art","9":"tag-breaking-news","10":"tag-breakingnews","11":"tag-featured-news","12":"tag-featurednews","13":"tag-headlines","14":"tag-latest-news","15":"tag-latestnews","16":"tag-levanger","17":"tag-namdalen","18":"tag-news","19":"tag-no","20":"tag-norge","21":"tag-norway","22":"tag-nyheter","23":"tag-overskrifter","24":"tag-politiloggen","25":"tag-stjordal","26":"tag-story","27":"tag-top-stories","28":"tag-topstories","29":"tag-ulykker-og-hendelser"},"share_on_mastodon":{"url":"https:\/\/pubeurope.com\/@no\/115677765936239749","error":""},"_links":{"self":[{"href":"https:\/\/www.europesays.com\/no\/wp-json\/wp\/v2\/posts\/106413","targetHints":{"allow":["GET"]}}],"collection":[{"href":"https:\/\/www.europesays.com\/no\/wp-json\/wp\/v2\/posts"}],"about":[{"href":"https:\/\/www.europesays.com\/no\/wp-json\/wp\/v2\/types\/post"}],"author":[{"embeddable":true,"href":"https:\/\/www.europesays.com\/no\/wp-json\/wp\/v2\/users\/2"}],"replies":[{"embeddable":true,"href":"https:\/\/www.europesays.com\/no\/wp-json\/wp\/v2\/comments?post=106413"}],"version-history":[{"count":0,"href":"https:\/\/www.europesays.com\/no\/wp-json\/wp\/v2\/posts\/106413\/revisions"}],"wp:featuredmedia":[{"embeddable":true,"href":"https:\/\/www.europesays.com\/no\/wp-json\/wp\/v2\/media\/3842"}],"wp:attachment":[{"href":"https:\/\/www.europesays.com\/no\/wp-json\/wp\/v2\/media?parent=106413"}],"wp:term":[{"taxonomy":"category","embeddable":true,"href":"https:\/\/www.europesays.com\/no\/wp-json\/wp\/v2\/categories?post=106413"},{"taxonomy":"post_tag","embeddable":true,"href":"https:\/\/www.europesays.com\/no\/wp-json\/wp\/v2\/tags?post=106413"}],"curies":[{"name":"wp","href":"https:\/\/api.w.org\/{rel}","templated":true}]}}