{"id":106414,"date":"2025-12-07T10:16:49","date_gmt":"2025-12-07T10:16:49","guid":{"rendered":"https:\/\/www.europesays.com\/no\/106414\/"},"modified":"2025-12-07T10:16:49","modified_gmt":"2025-12-07T10:16:49","slug":"et-av-fotballens-flaueste-oyeblikk","status":"publish","type":"post","link":"https:\/\/www.europesays.com\/no\/106414\/","title":{"rendered":"\u2013 Et av fotballens flaueste \u00f8yeblikk"},"content":{"rendered":"\n<p class=\"_lead_o9xde_2 _lead_xtcu6_50 layout-component text-serif-m layout-normal text-serif-l layout-component layout-wide layout-padded _wide_17hqh_1 layout-padded\">Reaksjonene lar ikke vente p\u00e5 seg etter FIFAs omstridte fredspris og TV-sending fra VM-trekningen. <\/p>\n<p><img alt=\"PRIS: Donald Trump fikk utdelt fredspris f\u00f8r VM-trekningen.  Foto: Jia Haocheng \/ AP \/ NTB\" class=\"_image_qp4xg_65 layout-component layout-wide\" data-fullscreen- data-track-element-type=\"Article image fullscreen\" data-track-name=\"ImageFullscreen\" fetchpriority=\"high\" decoding=\"sync\" loading=\"eager\" height=\"3699\" itemprop=\"image\"  src=\"https:\/\/www.europesays.com\/no\/wp-content\/uploads\/2025\/12\/1428e3e3-560a-4f3f-a35a-204a6c1cba82\"  style=\"object-position:0% 0%\" width=\"5548\"\/>PRIS: Donald Trump fikk utdelt fredspris f\u00f8r VM-trekningen.  Foto: Jia Haocheng \/ AP \/ NTB<\/p>\n<ul aria-hidden=\"true\" class=\"_images_ntbth_112\">\n<li><a class=\"_link_ntbth_117\" href=\"https:\/\/www.vg.no\/forfatter\/benjamin-kvaale\" style=\"z-index:2\" title=\"Benjamin Kvaale\" rel=\"nofollow noopener\" target=\"_blank\"><img alt=\"Bilde av Benjamin Kvaale\" class=\"_image_ntbth_93\" fetchpriority=\"low\" loading=\"lazy\" decoding=\"async\" itemprop=\"image\"  src=\"https:\/\/www.europesays.com\/no\/wp-content\/uploads\/2025\/12\/1765102608_436_21fe9a1c-5915-4269-bbd5-7feeec1fa8ae\"  width=\"480\"\/><\/a><\/li>\n<li><a class=\"_link_ntbth_117\" href=\"https:\/\/www.vg.no\/forfatter\/isak-loeve-pilskog-loe\" style=\"z-index:1\" title=\"Isak L\u00f8ve Pilskog Loe\" rel=\"nofollow noopener\" target=\"_blank\"><img alt=\"Bilde av Isak L\u00f8ve Pilskog Loe\" class=\"_image_ntbth_93\" fetchpriority=\"low\" loading=\"lazy\" decoding=\"async\" itemprop=\"image\"  src=\"https:\/\/www.europesays.com\/no\/wp-content\/uploads\/2025\/12\/1765102609_767_8b0354e3-bf53-460c-9c1c-790321a0c923\"  width=\"480\"\/><\/a><\/li>\n<\/ul>\n<p> Oppdatert l\u00f8rdag 6. desember kl. 01:49    <\/p>\n<ul class=\"_list_o9xde_3 _list_64s2r_85 _unordered_o9xde_106 text-sans-m\">\n<li class=\"_item_o9xde_30\">FIFA ga deres omstridte fredspris til Donald Trump under VM-trekningen i fotball.<\/li>\n<li class=\"_item_o9xde_30\">Flere profiler reagerer p\u00e5 tildelingen.<\/li>\n<li class=\"_item_o9xde_30\">Rettighetsorganisasjoner kritiserer mangel p\u00e5 \u00e5penhet i prosessen.<\/li>\n<li class=\"_item_o9xde_30\">FIFA viser til Trumps diplomatiske arbeid som begrunnelse.<\/li>\n<\/ul>\n<p>Vis mer <\/p>\n<p class=\"_paragraph_o9xde_4 _paragraph_xtcu6_10 layout-component text-serif-m layout-normal text-serif-m layout-padded\">\u2013 N\u00e5r du tror at det ikke er mulig \u00e5 gj\u00f8re noe plattere, pinligere og mer floskelfylt parodisk, kommer tidenes latterligste prisutdeling midt i nedtellingen til puljetrekningen for et VM-sluttspill i fotball. Narrenes teater. Hykleri og narsissisme satt i system.<\/p>\n<p class=\"_paragraph_o9xde_4 _paragraph_xtcu6_10 layout-component text-serif-m layout-normal text-serif-m layout-padded\">Det skriver tidligere TV 2-profil Davy Wathne p\u00e5 X. <\/p>\n<p class=\"_paragraph_o9xde_4 _paragraph_xtcu6_10 layout-component text-serif-m layout-normal text-serif-m layout-padded\">For i forkant av selve trekningen, var det en seanse <a href=\"https:\/\/www.vg.no\/sport\/i\/y5v6KK\/en-pris-naermest-opprettet-for-aa-smiske-med-trump\" data-track-element-type=\"Link\" data-track-id=\"link:y5v6KK\" class=\"_link_o9xde_39\" rel=\"nofollow noopener\" target=\"_blank\">med utdeling av FIFAs helt nye fredspris<\/a>. Den var det FIFA-president Gianni Infantino som ga til Donald Trump. <\/p>\n<p class=\"_paragraph_o9xde_4 _paragraph_xtcu6_10 layout-component text-serif-m layout-normal text-serif-m layout-padded\">Den omstridte prisen ble opprettet etter at det ble klart at Trump ikke fikk Nobels fredspris i h\u00f8st.<\/p>\n<p class=\"_paragraph_o9xde_4 _paragraph_xtcu6_10 layout-component text-serif-m layout-normal text-serif-m layout-padded\"><strong class=\"_strong_o9xde_25\">USA-kjenner reagerer<\/strong>: <a href=\"https:\/\/www.vg.no\/sport\/i\/y5v6KK\/en-pris-naermest-opprettet-for-aa-smiske-med-trump\" data-track-element-type=\"Link\" data-track-id=\"link:y5v6KK\" class=\"_link_o9xde_39\" rel=\"nofollow noopener\" target=\"_blank\">\u00abN\u00e6rmest opprettet for \u00e5 smiske med Trump\u00bb<\/a><\/p>\n<p class=\"_paragraph_o9xde_4 _paragraph_xtcu6_10 layout-component text-serif-m layout-normal text-serif-m layout-padded\">Prisen skal if\u00f8lge\u00a0<a href=\"https:\/\/inside.fifa.com\/organisation\/media-releases\/peace-prize-award-football-unites-the-world-infantino\" class=\"_link_o9xde_39\" rel=\"nofollow noopener\" target=\"_blank\">FIFA<\/a>\u00a0deles ut \u00e5rlig til personer som har gjort \u00abeksepsjonelle og ekstraordin\u00e6re handlinger for fred\u00bb.<\/p>\n<p class=\"_paragraph_o9xde_4 _paragraph_xtcu6_10 layout-component text-serif-m layout-normal text-serif-m layout-padded\"><strong class=\"_strong_o9xde_25\">En rekke rettighetsorganisasjoner har likevel kritisert initiativet. De har problematisert \u00abfullstendig mangel\u00bb p\u00e5 \u00e5penhet rundt FIFAs prosess for prisen. <\/strong><\/p>\n<p class=\"_paragraph_o9xde_4 _paragraph_xtcu6_10 layout-component text-serif-m layout-normal text-serif-m layout-padded\">\u2013 Den \u00abfredsprisen\u00bb og smiskingen med Trump: Et av fotballens flaueste \u00f8yeblikk, skriver Viaplay-ekspert Lars Tj\u00e6rn\u00e5s p\u00e5 X.<\/p>\n<p class=\"_paragraph_o9xde_4 _paragraph_xtcu6_10 layout-component text-serif-m layout-normal text-serif-m layout-padded\"><strong class=\"_strong_o9xde_25\">Les ogs\u00e5:<\/strong> <a href=\"https:\/\/www.vg.no\/sport\/i\/JO1QLm\/fotball-vm-dette-blir-norges-vm-motstandere\" data-track-element-type=\"Link\" data-track-id=\"link:JO1QLm\" class=\"_link_o9xde_39\" rel=\"nofollow noopener\" target=\"_blank\">Norge m\u00f8ter Frankrike, Senegal og vinneren av Irak, Bolivia og Surinam<\/a><\/p>\n<p class=\"_paragraph_o9xde_4 _paragraph_xtcu6_10 layout-component text-serif-m layout-normal text-serif-m layout-padded\">Fotballkommentator Per-Jarle Heggelund, kom med f\u00f8lgende p\u00e5 samme kanal: <\/p>\n<p class=\"_root_1xq52_1\" lang=\"no\" dir=\"auto\">N\u00e5 har han tunga s\u00e5 langt opp i ryggraden p\u00e5 han andre at den snart kommer ut \u00f8rene. Herre.<\/p>\n<p class=\"_paragraph_o9xde_4 _paragraph_xtcu6_10 layout-component text-serif-m layout-normal text-serif-m layout-padded\">Komiker Kevin Hart og fotomodell <a href=\"https:\/\/www.vg.no\/tag\/heidi-klum?utm_source=vg-article&amp;utm_medium=auto-tagger&amp;utm_campaign=L40lRJ\" class=\"_link_o9xde_39\" rel=\"nofollow noopener\" target=\"_blank\">Heidi Klum<\/a> hadde ansvaret som programledere, men Infantino ledet ogs\u00e5 an underveis. <\/p>\n<p class=\"_paragraph_o9xde_4 _paragraph_xtcu6_10 layout-component text-serif-m layout-normal text-serif-m layout-padded\">\u2013 Trodde cringe-faktoren skulle v\u00e6re h\u00f8y med Infantino i dag, men dette er jo helt vilt, skriver Athletic-journalist James Pearce p\u00e5 X. <\/p>\n<p class=\"_paragraph_o9xde_4 _paragraph_xtcu6_10 layout-component text-serif-m layout-normal text-serif-m layout-padded\">\u2013 Savner Sepp Blatter, jeg, kom det fra Viaplay-programleder Daniel H\u00f8glund p\u00e5 samme kanal. <\/p>\n<p class=\"_paragraph_o9xde_4 _paragraph_xtcu6_10 layout-component text-serif-m layout-normal text-serif-m layout-padded\">\u2013 FIFA skal jobbe for folket og de nasjonale forbundene, ikke den andre veien. Hvor mange skal st\u00e5 opp mot hvordan VM har blitt brukt til \u00e5 gj\u00f8re noe ut av sv\u00e6rt politiske poenger, og pushe spesifikke agendaer, sp\u00f8r Independent-journalist Miguel Delaney. <\/p>\n<p class=\"_paragraph_o9xde_4 _paragraph_xtcu6_10 layout-component text-serif-m layout-normal text-serif-m layout-padded\">I begrunnelsen fra FIFA heter det at Trumps diplomatiske arbeid har ledet til fredsl\u00f8sninger i syv kriger og konflikter. Krigene og konfliktene som trekkes frem, samsvarer med de krigene president Trump selv har p\u00e5st\u00e5tt \u00e5 ha avsluttet.<\/p>\n<p class=\"_paragraph_o9xde_4 _paragraph_xtcu6_10 layout-component text-serif-m layout-normal text-serif-m layout-padded\">I tillegg trekkes Abraham-avtalenAbraham-avtalenEn serie avtaler mellom Israel og flere arabiske land, som ble initiert av USA for \u00e5 normalisere diplomatiske forbindelser. og Trumps initiativ til \u00e5 f\u00e5 p\u00e5 plass en varig fred mellom Ukraina og Russland fram. Trumps fredsforslag for den sistnevnte krigen har f\u00e5tt mye kritikk fra europeiske statsledere. <\/p>\n<p class=\"_paragraph_o9xde_4 _paragraph_xtcu6_10 layout-component text-serif-m layout-normal text-serif-m layout-padded\">Se listen her:<\/p>\n<p>Har Trump s\u00f8rget for fred mellom:Kongo og Rwanda?<\/p>\n<p class=\"_paragraph_o9xde_4 _paragraph_xtcu6_10 _paragraph_16v91_10 layout-component text-serif-m layout-normal text-sans-m layout-padded\" itemprop=\"text\">Den mange\u00e5rige konflikten har fordrevet millioner av mennesker fra hjemmene sine og for\u00e5rsaket en massiv humanit\u00e6r krise.<\/p>\n<p class=\"_paragraph_o9xde_4 _paragraph_xtcu6_10 _paragraph_16v91_10 layout-component text-serif-m layout-normal text-sans-m layout-padded\" itemprop=\"text\">I juni signerte landene en fredsavtale i Det hvite hus etter at denne ble meglet frem ved hjelp av USA.<\/p>\n<p class=\"_paragraph_o9xde_4 _paragraph_xtcu6_10 _paragraph_16v91_10 layout-component text-serif-m layout-normal text-sans-m layout-padded\" itemprop=\"text\">\u2013 I dag tar volden og \u00f8deleggelsen slutt, og hele regionen starter et nytt kapittel med h\u00e5p og muligheter, harmoni, velstand og fred, sa Trump da avtalen kom i stand.<\/p>\n<p class=\"_paragraph_o9xde_4 _paragraph_xtcu6_10 _paragraph_16v91_10 layout-component text-serif-m layout-normal text-sans-m layout-padded\" itemprop=\"text\">Det var imidlertid ikke fredelig lenge:<\/p>\n<p class=\"_paragraph_o9xde_4 _paragraph_xtcu6_10 _paragraph_16v91_10 layout-component text-serif-m layout-normal text-sans-m layout-padded\" itemprop=\"text\">I etterkant har den kongolesiske h\u00e6ren og den rwandisk-st\u00f8ttede oppr\u00f8rsgruppen M23 anklaget hverandre for \u00e5 bryte fredsavtalen ved \u00e5 utf\u00f8re angrep og ruste opp tropper. <\/p>\n<p class=\"_paragraph_o9xde_4 _paragraph_xtcu6_10 _paragraph_16v91_10 layout-component text-serif-m layout-normal text-sans-m layout-padded\" itemprop=\"text\">Det er \u00f8kt uro for at konflikten kan blusse opp igjen, melder <a href=\"https:\/\/www.dw.com\/en\/skepticism-grows-over-dr-congo-rwanda-peace-deal\/a-75035195\" class=\"_link_o9xde_39\" rel=\"nofollow noopener\" target=\"_blank\">DW<\/a>.<\/p>\n<p>Kambodsja og Thailand?<\/p>\n<p class=\"_paragraph_o9xde_4 _paragraph_xtcu6_10 _paragraph_16v91_10 layout-component text-serif-m layout-normal text-sans-m layout-padded\" itemprop=\"text\">I juli ble Kambodsja og Thailand enige om en ubetinget v\u00e5penhvile for \u00e5 l\u00f8se en konflikt som har f\u00f8rt til dusinvis av d\u00f8dsfall og tusenvis av fordrevne mennesker, if\u00f8lge nyhetsbyr\u00e5et AP.<\/p>\n<ul class=\"_list_o9xde_3 _list_xtcu6_9 _list_16v91_9 _unordered_o9xde_106 layout-component text-serif-m layout-normal text-sans-m layout-padded\" itemprop=\"text\">\n<li class=\"_item_o9xde_30\">Avtalen ble signert i Malaysia etter press fra Donald Trump.<\/li>\n<li class=\"_item_o9xde_30\">I forkant truet Trump med at USA kanskje ikke ville inng\u00e5 handelsavtaler med landene hvis ikke de tok ned konfliktniv\u00e5et.<\/li>\n<li class=\"_item_o9xde_30\">V\u00e5penhvileavtalen ble umiddelbart satt p\u00e5 pr\u00f8ve etter at de to landene anklaget hverandre for \u00e5 ha utf\u00f8rt angrep.<\/li>\n<\/ul>\n<p class=\"_paragraph_o9xde_4 _paragraph_xtcu6_10 _paragraph_16v91_10 layout-component text-serif-m layout-normal text-sans-m layout-padded\" itemprop=\"text\">Nylig skrev tankesmien <a href=\"https:\/\/www.cfr.org\/article\/conflict-cambodia-and-thailand-resumes-no-end-sight\" class=\"_link_o9xde_39\" rel=\"nofollow noopener\" target=\"_blank\">Council on Foreign Reletions<\/a> at konfliktniv\u00e5et har \u00f8kt igjen, og at Thailand suspenderte v\u00e5penhvilen 10. november.<\/p>\n<p>Kosovo og Serbia?<\/p>\n<p class=\"_paragraph_o9xde_4 _paragraph_xtcu6_10 _paragraph_16v91_10 layout-component text-serif-m layout-normal text-sans-m layout-padded\" itemprop=\"text\">Ti \u00e5r etter Kosovo-krigen erkl\u00e6rte landet sin uavhengighet fra Serbia i 2008.<\/p>\n<p class=\"_paragraph_o9xde_4 _paragraph_xtcu6_10 _paragraph_16v91_10 layout-component text-serif-m layout-normal text-sans-m layout-padded\" itemprop=\"text\">Serbia anerkjenner ikke landets uavhengighet og konflikten om nasjonal identitet og territoriale uenigheter har fortsatt \u00e5 ulme.<\/p>\n<ul class=\"_list_o9xde_3 _list_xtcu6_9 _list_16v91_9 _unordered_o9xde_106 layout-component text-serif-m layout-normal text-sans-m layout-padded\" itemprop=\"text\">\n<li class=\"_item_o9xde_30\">Trump-administrasjonen meglet frem en begrenset fredsavtale mellom de to nasjonene tilbake i 2020.<\/li>\n<li class=\"_item_o9xde_30\">Den s\u00e5kalte \u00abWashington-avtalen\u00bb var en kortsiktig avtale om \u00f8konomisk normalisering mellom Serbia og Kosovo.<\/li>\n<li class=\"_item_o9xde_30\">Det har derimot ikke v\u00e6rt krig eller konflikt mellom de to landene under president Trumps andre periode, og <a href=\"https:\/\/www.vg.no\/nyheter\/i\/XqPrBB\/anspent-i-kosovo-luftsirener-og-meldinger-om-skudd\" data-track-element-type=\"Link\" data-track-id=\"link:XqPrBB\" class=\"_link_o9xde_39\" rel=\"nofollow noopener\" target=\"_blank\">forsonings-sp\u00f8rsm\u00e5let mellom de to nabostatene<\/a> er i skrivende stund fortsatt ul\u00f8st.<\/li>\n<\/ul>\n<p class=\"_paragraph_o9xde_4 _paragraph_xtcu6_10 _paragraph_16v91_10 layout-component text-serif-m layout-normal text-sans-m layout-padded\" itemprop=\"text\">Nato-tjenestemenn har oppfordret begge land til \u00e5 fremskynde samtaler for \u00e5 slutte fred.<\/p>\n<p>India og Pakistan?<\/p>\n<p class=\"_paragraph_o9xde_4 _paragraph_xtcu6_10 _paragraph_16v91_10 layout-component text-serif-m layout-normal text-sans-m layout-padded\" itemprop=\"text\">B\u00e5de Donald Trump og andre verdensledere oppfordret til ro mellom India og Pakistan etter at f\u00f8rstnevnte nasjon i mai\u00a0<a href=\"https:\/\/www.vg.no\/nyheter\/i\/dR1qVq\/konflikten-mellom-india-og-pakistan-dette-boer-du-vite\" data-track-element-type=\"Link\" data-track-id=\"link:dR1qVq\" class=\"_link_o9xde_39\" rel=\"nofollow noopener\" target=\"_blank\">gikk til angrep p\u00e5 pakistanske m\u00e5l<\/a>.<\/p>\n<p class=\"_paragraph_o9xde_4 _paragraph_xtcu6_10 _paragraph_16v91_10 layout-component text-serif-m layout-normal text-sans-m layout-padded\" itemprop=\"text\">Dette var f\u00f8rste gang India angrep Pakistan siden 2019.<\/p>\n<p class=\"_paragraph_o9xde_4 _paragraph_xtcu6_10 _paragraph_16v91_10 layout-component text-serif-m layout-normal text-sans-m layout-padded\" itemprop=\"text\">Det skjedde etter et terrorangrep i indisk-administrerte Kashmir.<\/p>\n<ul class=\"_list_o9xde_3 _list_xtcu6_9 _list_16v91_9 _unordered_o9xde_106 layout-component text-serif-m layout-normal text-sans-m layout-padded\" itemprop=\"text\">\n<li class=\"_item_o9xde_30\">I mai kunngjorde Trump en \u00abfullstendig og umiddelbar v\u00e5penhvile\u00bb.<\/li>\n<li class=\"_item_o9xde_30\">I kjent forretningsmannstil hevdet han at han brukte handel med USA som pressmiddel for \u00e5 f\u00e5 slutt p\u00e5 kampene.<\/li>\n<\/ul>\n<p class=\"_paragraph_o9xde_4 _paragraph_xtcu6_10 _paragraph_16v91_10 layout-component text-serif-m layout-normal text-sans-m layout-padded\" itemprop=\"text\">India motsetter seg derimot ekstern innblanding i tvisten om Kashmir. Indiske myndigheter har gjentatte ganger avvist at Trump forhandlet frem v\u00e5penhvilen.<\/p>\n<p>Egypt og Etiopia?<\/p>\n<p class=\"_paragraph_o9xde_4 _paragraph_xtcu6_10 _paragraph_16v91_10 layout-component text-serif-m layout-normal text-sans-m layout-padded\" itemprop=\"text\">Egypt og Etiopia har i \u00e5revis v\u00e6rt i en diplomatisk\u00a0<a href=\"https:\/\/www.vg.no\/nyheter\/i\/y3Qx0K\/etiopia-fester-grepet-om-nilen-aapner-omstridt-kjempedemning-om-to-uker\" data-track-element-type=\"Link\" data-track-id=\"link:y3Qx0K\" class=\"_link_o9xde_39\" rel=\"nofollow noopener\" target=\"_blank\">konflikt knyttet til Den store etiopiske renessansedammen\u00a0<\/a>(GERD) \u2013 Etiopias demning ved Nilen. Egypt frykter for at demningen vil true deres vannforsyning.<\/p>\n<p class=\"_paragraph_o9xde_4 _paragraph_xtcu6_10 _paragraph_16v91_10 layout-component text-serif-m layout-normal text-sans-m layout-padded\" itemprop=\"text\">Det er lite nedb\u00f8r i Egypt og trusler mot elven Nilen blir oppfattet som trusler mot landets nasjonale sikkerhet.<\/p>\n<ul class=\"_list_o9xde_3 _list_xtcu6_9 _list_16v91_9 _unordered_o9xde_106 layout-component text-serif-m layout-normal text-sans-m layout-padded\" itemprop=\"text\">\n<li class=\"_item_o9xde_30\">Det hvite hus mener if\u00f8lge Axios at dette b\u00f8r betraktes som en krig Trump har l\u00f8st selv om det aldri har v\u00e6rt snakk om hverken krig \u2013 eller foreligger noen fredsavtale.<\/li>\n<li class=\"_item_o9xde_30\">Trump hevder p\u00e5 sin side at de to landene ville ha ligget i krig hvis han ikke hadde grepet inn.<\/li>\n<li class=\"_item_o9xde_30\">USA pr\u00f8vde f\u00f8rst \u00e5 megle frem en avtale under Trumps f\u00f8rste presidentperiode, lmen Etiopia trakk seg ut av samtalene.<\/li>\n<li class=\"_item_o9xde_30\">Trump svarte da med \u00e5 stoppe noe av bistanden til Etiopia.<\/li>\n<\/ul>\n<p class=\"_paragraph_o9xde_4 _paragraph_xtcu6_10 _paragraph_16v91_10 layout-component text-serif-m layout-normal text-sans-m layout-padded\" itemprop=\"text\">I etterkant har Etiopia anklaget Trump for \u00e5 ha oppildnet til krig fordi han uttalte at Egypt ville \u00abende opp med \u00e5 sprenge demningen\u00bb. Status er at Egypt og Etiopia fortsatt forhandler om riktig bruk av demningen.<\/p>\n<p class=\"_paragraph_o9xde_4 _paragraph_xtcu6_10 _paragraph_16v91_10 layout-component text-serif-m layout-normal text-sans-m layout-padded\" itemprop=\"text\">I juli anklaget Egypt Etiopia for \u00e5 ikke ha politisk vilje til \u00e5 sluttf\u00f8re en avtale.<\/p>\n<p>Armenia og Aserbajdsjan?<\/p>\n<p class=\"_paragraph_o9xde_4 _paragraph_xtcu6_10 _paragraph_16v91_10 layout-component text-serif-m layout-normal text-sans-m layout-padded\" itemprop=\"text\">Aserbajdsjan og Armenia inngikk 8. august i \u00e5r en avtale om \u00abevig fred\u00bb. Avtalen ble signert av Armenias statsminister Nikol Pasjinjan og Aserbajdsjans president Ilham Alijev da de bes\u00f8kte Trump i Washington, D.C.<\/p>\n<ul class=\"_list_o9xde_3 _list_xtcu6_9 _list_16v91_9 _unordered_o9xde_106 layout-component text-serif-m layout-normal text-sans-m layout-padded\" itemprop=\"text\">\n<li class=\"_item_o9xde_30\">Avtalen kom p\u00e5 plass etter flere ti\u00e5r med konflikt mellom de to tidligere sovjetrepublikkene i Kaukasus. De har utkjempet flere kriger knyttet til Nagorno-Karabakh.<\/li>\n<li class=\"_item_o9xde_30\">Det er gjort en rekke tiltak for \u00e5 sikre freden. Blant annet har Armenia samtykket til \u00e5 \u00e5pne en 43 kilometer lang korridor gjennom sitt territorium som kobler Aserbajdsjan til sin eksklave Nakhcivan, som grenser til Iran og Tyrkia.<\/li>\n<li class=\"_item_o9xde_30\">Korridorens offisielle navn er \u00abTrump Corridor for International Peace and Prosperity\u00bb.<\/li>\n<\/ul>\n<p class=\"_paragraph_o9xde_4 _paragraph_xtcu6_10 _paragraph_16v91_10 layout-component text-serif-m layout-normal text-sans-m layout-padded\" itemprop=\"text\">Jim O\u2019Brien, assisterende utenriksminister for europeiske og eurasiske saker i Biden-administrasjonen, har <a href=\"https:\/\/ecfr.eu\/article\/peace-in-the-caucasus-ensuring-europe-plays-a-role-after-trumps-ceremony\/\" class=\"_link_o9xde_39\" rel=\"nofollow noopener\" target=\"_blank\">p\u00e5pekt<\/a> at avtalen ikke vil v\u00e6re endelig p\u00e5 minst ett \u00e5r. Det skyldes at Aserbajdsjan krever at Armenia fjerner alle referanser til perioder da Armenia styrte deler av Aserbajdsjan fra sin grunnlov. Dette vil ikke skje f\u00f8r neste \u00e5rs valg.<\/p>\n<p class=\"_paragraph_o9xde_4 _paragraph_xtcu6_10 _paragraph_16v91_10 layout-component text-serif-m layout-normal text-sans-m layout-padded\" itemprop=\"text\">Avtalen ekskluderte ogs\u00e5 viktige parter som Russland, Iran og Tyrkia \u2013 alle land som er avgj\u00f8rende for korridorens suksess.<\/p>\n<p>Israel og Hamas?<\/p>\n<p class=\"_paragraph_o9xde_4 _paragraph_xtcu6_10 _paragraph_16v91_10 layout-component text-serif-m layout-normal text-sans-m layout-padded\" itemprop=\"text\">10. oktober tr\u00e5dte en ny v\u00e5penhvile i kraft, som ledd i president Donald Trumps fredsplan for Gaza som inneholder 20 punkter. Det f\u00f8rste punktet er at Gaza skal v\u00e6re en avradikalisert, terrorfri sone som ikke utgj\u00f8r en trussel mot sine naboer.<\/p>\n<ul class=\"_list_o9xde_3 _list_xtcu6_9 _list_16v91_9 _unordered_o9xde_106 layout-component text-serif-m layout-normal text-sans-m layout-padded\" itemprop=\"text\">\n<li class=\"_item_o9xde_30\">Israel og Hamas har siden utvekslet fanger, gisler og levninger av israelske gisler og d\u00f8de palestinere.<\/li>\n<li class=\"_item_o9xde_30\">Det har v\u00e6rt <a href=\"https:\/\/www.vg.no\/nyheter\/i\/vgvmmB\/israel-bomber-gaza-hvor-alvorlig-er-det-som-skjer-naa\" data-track-element-type=\"Link\" data-track-id=\"link:vgvmmB\" class=\"_link_o9xde_39\" rel=\"nofollow noopener\" target=\"_blank\">flere brudd<\/a> p\u00e5 den skj\u00f8re v\u00e5penhvilen: <a href=\"https:\/\/www.axios.com\/2025\/12\/04\/gaza-board-of-peace-trump-plan\" class=\"_link_o9xde_39\" rel=\"nofollow noopener\" target=\"_blank\">Axios<\/a> rapporterer at Israel har drept 366 palestinere, mens Hamas har drept \u00abflere\u00bb israelske soldater siden v\u00e5penhvilen offisielt tr\u00e5dde i kraft.<\/li>\n<li class=\"_item_o9xde_30\">Axios rapporterer ogs\u00e5 at Trump vil annonsere detaljer i fredsplanens andre fase f\u00f8r jul. <a href=\"https:\/\/www.vg.no\/nyheter\/i\/xmGd6G\/ekspert-norge-kan-faa-noekkelrolle-i-trumps-fredsplan\" data-track-element-type=\"Link\" data-track-id=\"link:xmGd6G\" class=\"_link_o9xde_39\" rel=\"nofollow noopener\" target=\"_blank\">Denne fasen er beskrevet som mye mer krevende<\/a> enn den f\u00f8rste og inneb\u00e6rer at Hamas skal avv\u00e6pnes, israelske styrker trekke seg delvis ut, og en internasjonal fredsstyrke skal overta ansvaret p\u00e5 bakken.<\/li>\n<\/ul>\n<p class=\"_paragraph_o9xde_4 _paragraph_xtcu6_10 _paragraph_16v91_10 layout-component text-serif-m layout-normal text-sans-m layout-padded\" itemprop=\"text\">Planen krever omfattende internasjonal koordinering, politiske garantier og langsiktig ansvar. <\/p>\n","protected":false},"excerpt":{"rendered":"Reaksjonene lar ikke vente p\u00e5 seg etter FIFAs omstridte fredspris og TV-sending fra VM-trekningen. PRIS: Donald Trump fikk&hellip;\n","protected":false},"author":2,"featured_media":106415,"comment_status":"","ping_status":"","sticky":false,"template":"","format":"standard","meta":{"footnotes":""},"categories":[5],"tags":[20,21,55,24,25,92,4472,7826,15,10401,3163,19,22,23,17,18,13,30,28,29,14,16,26,27],"class_list":{"0":"post-106414","1":"post","2":"type-post","3":"status-publish","4":"format-standard","5":"has-post-thumbnail","7":"category-overskrifter","8":"tag-breaking-news","9":"tag-breakingnews","10":"tag-donald-trump","11":"tag-featured-news","12":"tag-featurednews","13":"tag-fotball","14":"tag-fotball-vm","15":"tag-gianni-infantino","16":"tag-headlines","17":"tag-heidi-klum","18":"tag-herrelandslaget-fotball","19":"tag-hovedoppslag","20":"tag-latest-news","21":"tag-latestnews","22":"tag-main-news","23":"tag-mainnews","24":"tag-news","25":"tag-no","26":"tag-norge","27":"tag-norway","28":"tag-nyheter","29":"tag-overskrifter","30":"tag-top-stories","31":"tag-topstories"},"share_on_mastodon":{"url":"https:\/\/pubeurope.com\/@no\/115677773572079230","error":""},"_links":{"self":[{"href":"https:\/\/www.europesays.com\/no\/wp-json\/wp\/v2\/posts\/106414","targetHints":{"allow":["GET"]}}],"collection":[{"href":"https:\/\/www.europesays.com\/no\/wp-json\/wp\/v2\/posts"}],"about":[{"href":"https:\/\/www.europesays.com\/no\/wp-json\/wp\/v2\/types\/post"}],"author":[{"embeddable":true,"href":"https:\/\/www.europesays.com\/no\/wp-json\/wp\/v2\/users\/2"}],"replies":[{"embeddable":true,"href":"https:\/\/www.europesays.com\/no\/wp-json\/wp\/v2\/comments?post=106414"}],"version-history":[{"count":0,"href":"https:\/\/www.europesays.com\/no\/wp-json\/wp\/v2\/posts\/106414\/revisions"}],"wp:featuredmedia":[{"embeddable":true,"href":"https:\/\/www.europesays.com\/no\/wp-json\/wp\/v2\/media\/106415"}],"wp:attachment":[{"href":"https:\/\/www.europesays.com\/no\/wp-json\/wp\/v2\/media?parent=106414"}],"wp:term":[{"taxonomy":"category","embeddable":true,"href":"https:\/\/www.europesays.com\/no\/wp-json\/wp\/v2\/categories?post=106414"},{"taxonomy":"post_tag","embeddable":true,"href":"https:\/\/www.europesays.com\/no\/wp-json\/wp\/v2\/tags?post=106414"}],"curies":[{"name":"wp","href":"https:\/\/api.w.org\/{rel}","templated":true}]}}