{"id":106422,"date":"2025-12-07T10:22:10","date_gmt":"2025-12-07T10:22:10","guid":{"rendered":"https:\/\/www.europesays.com\/no\/106422\/"},"modified":"2025-12-07T10:22:10","modified_gmt":"2025-12-07T10:22:10","slug":"mildvaeret-forsinker-skisesongen-hallingskarvet-utsetter-apning","status":"publish","type":"post","link":"https:\/\/www.europesays.com\/no\/106422\/","title":{"rendered":"Mildv\u00e6ret forsinker skisesongen: Hallingskarvet utsetter \u00e5pning"},"content":{"rendered":"\n<ul class=\"_list_o9xde_3 _list_64s2r_85 _unordered_o9xde_106 text-sans-m\">\n<li class=\"_item_o9xde_30\">Hallingskarvet skisenter utsetter \u00e5pningen til 20. desember, grunnet lite sn\u00f8.<\/li>\n<li class=\"_item_o9xde_30\">Meteorologene varsler milde temperaturer p\u00e5 S\u00f8r- og \u00d8stlandet, mens Nord-Norge har kaldt og stabilt v\u00e6r.<\/li>\n<li class=\"_item_o9xde_30\">Oppdal, Eggedal, og Sjusj\u00f8en skisentre er mer optimistiske og h\u00e5per p\u00e5 en god jule\u00e5pning.<\/li>\n<\/ul>\n<p>Vis mer <\/p>\n<p class=\"_paragraph_o9xde_4 _paragraph_xtcu6_10 layout-component text-serif-m layout-normal text-serif-m layout-padded\">\u2013 Det blir en senere start enn vi hadde h\u00e5pet p\u00e5.<\/p>\n<p class=\"_paragraph_o9xde_4 _paragraph_xtcu6_10 layout-component text-serif-m layout-normal text-serif-m layout-padded\">Det sier Knut Anfinset, daglig leder og eier av Hallingskarvet skisenter til VG. <\/p>\n<p class=\"_paragraph_o9xde_4 _paragraph_xtcu6_10 layout-component text-serif-m layout-normal text-serif-m layout-padded\"><strong class=\"_strong_o9xde_25\">Normalt skulle skiheisene v\u00e6rt i full sving p\u00e5 dette tidspunktet, men i \u00e5r m\u00e5 de utsette til 20. desember. <\/strong><\/p>\n<p class=\"_paragraph_o9xde_4 _paragraph_xtcu6_10 layout-component text-serif-m layout-normal text-serif-m layout-padded\"><a href=\"https:\/\/www.met.no\/nyhetsarkiv\/hvit-jul-blir-stadig-sjeldnere\" class=\"_link_o9xde_39\" rel=\"nofollow noopener\" target=\"_blank\">If\u00f8lge Meteorologisk institutt<\/a> har sannsynligheten for sn\u00f8 p\u00e5 julaften blitt mye lavere for store deler av landet, med st\u00f8rst endringer p\u00e5 S\u00f8r- og \u00d8stlandet. <\/p>\n<p class=\"_paragraph_o9xde_4 _paragraph_xtcu6_10 layout-component text-serif-m layout-normal text-serif-m layout-padded\">Ferske v\u00e6rprognoser viser milde temperaturer i b\u00e5de Oslo og Bergen <a href=\"https:\/\/www.vg.no\/nyheter\/i\/e71WaQ\/snoehaap-paa-tynn-is-skal-ikke-viske-bort-muligheten-helt-enda\" data-track-element-type=\"Link\" data-track-id=\"link:e71WaQ\" class=\"_link_o9xde_39\" rel=\"nofollow noopener\" target=\"_blank\">de neste ukene.<\/a><\/p>\n<p>\u2013 H\u00f8yst uvanlig<\/p>\n<p class=\"_paragraph_o9xde_4 _paragraph_xtcu6_10 layout-component text-serif-m layout-normal text-serif-m layout-padded\">Hallingskarvet skisenter har allerede f\u00e5tt kjenne p\u00e5 konsekvensene. Anfinset forteller at lite sn\u00f8fall og vansker med \u00e5 produsere sn\u00f8 skaper utfordringer for driften p\u00e5 anlegget.<\/p>\n<p class=\"_paragraph_o9xde_4 _paragraph_xtcu6_10 layout-component text-serif-m layout-normal text-serif-m layout-padded\">\u2013 Det er h\u00f8yst uvanlig. Vi pleier \u00e5 ha hele anlegget i drift, sier han.<\/p>\n<p class=\"_paragraph_o9xde_4 _paragraph_xtcu6_10 layout-component text-serif-m layout-normal text-serif-m layout-padded\">Selv med utsatt \u00e5pning vil de ikke kunne tilby en full skipakke \u2013 kun begynnerbakken og en bakke p\u00e5 750\/800 meter er klar. <\/p>\n<p><img alt=\"Hallingskravet skisenter m\u00e5tte ogs\u00e5 holde stengt da coronasmitten kom til fjells, p\u00e5sken 2020.   Foto: Gisle Oddstad \/ VG\" class=\"_image_qp4xg_65 layout-component layout-normal\" data-fullscreen- data-track-element-type=\"Article image fullscreen\" data-track-name=\"ImageFullscreen\" decoding=\"async\" loading=\"lazy\" height=\"4048\" itemprop=\"image\"  src=\"https:\/\/www.europesays.com\/no\/wp-content\/uploads\/2025\/12\/25cef72f-cc78-47c9-ac30-460ef3bcf43a\"  style=\"object-position:0% 0%\" width=\"6072\"\/>Hallingskravet skisenter m\u00e5tte ogs\u00e5 holde stengt da coronasmitten kom til fjells, p\u00e5sken 2020.   Foto: Gisle Oddstad \/ VGHvit jul har blitt sjeldnere<\/p>\n<p class=\"_paragraph_o9xde_4 _paragraph_xtcu6_10 layout-component text-serif-m layout-normal text-serif-m layout-padded\">\u2013 Vi ser at sjansen for julesn\u00f8 har minket langs hele kysten, fra svenskegrensen til Lofoten. Endringene er st\u00f8rst i lavlandet p\u00e5 S\u00f8r- og \u00d8stlandet, der store deler av befolkningen bor, sier Helga Therese Tilley Tajet, klimaforsker ved Meteorologisk institutt. <\/p>\n<p class=\"_paragraph_o9xde_4 _paragraph_xtcu6_10 layout-component text-serif-m layout-normal text-serif-m layout-padded\"><a href=\"https:\/\/www.met.no\/nyhetsarkiv\/hvit-jul-blir-stadig-sjeldnere\" class=\"_link_o9xde_39\" rel=\"nofollow noopener\" target=\"_blank\">P\u00e5 nettsidene til Meteorologisk institutt<\/a> skriver de at sannsynligheten for sn\u00f8 p\u00e5 julaften har blitt mye lavere for store deler av landet, grunnet klimaendringene.<\/p>\n<p class=\"_paragraph_o9xde_4 _paragraph_xtcu6_10 layout-component text-serif-m layout-normal text-serif-m layout-padded\">Det er ogs\u00e5 f\u00e6rre julaftener med skif\u00f8re, siden sn\u00f8dybden lenger inn i landet har sunket de siste 30 \u00e5rene. <\/p>\n<p><img alt=\"Tall fra Meteorologisk institutt viser at vi har hatt 10 f\u00e6rre hvite julaftener i enkelte omr\u00e5der fra svenskegrensen til Kristiansand, sammenlignet med normalperiodene 1961 til 1990, og 1991 til 2020.   Foto: Meteorologisk institutt\" class=\"_image_qp4xg_65 layout-component layout-normal\" data-fullscreen- data-track-element-type=\"Article image fullscreen\" data-track-name=\"ImageFullscreen\" decoding=\"async\" loading=\"lazy\" height=\"413\" itemprop=\"image\"  src=\"https:\/\/www.europesays.com\/no\/wp-content\/uploads\/2025\/12\/0e8bfc32-59a6-4962-80b6-7d7a8c8e1a0b\"  style=\"object-position:0% 0%\" width=\"768\"\/>Tall fra Meteorologisk institutt viser at vi har hatt 10 f\u00e6rre hvite julaftener i enkelte omr\u00e5der fra svenskegrensen til Kristiansand, sammenlignet med normalperiodene 1961 til 1990, og 1991 til 2020.   Foto: Meteorologisk institutt<\/p>\n<p class=\"_paragraph_o9xde_4 _paragraph_xtcu6_10 layout-component text-serif-m layout-normal text-serif-m layout-padded\">H\u00f8yest sannsynlighet for hvit jul f\u00e5r du p\u00e5 fjellet. Der er det ingen tydelige endringer, ettersom temperaturen holder seg lav nok til at julesn\u00f8en blir liggende. <\/p>\n<p class=\"_paragraph_o9xde_4 _paragraph_xtcu6_10 layout-component text-serif-m layout-normal text-serif-m layout-padded\">I Nord-Norge er det meldt stabilt og kaldt v\u00e6r i Troms og Finnmark, med kanskje fem-seks minusgrader. Fjellet over 1000 meter ser ogs\u00e5 lovende ut, med temperaturer som holder seg p\u00e5 minussiden.<\/p>\n<p class=\"_paragraph_o9xde_4 _paragraph_xtcu6_10 layout-component text-serif-m layout-normal text-serif-m layout-padded\">Situasjonen til Hallingskarvet st\u00e5r i kontrast til andre skisteder i landet, som er mer optimistiske f\u00f8r julesesongen.<\/p>\n<p>Sesong\u00e5pning<\/p>\n<p class=\"_paragraph_o9xde_4 _paragraph_xtcu6_10 layout-component text-serif-m layout-normal text-serif-m layout-padded\">I Hemsedal har de f\u00e5tt 25\u201330 centimeter sn\u00f8 den siste uken og fredag var det sesong\u00e5pning i anlegget. <\/p>\n<p class=\"_paragraph_o9xde_4 _paragraph_xtcu6_10 layout-component text-serif-m layout-normal text-serif-m layout-padded\">\u2013 Per i dag har vi fem heiser og 10 nedfarter \u00e5pne, og kommer til \u00e5 \u00e5pne flere fremover, sier Jonatan Ekl\u00f6f i Skistar Hemsedal til VG l\u00f8rdag morgen. <\/p>\n<p class=\"_paragraph_o9xde_4 _paragraph_xtcu6_10 layout-component text-serif-m layout-normal text-serif-m layout-padded\">Han forteller at sn\u00f8en laver ned l\u00f8rdag. <\/p>\n<p class=\"_paragraph_o9xde_4 _paragraph_xtcu6_10 layout-component text-serif-m layout-normal text-serif-m layout-padded\">\u2013 Hemsedal fremst\u00e5r n\u00e5 som et winter wonderland, s\u00e5 det er bare \u00e5 komme seg til fjells, sier han. <\/p>\n<p><img alt=\"Slik ser skibakken i Hemsedal ut l\u00f8rdag formiddag.   Foto: Jonatan Ekl\u00f6f\" class=\"_image_qp4xg_65 layout-component layout-normal\" data-fullscreen- data-track-element-type=\"Article image fullscreen\" data-track-name=\"ImageFullscreen\" decoding=\"async\" loading=\"lazy\" height=\"2420\" itemprop=\"image\"  src=\"https:\/\/www.europesays.com\/no\/wp-content\/uploads\/2025\/12\/815eca26-9aad-4bd4-b88b-740132939de5\"  style=\"object-position:0% 0%\" width=\"1816\"\/>Slik ser skibakken i Hemsedal ut l\u00f8rdag formiddag.   Foto: Jonatan Ekl\u00f6f<\/p>\n<p class=\"_paragraph_o9xde_4 _paragraph_xtcu6_10 layout-component text-serif-m layout-normal text-serif-m layout-padded\">P\u00e5 Hafjell ble ogs\u00e5 hovedl\u00f8ypene i \u00f8vre del av anlegget \u00e5pnet fredag. <\/p>\n<p class=\"_paragraph_o9xde_4 _paragraph_xtcu6_10 layout-component text-serif-m layout-normal text-serif-m layout-padded\">\u2013 N\u00e5 har vi tre stolheiser, en gondol og fire barneheiser i drift. Sn\u00f8produksjonen p\u00e5g\u00e5r over hele anlegget, sier teknisk leder Tommy Viken. <\/p>\n<p class=\"_paragraph_o9xde_4 _paragraph_xtcu6_10 layout-component text-serif-m layout-normal text-serif-m layout-padded\">\u2013 V\u00e6rmeldingene ser litt bedre ut fremover, s\u00e5 vi er positive med tanke p\u00e5 sn\u00f8 frem til jul. <\/p>\n<p class=\"_paragraph_o9xde_4 _paragraph_xtcu6_10 layout-component text-serif-m layout-normal text-serif-m layout-padded\">I Kongsberg har familieomr\u00e5det v\u00e6rt \u00e5pent siden 29. november, og stolheisen \u00e5pnet l\u00f8rdag med \u00e9n tras\u00e9.<\/p>\n<p class=\"_paragraph_o9xde_4 _paragraph_xtcu6_10 layout-component text-serif-m layout-normal text-serif-m layout-padded\">\u2013 I dag sn\u00f8r det p\u00e5 Kongsberg, og vi har tro p\u00e5 at det kan bli en veldig fin vinter, sier Espen Bengtson i Skimore. <\/p>\n<p class=\"_paragraph_o9xde_4 _paragraph_xtcu6_10 layout-component text-serif-m layout-normal text-serif-m layout-padded\">Selv befinner han seg i i Tryvannskleiva i Oslo l\u00f8rdag morgen. <\/p>\n<p class=\"_paragraph_o9xde_4 _paragraph_xtcu6_10 layout-component text-serif-m layout-normal text-serif-m layout-padded\">\u2013 Det sn\u00f8r her ogs\u00e5! Bare du kommer deg over 500 meter over havet, er det nydelig vinter og topp julestemning, sier han. <\/p>\n<p>\u2013 Full vinter<\/p>\n<p class=\"_paragraph_o9xde_4 _paragraph_xtcu6_10 layout-component text-serif-m layout-normal text-serif-m layout-padded\">I Trysil \u00e5pnet sesongen forrige helg \u2013 en uke tidligere enn i fjor. <\/p>\n<p class=\"_paragraph_o9xde_4 _paragraph_xtcu6_10 layout-component text-serif-m layout-normal text-serif-m layout-padded\">\u2013 Vi har hatt kuldegrader og f\u00e5tt produsert sn\u00f8 i tillegg til at vi har f\u00e5tt noe natursn\u00f8, sier Gudrun S. Lohne i SkiStar Trysil. <\/p>\n<p class=\"_paragraph_o9xde_4 _paragraph_xtcu6_10 layout-component text-serif-m layout-normal text-serif-m layout-padded\">Men forel\u00f8pig er det ikke mer enn tre \u00e5pne heiser og seks bakker, av totalt 31 heiser og 71 bakker. <\/p>\n<p class=\"_paragraph_o9xde_4 _paragraph_xtcu6_10 layout-component text-serif-m layout-normal text-serif-m layout-padded\">\u2013 I Oppdal er det full vinter, sier Marius Nilsen, markedsansvarlig hos Oppdal skisenter, torsdag formiddag.<\/p>\n<p class=\"_paragraph_o9xde_4 _paragraph_xtcu6_10 layout-component text-serif-m layout-normal text-serif-m layout-padded\">Han forteller at mildv\u00e6ret p\u00e5virker dem, men at de har hatt en god kuldeperiode tidligere i vinter, som gj\u00f8r at de likevel kan tilby et godt skiprodukt til jul. <\/p>\n<p class=\"_paragraph_o9xde_4 _paragraph_xtcu6_10 layout-component text-serif-m layout-normal text-serif-m layout-padded\">Ogs\u00e5 Eggedal og Sjusj\u00f8en har h\u00e5p om en hvit, sn\u00f8rik jul. <\/p>\n<p><img alt=\"Oppdal skisenter har allerede holdt \u00e5pent i to uker. Bildet er tatt i bakken 29. november.   Foto: privat\" class=\"_image_qp4xg_65 layout-component layout-normal\" data-fullscreen- data-track-element-type=\"Article image fullscreen\" data-track-name=\"ImageFullscreen\" decoding=\"async\" loading=\"lazy\" height=\"1000\" itemprop=\"image\"  src=\"https:\/\/www.europesays.com\/no\/wp-content\/uploads\/2025\/12\/1d8ee2ab-956e-4a4d-811f-0877729bda1b\"  style=\"object-position:0% 0%\" width=\"1500\"\/>Oppdal skisenter har allerede holdt \u00e5pent i to uker. Bildet er tatt i bakken 29. november.   Foto: privat<\/p>\n<p class=\"_paragraph_o9xde_4 _paragraph_xtcu6_10 layout-component text-serif-m layout-normal text-serif-m layout-padded\">\u2013 Vi ruller ut skil\u00f8yper n\u00e5 og f\u00e5r \u00e5pnet noe til helgen. Hvis kulden holder seg, har vi h\u00e5p om l\u00f8yper til jul, sier Knut Bjertnes, daglig leder i Eggedal turlag. <\/p>\n<p class=\"_paragraph_o9xde_4 _paragraph_xtcu6_10 layout-component text-serif-m layout-normal text-serif-m layout-padded\">\u2013 Men det er vanskelig \u00e5 vite, sn\u00f8en m\u00e5 jo komme.<\/p>\n<p class=\"_paragraph_o9xde_4 _paragraph_xtcu6_10 layout-component text-serif-m layout-normal text-serif-m layout-padded\">Driftsleder ved Sjusj\u00f8en skisenter, Torjus Aaseth, er ikke bekymret. Til tross for noe forsinket sn\u00f8produksjon, \u00e5pner de sesongen l\u00f8rdag \u2013 med \u00e9n hovednedfart. <\/p>\n<p class=\"_paragraph_o9xde_4 _paragraph_xtcu6_10 layout-component text-serif-m layout-normal text-serif-m layout-padded\">\u2013 Sn\u00f8historikken viser at det g\u00e5r bra mot jul, s\u00e5 lenge vi f\u00e5r kuldegrader p\u00e5 natten, sl\u00e5r han fast. <\/p>\n","protected":false},"excerpt":{"rendered":"Hallingskarvet skisenter utsetter \u00e5pningen til 20. desember, grunnet lite sn\u00f8. Meteorologene varsler milde temperaturer p\u00e5 S\u00f8r- og \u00d8stlandet,&hellip;\n","protected":false},"author":2,"featured_media":106423,"comment_status":"","ping_status":"","sticky":false,"template":"","format":"standard","meta":{"footnotes":""},"categories":[10],"tags":[20,21,24,25,15,5593,4828,22,23,13,30,28,29,14,16,6527,26,27,553],"class_list":{"0":"post-106422","1":"post","2":"type-post","3":"status-publish","4":"format-standard","5":"has-post-thumbnail","7":"category-norge","8":"tag-breaking-news","9":"tag-breakingnews","10":"tag-featured-news","11":"tag-featurednews","12":"tag-headlines","13":"tag-jul","14":"tag-klima-og-miljo","15":"tag-latest-news","16":"tag-latestnews","17":"tag-news","18":"tag-no","19":"tag-norge","20":"tag-norway","21":"tag-nyheter","22":"tag-overskrifter","23":"tag-sno","24":"tag-top-stories","25":"tag-topstories","26":"tag-vaer"},"share_on_mastodon":{"url":"https:\/\/pubeurope.com\/@no\/115677793449001382","error":""},"_links":{"self":[{"href":"https:\/\/www.europesays.com\/no\/wp-json\/wp\/v2\/posts\/106422","targetHints":{"allow":["GET"]}}],"collection":[{"href":"https:\/\/www.europesays.com\/no\/wp-json\/wp\/v2\/posts"}],"about":[{"href":"https:\/\/www.europesays.com\/no\/wp-json\/wp\/v2\/types\/post"}],"author":[{"embeddable":true,"href":"https:\/\/www.europesays.com\/no\/wp-json\/wp\/v2\/users\/2"}],"replies":[{"embeddable":true,"href":"https:\/\/www.europesays.com\/no\/wp-json\/wp\/v2\/comments?post=106422"}],"version-history":[{"count":0,"href":"https:\/\/www.europesays.com\/no\/wp-json\/wp\/v2\/posts\/106422\/revisions"}],"wp:featuredmedia":[{"embeddable":true,"href":"https:\/\/www.europesays.com\/no\/wp-json\/wp\/v2\/media\/106423"}],"wp:attachment":[{"href":"https:\/\/www.europesays.com\/no\/wp-json\/wp\/v2\/media?parent=106422"}],"wp:term":[{"taxonomy":"category","embeddable":true,"href":"https:\/\/www.europesays.com\/no\/wp-json\/wp\/v2\/categories?post=106422"},{"taxonomy":"post_tag","embeddable":true,"href":"https:\/\/www.europesays.com\/no\/wp-json\/wp\/v2\/tags?post=106422"}],"curies":[{"name":"wp","href":"https:\/\/api.w.org\/{rel}","templated":true}]}}