{"id":106430,"date":"2025-12-07T10:28:12","date_gmt":"2025-12-07T10:28:12","guid":{"rendered":"https:\/\/www.europesays.com\/no\/106430\/"},"modified":"2025-12-07T10:28:12","modified_gmt":"2025-12-07T10:28:12","slug":"musk-og-trump-administrasjonen-gar-til-frontalangrep-eu-bor-avskaffes","status":"publish","type":"post","link":"https:\/\/www.europesays.com\/no\/106430\/","title":{"rendered":"Musk og Trump-administrasjonen g\u00e5r til frontalangrep: \u2013 EU b\u00f8r avskaffes"},"content":{"rendered":"<p><strong>Elon Musk og flere profiler i Trump-administrasjonen retter kraftig kritikk mot EU etter at EU-kommisjonene ga X en bot p\u00e5 140 millioner dollar (ca. 1,4 mrd NOK) for brudd p\u00e5 Digital Services Act (DSA).<\/strong><\/p>\n<p>\u2013 EU b\u00f8r avskaffes og suvereniteten tilbakef\u00f8res til de enkelte landene, slik at regjeringene bedre kan representere folket, skrev Musk p\u00e5 X. Han la til emneknaggen \u00abAbolishTheEU\u00bb.<\/p>\n<blockquote class=\"twitter-tweet\">\n<p lang=\"en\" dir=\"ltr\">The EU should be abolished and sovereignty returned to individual countries, so that governments can better represent their people<\/p>\n<p>\u2014 Elon Musk (@elonmusk) <a href=\"https:\/\/twitter.com\/elonmusk\/status\/1997279325876367719?ref_src=twsrc%5Etfw\" rel=\"nofollow noopener\" target=\"_blank\">December 6, 2025<\/a><\/p><\/blockquote>\n<p>EU-kommisjonen begrunnet boten med det de omtaler som manglende etterlevelse av transparenskravene i DSA. Det inkluderer det kommisjonen kaller villedende design av det bl\u00e5 verifikasjonsmerket, manglende innsyn i annonsearkivet og manglende tilgang til offentlige data for forskere.<\/p>\n<p><strong>\u2013 Boten er vanvittig, og rettet ogs\u00e5 mot meg personlig<\/strong><\/p>\n<p>Musk svarte ogs\u00e5 p\u00e5 et innlegg fra senator Ted Cruz, som kalte boten en \u00abskandale\u00bb og oppfordret president Donald Trump til \u00e5 innf\u00f8re sanksjoner.<\/p>\n<p>\u2013 \u00abEU\u00bb innf\u00f8rte denne vanvittige boten ikke bare mot X, men ogs\u00e5 mot meg personlig, noe som er enda mer sinnssykt, skrev Musk.<\/p>\n<p>\u2013 Derfor virker det passende at vi retter v\u00e5rt svar ikke bare mot EU, men ogs\u00e5 mot de enkeltpersonene som tok dette grepet mot meg, fortsatte han. Musk omtalte boten som \u00abtullprat\u00bb og la til: \u2013 Jeg elsker Europa, men ikke det byr\u00e5kratiske monsteret som er EU.<\/p>\n<p>Musks frustrasjon med EU har fortsatt utover kvelden l\u00f8rdag amerikansk tid.<\/p>\n<p>\u00abHvor lenge er det f\u00f8r EU slutter \u00e5 eksistere\u00bb, skrev han.<\/p>\n<blockquote class=\"twitter-tweet\">\n<p lang=\"en\" dir=\"ltr\">How long before the EU is gone?<\/p>\n<p>AbolishTheEU<\/p>\n<p>\u2014 Elon Musk (@elonmusk) <a href=\"https:\/\/twitter.com\/elonmusk\/status\/1997306328654422478?ref_src=twsrc%5Etfw\" rel=\"nofollow noopener\" target=\"_blank\">December 6, 2025<\/a><\/p><\/blockquote>\n<p>I en annen post han videresendte sammenliknes EU med Hitlers \u00abfjerde rike\u00bb.<\/p>\n<blockquote class=\"twitter-tweet\">\n<p lang=\"en\" dir=\"ltr\">Pretty much <a href=\"https:\/\/t.co\/0hspV4roFj\" rel=\"nofollow\">https:\/\/t.co\/0hspV4roFj<\/a><\/p>\n<p>\u2014 Elon Musk (@elonmusk) <a href=\"https:\/\/twitter.com\/elonmusk\/status\/1997533799748608099?ref_src=twsrc%5Etfw\" rel=\"nofollow noopener\" target=\"_blank\">December 7, 2025<\/a><\/p><\/blockquote>\n<p><strong>Kraftige reaksjoner fra flere i Trump-administrasjonen<\/strong><\/p>\n<p>Utenriksminister Marco Rubio hevdet at boten ikke bare var et angrep p\u00e5 X:<\/p>\n<p>\u2013 Dette er et angrep p\u00e5 alle amerikanske teknologiplattformer og det amerikanske folket fra utenlandske regjeringer.<\/p>\n<blockquote class=\"twitter-tweet\">\n<p lang=\"en\" dir=\"ltr\">The European Commission\u2019s $140 million fine isn\u2019t just an attack on <a href=\"https:\/\/twitter.com\/X?ref_src=twsrc%5Etfw\" rel=\"nofollow noopener\" target=\"_blank\">@X<\/a>, it\u2019s an attack on all American tech platforms and the American people by foreign governments.<\/p>\n<p>The days of censoring Americans online are over.<\/p>\n<p>\u2014 Secretary Marco Rubio (@SecRubio) <a href=\"https:\/\/twitter.com\/SecRubio\/status\/1996974377003319667?ref_src=twsrc%5Etfw\" rel=\"nofollow noopener\" target=\"_blank\">December 5, 2025<\/a><\/p><\/blockquote>\n<p>Visepresident JD Vance hadde p\u00e5 forh\u00e5nd sagt:<\/p>\n<p>\u2013 EU burde st\u00f8tte ytringsfrihet, ikke angripe amerikanske selskaper over t\u00f8v.<\/p>\n<blockquote class=\"twitter-tweet\">\n<p lang=\"en\" dir=\"ltr\">Rumors swirling that the EU commission will fine X hundreds of millions of dollars for not engaging in censorship. The EU should be supporting free speech not attacking American companies over garbage.<\/p>\n<p>\u2014 JD Vance (@JDVance) <a href=\"https:\/\/twitter.com\/JDVance\/status\/1996701953372704921?ref_src=twsrc%5Etfw\" rel=\"nofollow noopener\" target=\"_blank\">December 4, 2025<\/a><\/p><\/blockquote>\n<p>DSA ble vedtatt i 2022 for \u00e5 regulere store online-plattformer og forhindre ulovlig innhold og desinformasjon, men har siden m\u00f8tt motstand fra Trump-administrasjonen.<\/p>\n<p><strong>I den nye amerikanske sikkerhetsstrategien, publisert av Det hvite hus 4. desember 2025, vies Europa en omfattende og n\u00e5del\u00f8s vurdering.<\/strong><\/p>\n<p><a href=\"https:\/\/www.whitehouse.gov\/wp-content\/uploads\/2025\/12\/2025-National-Security-Strategy.pdf\" rel=\"nofollow noopener\" target=\"_blank\">Dokumentet<\/a>\u00a0hevder at kontinentet st\u00e5r overfor en dyp sivilisasjonell krise, at EU og nasjonale eliter har undergravd politisk frihet og nasjonal suverenitet, og at migrasjon, lave f\u00f8dselstall og \u00f8konomiske reguleringer truer Europas evne til \u00e5 forbli en sterk partner for USA.<\/p>\n<p><strong>EU avviser at saken handler om sensur<\/strong><\/p>\n<p>Fra EU-kommisjonen avvises p\u00e5standen om at vedtaket handler om moderering av innhold.<\/p>\n<p>\u2013 Dagens beslutning har ingenting \u00e5 gj\u00f8re med innholdsmoderering. Dette handler om transparens for borgere i EU, sa kommisjonstalsmann Thomas Regnier.<\/p>\n<p><strong>\u2013 Utenlandske byr\u00e5krater kan ikke bestemme hva amerikanere f\u00e5r si<\/strong><\/p>\n<p>Handelsminister Howard Lutnick gikk ogs\u00e5 hardt ut p\u00e5 X:<\/p>\n<p>\u2013 Digital Services Act er laget for \u00e5 kvele ytringsfrihet og amerikanske teknologiselskaper. Vi har gjort v\u00e5rt syn tydelig overfor v\u00e5re europeiske motparter.<\/p>\n<blockquote class=\"twitter-tweet\">\n<p lang=\"en\" dir=\"ltr\">The Digital Services Act is designed to stifle free speech and American tech companies. We have made our position clear to our counterparts in Europe. <a href=\"https:\/\/t.co\/YCgosWMt8Y\" rel=\"nofollow\">https:\/\/t.co\/YCgosWMt8Y<\/a><\/p>\n<p>\u2014 Howard Lutnick (@howardlutnick) <a href=\"https:\/\/twitter.com\/howardlutnick\/status\/1997026334573580603?ref_src=twsrc%5Etfw\" rel=\"nofollow noopener\" target=\"_blank\">December 5, 2025<\/a><\/p><\/blockquote>\n<p>Senator Eric Schmitt fulgte opp:<\/p>\n<p>\u2013 Utenlandske byr\u00e5krater har null rett til \u00e5 fortelle amerikanere hva de kan og ikke kan si.<\/p>\n<p>FCC-leder Brendan Carr sluttet seg til kritikken:<\/p>\n<p>\u2013 Nok en gang b\u00f8telegger Europa et vellykket amerikansk teknologiselskap fordi det er et vellykket amerikansk teknologiselskap. Europa beskatter amerikanere for \u00e5 subsidiere et kontinent holdt tilbake av sine egne kvelende reguleringer.<\/p>\n<p><strong>EU: X villedet brukere med verifikasjonsmerket<\/strong><\/p>\n<p>EU-kommisjonens pressemelding utdypet bakgrunnen for boten. If\u00f8lge kommisjonen f\u00f8rer ordningen der brukere kan kj\u00f8pe bl\u00e5tt verifikasjonsmerke uten reell identitetskontroll til at folk blir villedet. Dette gj\u00f8r det vanskelig \u00e5 bed\u00f8mme om kontoer er ekte, og \u00f8ker risikoen for svindel og manipulasjon.<\/p>\n<p>Kommisjonen kritiserte ogs\u00e5 annonsearkivet p\u00e5 X, som de mener ikke oppfyller kravene til \u00e5penhet og tilgjengelighet. De understreker at slike systemer er avgj\u00f8rende for forskere og sivilsamfunnet for \u00e5 kunne avdekke svindel, trusselkampanjer, informasjonsoperasjoner og falske annonser.<\/p>\n<p>I respons har X n\u00e5 sletter annonse-kontoen til EU-kommisjonen.<\/p>\n<blockquote class=\"twitter-tweet\">\n<p lang=\"en\" dir=\"ltr\">BREAKING: \ud835\udd4f has terminated the European Commission\u2019s Ad Account.<\/p>\n<p>EU paid to promote its announcement on \ud835\udd4f and used a trick that disguised a link as a video so the ad would get extra reach. They fined \ud835\udd4f for being deceptive while using a deceptive method to push their own ad. <a href=\"https:\/\/t.co\/iRlHHp2NNJ\" rel=\"nofollow\">pic.twitter.com\/iRlHHp2NNJ<\/a><\/p>\n<p>\u2014 DogeDesigner (@cb_doge) <a href=\"https:\/\/twitter.com\/cb_doge\/status\/1997462436476301430?ref_src=twsrc%5Etfw\" rel=\"nofollow noopener\" target=\"_blank\">December 7, 2025<\/a><\/p><\/blockquote>\n<p><script async src=\"https:\/\/platform.twitter.com\/widgets.js\" charset=\"utf-8\"><\/script><\/p>\n","protected":false},"excerpt":{"rendered":"Elon Musk og flere profiler i Trump-administrasjonen retter kraftig kritikk mot EU etter at EU-kommisjonene ga X en&hellip;\n","protected":false},"author":2,"featured_media":106431,"comment_status":"","ping_status":"","sticky":false,"template":"","format":"standard","meta":{"footnotes":""},"categories":[12],"tags":[20,21,129,279,24,25,15,22,23,13,30,28,29,14,16,26,27,42,43,44,45,4882],"class_list":{"0":"post-106430","1":"post","2":"type-post","3":"status-publish","4":"format-standard","5":"has-post-thumbnail","7":"category-verden","8":"tag-breaking-news","9":"tag-breakingnews","10":"tag-elon-musk","11":"tag-eu","12":"tag-featured-news","13":"tag-featurednews","14":"tag-headlines","15":"tag-latest-news","16":"tag-latestnews","17":"tag-news","18":"tag-no","19":"tag-norge","20":"tag-norway","21":"tag-nyheter","22":"tag-overskrifter","23":"tag-top-stories","24":"tag-topstories","25":"tag-verden","26":"tag-world","27":"tag-world-news","28":"tag-worldnews","29":"tag-x"},"share_on_mastodon":{"url":"https:\/\/pubeurope.com\/@no\/115677816769322327","error":""},"_links":{"self":[{"href":"https:\/\/www.europesays.com\/no\/wp-json\/wp\/v2\/posts\/106430","targetHints":{"allow":["GET"]}}],"collection":[{"href":"https:\/\/www.europesays.com\/no\/wp-json\/wp\/v2\/posts"}],"about":[{"href":"https:\/\/www.europesays.com\/no\/wp-json\/wp\/v2\/types\/post"}],"author":[{"embeddable":true,"href":"https:\/\/www.europesays.com\/no\/wp-json\/wp\/v2\/users\/2"}],"replies":[{"embeddable":true,"href":"https:\/\/www.europesays.com\/no\/wp-json\/wp\/v2\/comments?post=106430"}],"version-history":[{"count":0,"href":"https:\/\/www.europesays.com\/no\/wp-json\/wp\/v2\/posts\/106430\/revisions"}],"wp:featuredmedia":[{"embeddable":true,"href":"https:\/\/www.europesays.com\/no\/wp-json\/wp\/v2\/media\/106431"}],"wp:attachment":[{"href":"https:\/\/www.europesays.com\/no\/wp-json\/wp\/v2\/media?parent=106430"}],"wp:term":[{"taxonomy":"category","embeddable":true,"href":"https:\/\/www.europesays.com\/no\/wp-json\/wp\/v2\/categories?post=106430"},{"taxonomy":"post_tag","embeddable":true,"href":"https:\/\/www.europesays.com\/no\/wp-json\/wp\/v2\/tags?post=106430"}],"curies":[{"name":"wp","href":"https:\/\/api.w.org\/{rel}","templated":true}]}}