{"id":106440,"date":"2025-12-07T10:36:18","date_gmt":"2025-12-07T10:36:18","guid":{"rendered":"https:\/\/www.europesays.com\/no\/106440\/"},"modified":"2025-12-07T10:36:18","modified_gmt":"2025-12-07T10:36:18","slug":"politimenn-drept-i-mexico","status":"publish","type":"post","link":"https:\/\/www.europesays.com\/no\/106440\/","title":{"rendered":"Politimenn drept i Mexico"},"content":{"rendered":"\n<p class=\"_lead_o9xde_2 _lead_xtcu6_50 layout-component text-serif-m layout-normal text-serif-l layout-component layout-wide layout-padded _wide_17hqh_1 layout-padded\">Minst tre mennesker er drept, blant dem to politifolk, og seks s\u00e5ret i en eksplosjon utenfor en politistasjon i den meksikanske delstaten Michoacan.<\/p>\n<p><img alt=\"Tre mennesker, blant dem to politifolk, ble drept i l\u00f8rdagens eksplosjon i Michoacan. I forrige m\u00e5ned tente folk lys (bildet) etter at en ordf\u00f8rer i delstaten, Carlos Manzo, var blitt drept.  Foto: Eduardo Verdugo \/ AP \/ NTB\" class=\"_image_qp4xg_65 layout-component layout-wide\" data-fullscreen- data-track-element-type=\"Article image fullscreen\" data-track-name=\"ImageFullscreen\" fetchpriority=\"high\" decoding=\"sync\" loading=\"eager\" height=\"4640\" itemprop=\"image\"  src=\"https:\/\/www.europesays.com\/no\/wp-content\/uploads\/2025\/12\/4a2d0782-570b-484c-8a3e-8e0646548d37\"  style=\"object-position:0% 0%\" width=\"6961\"\/>Tre mennesker, blant dem to politifolk, ble drept i l\u00f8rdagens eksplosjon i Michoacan. I forrige m\u00e5ned tente folk lys (bildet) etter at en ordf\u00f8rer i delstaten, Carlos Manzo, var blitt drept.  Foto: Eduardo Verdugo \/ AP \/ NTB<\/p>\n<ul aria-hidden=\"true\" class=\"_images_ntbth_112\">\n<li><a class=\"_link_ntbth_117\" href=\"https:\/\/www.vg.no\/forfatter\/ntb\" style=\"z-index:1\" title=\"NTB\" rel=\"nofollow noopener\" target=\"_blank\"><img alt=\"Bilde av NTB\" class=\"_image_ntbth_93\" fetchpriority=\"low\" loading=\"lazy\" decoding=\"async\" itemprop=\"image\"  src=\"https:\/\/www.europesays.com\/no\/wp-content\/uploads\/2025\/12\/1765103778_198_c33980b0-5d07-4027-84a1-813f90a7c8d6\"  width=\"480\"\/><\/a><\/li>\n<\/ul>\n<p> Oppdatert s\u00f8ndag 7. desember kl. 05:57     <\/p>\n<p class=\"_paragraph_o9xde_4 _paragraph_xtcu6_10 layout-component text-serif-m layout-normal text-serif-m layout-padded\">Et kj\u00f8ret\u00f8y eksploderte p\u00e5 gaten utenfor stasjonen, opplyser lokale myndigheter.<\/p>\n<p class=\"_paragraph_o9xde_4 _paragraph_xtcu6_10 layout-component text-serif-m layout-normal text-serif-m layout-padded\">\u2013 Sj\u00e5f\u00f8ren d\u00f8de p\u00e5 stedet. To andre d\u00f8de p\u00e5 sykehus, og seks \u00f8vrige ble s\u00e5ret, st\u00e5r det i en uttalelse fra justismyndighetene i delstaten.<\/p>\n<p class=\"_paragraph_o9xde_4 _paragraph_xtcu6_10 layout-component text-serif-m layout-normal text-serif-m layout-padded\">De to som d\u00f8de p\u00e5 sykehus, var politifolk. Levninger etter noen av ofrene ble funnet spredt utover omr\u00e5det etter eksplosjonen, og det oppsto \u00f8deleggelser p\u00e5 bygninger i n\u00e6rheten, uttaler politileder Hector Zepeda i Coahuayana.<\/p>\n<p class=\"_paragraph_o9xde_4 _paragraph_xtcu6_10 layout-component text-serif-m layout-normal text-serif-m layout-padded\">Den f\u00f8derale regjeringen har \u00f8kt sikkerheten i den vestlige delstaten og sendt styrkeforsterkninger dit etter to nylige drap p\u00e5 h\u00f8yt profilerte personer.<\/p>\n<p class=\"_paragraph_o9xde_4 _paragraph_xtcu6_10 layout-component text-serif-m layout-normal text-serif-m layout-padded\">\u2013 Som f\u00f8lge av den f\u00f8derale regjeringens operasjon har mange marinesoldater ankommet. Vi stanset v\u00e5re patruljeringer p\u00e5 grunn av den p\u00e5g\u00e5ende operasjonen, sier Zepeda.<\/p>\n<p class=\"_paragraph_o9xde_4 _paragraph_xtcu6_10 layout-component text-serif-m layout-normal text-serif-m layout-padded\">Han leder en lokal styrke basert p\u00e5 rester av borgerverngrupper som grep til v\u00e5pen mer enn ti \u00e5r siden for \u00e5 forsvare lokalmilj\u00f8et mot narkokartellvirksomhet. Siden ble styrken formalisert av delstaten som lokalpoliti.<\/p>\n<p class=\"_paragraph_o9xde_4 _paragraph_xtcu6_10 layout-component text-serif-m layout-normal text-serif-m layout-padded\">Coahuayana ligger n\u00e6r stillehavskysten og grenser til delstaten Colima, der kartellet Jalisco Nueva Generacion, som st\u00e5r oppf\u00f8rt p\u00e5 USA og Canadas terrorlister, holder til.<\/p>\n<p class=\"_paragraph_o9xde_4 _paragraph_xtcu6_10 layout-component text-serif-m layout-normal text-serif-m layout-padded\">L\u00f8rdagens eksplosjon skjedde idet Michoacans guvern\u00f8r Alfredo Ramirez var i <a href=\"https:\/\/www.vg.no\/tag\/mexico?utm_source=vg-article&amp;utm_medium=auto-tagger&amp;utm_campaign=3pj1pM\" class=\"_link_o9xde_39\" rel=\"nofollow noopener\" target=\"_blank\">Mexico<\/a> by sammen med president Claudia Sheinbaum for \u00e5 feire at det venstreorienterte regjeringspartiet Morena har hatt makten i syv \u00e5r.<\/p>\n","protected":false},"excerpt":{"rendered":"Minst tre mennesker er drept, blant dem to politifolk, og seks s\u00e5ret i en eksplosjon utenfor en politistasjon&hellip;\n","protected":false},"author":2,"featured_media":106441,"comment_status":"","ping_status":"","sticky":false,"template":"","format":"standard","meta":{"footnotes":""},"categories":[12],"tags":[20,21,377,24,25,15,22,23,5881,13,30,28,29,14,16,26,27,42,43,44,45],"class_list":{"0":"post-106440","1":"post","2":"type-post","3":"status-publish","4":"format-standard","5":"has-post-thumbnail","7":"category-verden","8":"tag-breaking-news","9":"tag-breakingnews","10":"tag-drap","11":"tag-featured-news","12":"tag-featurednews","13":"tag-headlines","14":"tag-latest-news","15":"tag-latestnews","16":"tag-mexico","17":"tag-news","18":"tag-no","19":"tag-norge","20":"tag-norway","21":"tag-nyheter","22":"tag-overskrifter","23":"tag-top-stories","24":"tag-topstories","25":"tag-verden","26":"tag-world","27":"tag-world-news","28":"tag-worldnews"},"share_on_mastodon":{"url":"https:\/\/pubeurope.com\/@no\/115677848288949049","error":""},"_links":{"self":[{"href":"https:\/\/www.europesays.com\/no\/wp-json\/wp\/v2\/posts\/106440","targetHints":{"allow":["GET"]}}],"collection":[{"href":"https:\/\/www.europesays.com\/no\/wp-json\/wp\/v2\/posts"}],"about":[{"href":"https:\/\/www.europesays.com\/no\/wp-json\/wp\/v2\/types\/post"}],"author":[{"embeddable":true,"href":"https:\/\/www.europesays.com\/no\/wp-json\/wp\/v2\/users\/2"}],"replies":[{"embeddable":true,"href":"https:\/\/www.europesays.com\/no\/wp-json\/wp\/v2\/comments?post=106440"}],"version-history":[{"count":0,"href":"https:\/\/www.europesays.com\/no\/wp-json\/wp\/v2\/posts\/106440\/revisions"}],"wp:featuredmedia":[{"embeddable":true,"href":"https:\/\/www.europesays.com\/no\/wp-json\/wp\/v2\/media\/106441"}],"wp:attachment":[{"href":"https:\/\/www.europesays.com\/no\/wp-json\/wp\/v2\/media?parent=106440"}],"wp:term":[{"taxonomy":"category","embeddable":true,"href":"https:\/\/www.europesays.com\/no\/wp-json\/wp\/v2\/categories?post=106440"},{"taxonomy":"post_tag","embeddable":true,"href":"https:\/\/www.europesays.com\/no\/wp-json\/wp\/v2\/tags?post=106440"}],"curies":[{"name":"wp","href":"https:\/\/api.w.org\/{rel}","templated":true}]}}