{"id":106448,"date":"2025-12-07T10:43:56","date_gmt":"2025-12-07T10:43:56","guid":{"rendered":"https:\/\/www.europesays.com\/no\/106448\/"},"modified":"2025-12-07T10:43:56","modified_gmt":"2025-12-07T10:43:56","slug":"eurovision-skrev-under-boikott-opprop-har-levert-bidrag-til-mgp","status":"publish","type":"post","link":"https:\/\/www.europesays.com\/no\/106448\/","title":{"rendered":"Eurovision: Skrev under boikott-opprop &#8211; har levert bidrag til MGP"},"content":{"rendered":"\n<p class=\"_lead_o9xde_2 _lead_xtcu6_50 layout-component text-serif-m layout-normal text-serif-l layout-component layout-wide layout-padded _wide_17hqh_1 layout-padded\">Flere norske artister og l\u00e5tskrivere skal ha signert oppropet som oppfordrer NRK til boikott av Israels deltagelse i Eurovision &#8211; samtidig som de har levert bidrag til det kommende Melodi Grand Prix (MGP).<\/p>\n<p><img alt=\"Musikksjef Tarjei Str\u00f8m i Melodi Grand Prix (MGP) Foto: Mattis Sandblad \/ VG\" class=\"_image_qp4xg_65 layout-component layout-wide\" data-fullscreen- data-track-element-type=\"Article image fullscreen\" data-track-name=\"ImageFullscreen\" fetchpriority=\"high\" decoding=\"sync\" loading=\"eager\" height=\"4000\" itemprop=\"image\"  src=\"https:\/\/www.europesays.com\/no\/wp-content\/uploads\/2025\/12\/78af09cd-eeea-4cc7-8bbf-fba2cfe3e99d\"  style=\"object-position:41.791666666666664% 37.3%\" width=\"6000\"\/>Musikksjef Tarjei Str\u00f8m i Melodi Grand Prix (MGP) Foto: Mattis Sandblad \/ VG<\/p>\n<ul aria-hidden=\"true\" class=\"_images_ntbth_112\">\n<li><a class=\"_link_ntbth_117\" href=\"https:\/\/www.vg.no\/forfatter\/stein-oestboe\" style=\"z-index:1\" title=\"Stein \u00d8stb\u00f8\" rel=\"nofollow noopener\" target=\"_blank\"><img alt=\"Bilde av Stein \u00d8stb\u00f8\" class=\"_image_ntbth_93\" fetchpriority=\"low\" loading=\"lazy\" decoding=\"async\" itemprop=\"image\"  src=\"https:\/\/www.europesays.com\/no\/wp-content\/uploads\/2025\/12\/1765104236_193_22e70fc8-5f6d-446c-8991-a91d598e4754\"  width=\"480\"\/><\/a><\/li>\n<\/ul>\n<p> Oppdatert fredag 5. desember kl. 17:05    <\/p>\n<ul class=\"_list_o9xde_3 _list_64s2r_85 _unordered_o9xde_106 text-sans-m\">\n<li class=\"_item_o9xde_30\">Flere norske artister har signert et opprop som ber NRK boikotte Eurovision hvis Israel deltar.<\/li>\n<li class=\"_item_o9xde_30\">Samtidig har noen av de samme artistene levert bidrag til Melodi Grand Prix.<\/li>\n<li class=\"_item_o9xde_30\">Spania, Irland, Nederland og Slovenia trekker seg fra Eurovision i protest mot Israels deltakelse.<\/li>\n<li class=\"_item_o9xde_30\">NRK\u2019s delegasjonsleder Mads T\u00f8rklep er bekymret for polarisering blant norske artister.<\/li>\n<\/ul>\n<p>Vis mer <\/p>\n<p class=\"_paragraph_o9xde_4 _paragraph_xtcu6_10 layout-component text-serif-m layout-normal text-serif-m layout-padded\">Br\u00e5ket rundt <a href=\"https:\/\/www.vg.no\/tag\/eurovision?utm_source=vg-article&amp;utm_medium=auto-tagger&amp;utm_campaign=rrLlmw\" class=\"_link_o9xde_39\" rel=\"nofollow noopener\" target=\"_blank\">Eurovision<\/a> og MGP fortsetter: If\u00f8lge VGs opplysninger er flere navn p\u00e5 oppropet mot NRK som teller over 600 artister, l\u00e5tskrivere og kunstnere fra andre kulturfelt som ogs\u00e5 har levert inn bidrag til Melodi Grand Prix.<\/p>\n<p class=\"_paragraph_o9xde_4 _paragraph_xtcu6_10 layout-component text-serif-m layout-normal text-serif-m layout-padded\">Oppropet oppfordrer NRK til \u00e5 boikotte Eurovision i Wien senere i 2026 dersom Israel deltar.<\/p>\n<p class=\"_paragraph_o9xde_4 _paragraph_xtcu6_10 layout-component text-serif-m layout-normal text-serif-m layout-padded\">Men oppropet n\u00e5dde ikke frem. Rett f\u00f8r helgen ble det klart p\u00e5 EBUs generalforsamling at Israel f\u00e5r anledning til \u00e5 delta.<\/p>\n<p class=\"_paragraph_o9xde_4 _paragraph_xtcu6_10 layout-component text-serif-m layout-normal layout-padded\"><strong class=\"_strong_o9xde_25\">Les ogs\u00e5:<\/strong> <a href=\"https:\/\/www.vg.no\/i\/ln1EeL\" data-track-element-type=\"Link\" data-track-id=\"link:ln1EeL\" class=\"_link_o9xde_39\" rel=\"nofollow noopener\" target=\"_blank\">Israel f\u00e5r lov \u00e5 delta i Eurovision<\/a><\/p>\n<p class=\"_paragraph_o9xde_4 _paragraph_xtcu6_10 layout-component text-serif-m layout-normal text-serif-m layout-padded\">Dermed trakk flere land seg fra konkurransen: Spania, som er en av de fem store og en hovedbidragsyter \u00f8konomisk til Eurovision, Irland, Nederland og Slovenia.<\/p>\n<p class=\"_paragraph_o9xde_4 _paragraph_xtcu6_10 layout-component text-serif-m layout-normal text-serif-m layout-padded\">Islands kringkaster, R\u00daV, gir sitt svar etter et styrem\u00f8te kommende onsdag. De har tidligere \u00e5pnet for en boikott dersom Israel deltar.<\/p>\n<p class=\"_paragraph_o9xde_4 _paragraph_xtcu6_10 layout-component text-serif-m layout-normal text-serif-m layout-padded\">Musikksjef i MGP, Tarjei Str\u00f8m, bekrefter langt p\u00e5 vei at navn p\u00e5 oppropet ogs\u00e5 har levert inn bidrag i \u00e5r.<\/p>\n<p class=\"_paragraph_o9xde_4 _paragraph_xtcu6_10 layout-component text-serif-m layout-normal text-serif-m layout-padded\">\u2013 Det er et lite musikkmilj\u00f8 i Norge. Vi er alle tjent med at vi tar vare p\u00e5 hverandre. Det har kommet inn 1500 l\u00e5ter i \u00e5r og et par av disse navnene g\u00e5r ogs\u00e5 igjen p\u00e5 oppropet. Det sier noe om hvor vanskelig situasjonen er for oss alle, skriver Str\u00f8m i en e-post til VG.<\/p>\n<p class=\"_paragraph_o9xde_4 _paragraph_xtcu6_10 layout-component text-serif-m layout-normal layout-padded\"><strong class=\"_strong_o9xde_25\">Les ogs\u00e5:<\/strong> <a href=\"https:\/\/www.vg.no\/i\/d456MB\" data-track-element-type=\"Link\" data-track-id=\"link:d456MB\" class=\"_link_o9xde_39\" rel=\"nofollow noopener\" target=\"_blank\">Eurovision: Artister oppfordres til boikott<\/a><\/p>\n<p class=\"_paragraph_o9xde_4 _paragraph_xtcu6_10 layout-component text-serif-m layout-normal text-serif-m layout-padded\">Ogs\u00e5 NRKs delegasjonsleder Mads T\u00f8rklep er oppgitt over oppropet.<\/p>\n<p class=\"_paragraph_o9xde_4 _paragraph_xtcu6_10 layout-component text-serif-m layout-normal text-serif-m layout-padded\">\u2013 Dette har vi ikke sett andre steder i Europa. I Sverige var det lansering av artistene denne uken uten at de fikk noe kritikk eller forventninger om \u00e5 ta stilling til en s\u00e5 krevende konflikt, sier T\u00f8rklep til VG.<\/p>\n<p>Dette er oppropet<\/p>\n<p class=\"_paragraph_o9xde_4 _paragraph_xtcu6_10 _paragraph_16v91_10 layout-component text-serif-m layout-normal text-sans-m layout-padded\"><strong class=\"_strong_o9xde_25\"><br \/>Oppfordring til norske artister og l\u00e5tskrivere om \u00e5 boikotte Eurovision i 2026<\/strong><\/p>\n<p class=\"_paragraph_o9xde_4 _paragraph_xtcu6_10 _paragraph_16v91_10 layout-component text-serif-m layout-normal text-sans-m layout-padded\">NRK er \u00e5penbart ikke i stand til \u00e5 ta et tydelig standpunkt mot at Israel kan delta i Eurovision. Folkemordet p\u00e5 Gaza, den p\u00e5g\u00e5ende etniske rensingen p\u00e5 Vestbredden og i Jerusalem og apartheidregimet staten Israel har skapt i hele omr\u00e5det den kontrollerer, er mer enn nok til at boikott er like selvsagt som det var mot Russland etter invasjonen av Ukraina.<\/p>\n<p class=\"_paragraph_o9xde_4 _paragraph_xtcu6_10 _paragraph_16v91_10 layout-component text-serif-m layout-normal text-sans-m layout-padded\">N\u00e5 hviler ansvaret desto mer p\u00e5 norske artister og l\u00e5tskrivere. Uten artistdeltagelse og uten en sang skrevet av mennesker, vil ikke Norge kunne stille. Dette oppropet tar til orde for at norske artister og opphavsfolk nekter \u00e5 levere noe til konkurransen.<\/p>\n<p class=\"_paragraph_o9xde_4 _paragraph_xtcu6_10 _paragraph_16v91_10 layout-component text-serif-m layout-normal text-sans-m layout-padded\">Andre lands kringkastingsselskap, som Nederlands NPO, Irlands RTE, Slovenias RTV, Islands RUV og Spanias RTVE har varslet at de vil boikotte, eller vurderer \u00e5 trekke seg fra konkurransen i 2026, dersom Israel f\u00e5r delta, men NRK forholder seg forel\u00f8pig passiv og \u00abn\u00f8ytral\u00bb i saken.<\/p>\n<p class=\"_paragraph_o9xde_4 _paragraph_xtcu6_10 _paragraph_16v91_10 layout-component text-serif-m layout-normal text-sans-m layout-padded\">P\u00e5standen om at Eurovision er upolitisk, har ingen rot i virkeligheten.\u00a0<\/p>\n<p class=\"_paragraph_o9xde_4 _paragraph_xtcu6_10 _paragraph_16v91_10 layout-component text-serif-m layout-normal text-sans-m layout-padded\">Bare det faktum at en stat som befinner seg utenfor Europa f\u00e5r delta, mens folket det okkuperer holdes utenfor, er et tydelig uttrykk for en kolonialistisk politikk, og det \u00e5 avst\u00e5 fra \u00e5 boikotte Israel er ogs\u00e5 et politisk standpunkt. Det har alltid v\u00e6rt islett av politikk i konkurransen, som for eksempel da Norge stilte med \u00abS\u00e1miid \u00c6dnan\u00bb i 1980 og med \u00abBrandenburger Tor\u00bb i 1990, og da Tysklands bidrag het \u00abEin Bi\u00dfchen Frieden\u00bb i 1982. Det var ogs\u00e5 en politisk handling \u00e5 boikotte Russland etter invasjonen i 2022, og flere land har gjennom \u00e5rene pakket politiske meldinger inn p\u00e5 subtilt vis gjennom bruk av symboler i tekstene og visuelle effekter i sceneshowet.<\/p>\n<p class=\"_paragraph_o9xde_4 _paragraph_xtcu6_10 _paragraph_16v91_10 layout-component text-serif-m layout-normal text-sans-m layout-padded\">To \u00e5r med et vestlig tilrettelagt og livestreamet folkemord i Gaza, og annektering og etnisk rensing av Vestbredden, har vist oss at det er opp til hver og en av oss \u00e5 handle. N\u00e5r alle strukturer feiler i \u00e5 beskytte menneskeverdet, koker det ned til enkeltmenneskets moral, og evne til \u00e5 st\u00e5 opp mot urett.\u00a0<\/p>\n<p class=\"_paragraph_o9xde_4 _paragraph_xtcu6_10 _paragraph_16v91_10 layout-component text-serif-m layout-normal text-sans-m layout-padded\">Vi som undertegner dette oppropet, oppfordrer alle norske artister og l\u00e5tskrivere til \u00e5 boikotte konkurransen dersom ikke Israel holdes utenfor Eurovision Song Contest.<\/p>\n<p>Vis mer<\/p>\n<p class=\"_paragraph_o9xde_4 _paragraph_xtcu6_10 layout-component text-serif-m layout-normal text-serif-m layout-padded\">\u2013 Vi er bekymret for hvordan dette oppropet skaper polarisering. Artister og l\u00e5tskrivere i Norge st\u00e5r i en t\u00f8ff bransje. De skal ikke m\u00e5tte b\u00e6re moralske byrder som g\u00e5r langt utover deres rolle, mener Mads T\u00f8rklep.<\/p>\n<p class=\"_paragraph_o9xde_4 _paragraph_xtcu6_10 layout-component text-serif-m layout-normal layout-padded\"><strong class=\"_strong_o9xde_25\">Les ogs\u00e5:<\/strong> <a href=\"https:\/\/www.vg.no\/i\/bOKGoq\" data-track-element-type=\"Link\" data-track-id=\"link:bOKGoq\" class=\"_link_o9xde_39\" rel=\"nofollow noopener\" target=\"_blank\">Klagestorm mot NRK etter Israel-avgj\u00f8relse<\/a><\/p>\n<p class=\"_paragraph_o9xde_4 _paragraph_xtcu6_10 layout-component text-serif-m layout-normal text-serif-m layout-padded\"><strong class=\"_strong_o9xde_25\">\u2013 Navnene som har sendt inn bidrag og samtidig har signert oppropet; risikerer de sanksjoner?<\/strong><\/p>\n<p class=\"_paragraph_o9xde_4 _paragraph_xtcu6_10 layout-component text-serif-m layout-normal text-serif-m layout-padded\">\u2013 Nei, tvert imot. Vi anerkjenner jo det dilemmaet artistene st\u00e5r i. Det er et polarisert ordskifte og muligens opplever noen et press om \u00e5 signere fordi vi alle kjenner jo p\u00e5 hvor viktig saken er &#8211; alle \u00f8nsker fred i Midt\u00f8sten og slutt p\u00e5 lidelsene vi ser. Men det sier noe om kompleksiteten n\u00e5r noen artister st\u00e5r b\u00e5de p\u00e5 oppropslisten og listen over innsendte bidrag, sier T\u00f8rklep.<\/p>\n<p class=\"_paragraph_o9xde_4 _paragraph_xtcu6_10 layout-component text-serif-m layout-normal text-serif-m layout-padded\">\u00c5rets Eurovision arrangeres den 12, 14. og 16. mai 2026 i den \u00f8sterrikske hovedstaden Wien under slagordet \u00abUnited By Music\u00bb.<\/p>\n","protected":false},"excerpt":{"rendered":"Flere norske artister og l\u00e5tskrivere skal ha signert oppropet som oppfordrer NRK til boikott av Israels deltagelse i&hellip;\n","protected":false},"author":2,"featured_media":106449,"comment_status":"","ping_status":"","sticky":false,"template":"","format":"standard","meta":{"footnotes":""},"categories":[12],"tags":[20,21,2513,24,25,15,22,23,11983,13,30,28,29,14,16,9175,26,27,42,43,44,45],"class_list":{"0":"post-106448","1":"post","2":"type-post","3":"status-publish","4":"format-standard","5":"has-post-thumbnail","7":"category-verden","8":"tag-breaking-news","9":"tag-breakingnews","10":"tag-eurovision","11":"tag-featured-news","12":"tag-featurednews","13":"tag-headlines","14":"tag-latest-news","15":"tag-latestnews","16":"tag-melodi-grand-prix","17":"tag-news","18":"tag-no","19":"tag-norge","20":"tag-norway","21":"tag-nyheter","22":"tag-overskrifter","23":"tag-tarjei-strom","24":"tag-top-stories","25":"tag-topstories","26":"tag-verden","27":"tag-world","28":"tag-world-news","29":"tag-worldnews"},"share_on_mastodon":{"url":"https:\/\/pubeurope.com\/@no\/115677879788284426","error":""},"_links":{"self":[{"href":"https:\/\/www.europesays.com\/no\/wp-json\/wp\/v2\/posts\/106448","targetHints":{"allow":["GET"]}}],"collection":[{"href":"https:\/\/www.europesays.com\/no\/wp-json\/wp\/v2\/posts"}],"about":[{"href":"https:\/\/www.europesays.com\/no\/wp-json\/wp\/v2\/types\/post"}],"author":[{"embeddable":true,"href":"https:\/\/www.europesays.com\/no\/wp-json\/wp\/v2\/users\/2"}],"replies":[{"embeddable":true,"href":"https:\/\/www.europesays.com\/no\/wp-json\/wp\/v2\/comments?post=106448"}],"version-history":[{"count":0,"href":"https:\/\/www.europesays.com\/no\/wp-json\/wp\/v2\/posts\/106448\/revisions"}],"wp:featuredmedia":[{"embeddable":true,"href":"https:\/\/www.europesays.com\/no\/wp-json\/wp\/v2\/media\/106449"}],"wp:attachment":[{"href":"https:\/\/www.europesays.com\/no\/wp-json\/wp\/v2\/media?parent=106448"}],"wp:term":[{"taxonomy":"category","embeddable":true,"href":"https:\/\/www.europesays.com\/no\/wp-json\/wp\/v2\/categories?post=106448"},{"taxonomy":"post_tag","embeddable":true,"href":"https:\/\/www.europesays.com\/no\/wp-json\/wp\/v2\/tags?post=106448"}],"curies":[{"name":"wp","href":"https:\/\/api.w.org\/{rel}","templated":true}]}}