{"id":106461,"date":"2025-12-07T10:59:16","date_gmt":"2025-12-07T10:59:16","guid":{"rendered":"https:\/\/www.europesays.com\/no\/106461\/"},"modified":"2025-12-07T10:59:16","modified_gmt":"2025-12-07T10:59:16","slug":"nar-den-fjerde-statsmakt-vender-blikket-bort","status":"publish","type":"post","link":"https:\/\/www.europesays.com\/no\/106461\/","title":{"rendered":"N\u00e5r den fjerde statsmakt vender blikket bort"},"content":{"rendered":"\n<p class=\"_prefix_nfjwc_1 layout-padded\">Meninger<br \/>Unge meninger<\/p>\n<p class=\"_lead_o9xde_2 _lead_xtcu6_50 layout-component text-serif-m layout-normal text-serif-l _lead_1eue0_21 layout-component layout-normal layout-padded layout-padded\">NRKs kringkastningssjef Vibeke F\u00fcrst Haugen vil st\u00e5 igjen i norsk offentlighet som noe mer enn en leder som tok et valg om en TV-konkurranse.<\/p>\n<p><img decoding=\"async\" class=\"_image_1pdwo_15\" itemprop=\"image\" loading=\"lazy\"  src=\"https:\/\/www.europesays.com\/no\/wp-content\/uploads\/2025\/12\/6d466c2e-018f-4384-8a10-4870007c8490\"  width=\"40\"\/><strong>Sebastian William Kj\u00e6r<\/strong><\/p>\n<p class=\"_description_1pdwo_10 text-sans-s\">Markedsf\u00f8rer<\/p>\n<p><img alt=\"ISRAELS DELTAGER: Sangeren Yuval Raphael fra Israel holder det nasjonale flagget under en generalpr\u00f8ve f\u00f8r finalen i den 69. Eurovision Song Contest, 16. mai 2025, i Basel i Sveits.  Foto: Martin Meissner \/ AP \/ NTB\" class=\"_image_qp4xg_65 layout-component layout-wide\" data-fullscreen- data-track-element-type=\"Article image fullscreen\" data-track-name=\"ImageFullscreen\" fetchpriority=\"high\" decoding=\"sync\" loading=\"eager\" height=\"2672\" itemprop=\"image\"  src=\"https:\/\/www.europesays.com\/no\/wp-content\/uploads\/2025\/12\/c1e8e3d2-429b-429c-9c01-6861fbf8bf22\"  style=\"object-position:51.197306061361935% 50.48652694610778%\" width=\"4009\"\/>ISRAELS DELTAGER: Sangeren Yuval Raphael fra Israel holder det nasjonale flagget under en generalpr\u00f8ve f\u00f8r finalen i den 69. Eurovision Song Contest, 16. mai 2025, i Basel i Sveits.  Foto: Martin Meissner \/ AP \/ NTBFredag 5. desember kl. 21:00     <\/p>\n<p class=\"_paragraph_o9xde_4 _paragraph_xtcu6_10 layout-component text-serif-m layout-normal text-serif-m layout-padded\">Hun vil bli husket som personen som sa at \u00abtiltakene som n\u00e5 iverksettes er tilstrekkelig for at vi kan g\u00e5 videre med konkurransen neste \u00e5r\u00bb, mens barn ble b\u00e5ret ut av ruinene i Gaza.<\/p>\n<p class=\"_paragraph_o9xde_4 _paragraph_xtcu6_10 layout-component text-serif-m layout-normal text-serif-m layout-padded\"><strong class=\"_strong_o9xde_25\">Ordene hennes er tekniske og dempede. Virkeligheten hun omtaler er det motsatte.<\/strong><\/p>\n<p class=\"_paragraph_o9xde_4 _paragraph_xtcu6_10 layout-component text-serif-m layout-normal text-serif-m layout-padded\">N\u00e5r titusenvis av sivile er drept, og n\u00e5r verdens humanit\u00e6re organisasjoner beskriver situasjonen som katastrofal, skulle man tro at det var nok til at <a href=\"https:\/\/www.vg.no\/tag\/nrk?utm_source=vg-article&amp;utm_medium=auto-tagger&amp;utm_campaign=2p1G9x\" class=\"_link_o9xde_39\" rel=\"nofollow noopener\" target=\"_blank\">NRK<\/a> tok et moralsk standpunkt. <\/p>\n<p class=\"_paragraph_o9xde_4 _paragraph_xtcu6_10 layout-component text-serif-m layout-normal text-serif-m layout-padded\">Men n\u00e5r dette ikke er nok, da handler det ikke lenger om Eurovision.<\/p>\n<p class=\"_paragraph_o9xde_4 _paragraph_xtcu6_10 layout-component text-serif-m layout-normal text-serif-m layout-padded\">Det handler om hvilke prinsipper et statlig kringkastingsselskap skal st\u00e5 for. Det handler om Norges moralske kompass.<\/p>\n<p><img alt=\"F\u00c5TT MANGE KLAGER: NRK vil ikke boikotte Eurovision. N\u00e5 har Kringkastingsr\u00e5det mottatt 240 klager p\u00e5 under et d\u00f8gn. Kringkastingssjef Vibeke F\u00fcrst Haugen sier det ikke er NRKs oppgave \u00e5 ta side.  Foto: Hallgeir V\u00e5genes \/ VG\" class=\"_image_qp4xg_65 layout-component layout-normal\" data-fullscreen- data-track-element-type=\"Article image fullscreen\" data-track-name=\"ImageFullscreen\" decoding=\"async\" loading=\"lazy\" height=\"4000\" itemprop=\"image\"  src=\"https:\/\/www.europesays.com\/no\/wp-content\/uploads\/2025\/12\/ee9a2deb-5b31-432a-a33a-45a405b1f885\"  style=\"object-position:48.44166666666666% 48.0125%\" width=\"6000\"\/>F\u00c5TT MANGE KLAGER: NRK vil ikke boikotte Eurovision. N\u00e5 har Kringkastingsr\u00e5det mottatt 240 klager p\u00e5 under et d\u00f8gn. Kringkastingssjef Vibeke F\u00fcrst Haugen sier det ikke er NRKs oppgave \u00e5 ta side.  Foto: Hallgeir V\u00e5genes \/ VG<\/p>\n<p class=\"_paragraph_o9xde_4 _paragraph_xtcu6_10 layout-component text-serif-m layout-normal text-serif-m layout-padded\">Nordmenn har alltid v\u00e6rt stolte av en grunnleggende verdi: Empati.<\/p>\n<p class=\"_paragraph_o9xde_4 _paragraph_xtcu6_10 layout-component text-serif-m layout-normal text-serif-m layout-padded\">En vilje til \u00e5 se andres lidelse som v\u00e5r egen. Kong Harald uttrykte dette p\u00e5 sitt vis da han beskrev Norge som et fellesskap der alle mennesker, uansett hvem de er, h\u00f8rer til.<\/p>\n<p class=\"_paragraph_o9xde_4 _paragraph_xtcu6_10 layout-component text-serif-m layout-normal text-serif-m layout-padded\">Det handlet om varme. Om menneskelighet. Om ansvar.<\/p>\n<p class=\"_paragraph_o9xde_4 _paragraph_xtcu6_10 layout-component text-serif-m layout-normal text-serif-m layout-padded\"><strong class=\"_strong_o9xde_25\">Det er nettopp dette ansvaret NRK n\u00e5 vender seg bort fra.<\/strong><\/p>\n<p class=\"_paragraph_o9xde_4 _paragraph_xtcu6_10 layout-component text-serif-m layout-normal text-serif-m layout-padded\">Mange vil si at dette ikke er s\u00e5 alvorlig. At Eurovision bare er underholdning. At livet g\u00e5r videre.<\/p>\n<p class=\"_paragraph_o9xde_4 _paragraph_xtcu6_10 layout-component text-serif-m layout-normal text-serif-m layout-padded\"> Men historien viser oss at det ofte er nettopp i de tilsynelatende sm\u00e5 valgene at et samfunn avsl\u00f8rer hvem det \u00f8nsker \u00e5 v\u00e6re. <\/p>\n<p><img alt=\"SKADET I ISRAELSK ANGREP: Ni \u00e5r gamle Rateb Mahmoud Qaliq er opprinnelig fra en beduinlandsby i Nord-Gaza. N\u00e5 er han fordrevet sammen med bestefaren sin. Rateb mistet moren og broren etter et israelsk bombeangrep i Khan Yunis 28. juni 2025. Han m\u00e5tte amputere sin h\u00f8yre fot etter angrepet. Han bruker krykker i stedet for en d\u00e5rlig tilpasset benprotese mens han leker med venner p\u00e5 en UNRWA-skole som fungerer som tilfluktssted i Deir al-Balah. Dette bildet er tatt 3. desember i \u00e5r.  Foto: BASHAR TALEB \/ AFP \/ NTB\" class=\"_image_qp4xg_65 layout-component layout-normal\" data-fullscreen- data-track-element-type=\"Article image fullscreen\" data-track-name=\"ImageFullscreen\" decoding=\"async\" loading=\"lazy\" height=\"3466\" itemprop=\"image\"  src=\"https:\/\/www.europesays.com\/no\/wp-content\/uploads\/2025\/12\/9c593089-b022-4d72-8990-d1f98d12750f\"  style=\"object-position:52.30813618003462% 54.16907097518754%\" width=\"5199\"\/>SKADET I ISRAELSK ANGREP: Ni \u00e5r gamle Rateb Mahmoud Qaliq er opprinnelig fra en beduinlandsby i Nord-Gaza. N\u00e5 er han fordrevet sammen med bestefaren sin. Rateb mistet moren og broren etter et israelsk bombeangrep i Khan Yunis 28. juni 2025. Han m\u00e5tte amputere sin h\u00f8yre fot etter angrepet. Han bruker krykker i stedet for en d\u00e5rlig tilpasset benprotese mens han leker med venner p\u00e5 en UNRWA-skole som fungerer som tilfluktssted i Deir al-Balah. Dette bildet er tatt 3. desember i \u00e5r.  Foto: BASHAR TALEB \/ AFP \/ NTB<\/p>\n<p class=\"_paragraph_o9xde_4 _paragraph_xtcu6_10 layout-component text-serif-m layout-normal text-serif-m layout-padded\">Derfor er NRKs beslutning s\u00e5 alvorlig.<\/p>\n<p class=\"_paragraph_o9xde_4 _paragraph_xtcu6_10 layout-component text-serif-m layout-normal text-serif-m layout-padded\">N\u00e5r en statskanal deltar i en konkurranse der en deltakerstat er anklaget for grove brudd p\u00e5 menneskeverdet, sender man et signal, uansett om man vil eller ikke.<\/p>\n<p class=\"_paragraph_o9xde_4 _paragraph_xtcu6_10 layout-component text-serif-m layout-normal text-serif-m layout-padded\">Et signal om at barn som d\u00f8r kan skyves til side s\u00e5 lenge lyset p\u00e5 scenen skinner sterkt nok.<\/p>\n<p><img alt=\"HEIAGJENG: Israelske fans heier p\u00e5 Yuval Raphael fra Israel etter at hun opptr\u00e5dte i semifinalen i den 69. Eurovision Song Contest i Basel i Sveits. Raphael var til stede p\u00e5\u00a0Supernova Sukkot Gathering-musikkfestivalen i\u00a0Re\u2019im\u00a0den 7. oktober 2023, da\u00a0Hamas-militante\u00a0angrep festivalen. Hun gjemte seg i et tilfluktsrom n\u00e6r kibbutzen Be\u2019eri sammen med 50 andre personer og p\u00e5dro seg splintskader fra granater som ble kastet inn i rommet.\u00a0  Foto: Martin Meissner \/ AP \/ NTB\" class=\"_image_qp4xg_65 layout-component layout-normal\" data-fullscreen- data-track-element-type=\"Article image fullscreen\" data-track-name=\"ImageFullscreen\" decoding=\"async\" loading=\"lazy\" height=\"3630\" itemprop=\"image\"  src=\"https:\/\/www.europesays.com\/no\/wp-content\/uploads\/2025\/12\/8e497434-8d01-4515-81e4-235a34f6f806\"  style=\"object-position:0% 0%\" width=\"5445\"\/>HEIAGJENG: Israelske fans heier p\u00e5 Yuval Raphael fra Israel etter at hun opptr\u00e5dte i semifinalen i den 69. Eurovision Song Contest i Basel i Sveits. Raphael var til stede p\u00e5\u00a0Supernova Sukkot Gathering-musikkfestivalen i\u00a0Re\u2019im\u00a0den 7. oktober 2023, da\u00a0Hamas-militante\u00a0angrep festivalen. Hun gjemte seg i et tilfluktsrom n\u00e6r kibbutzen Be\u2019eri sammen med 50 andre personer og p\u00e5dro seg splintskader fra granater som ble kastet inn i rommet.\u00a0  Foto: Martin Meissner \/ AP \/ NTB<\/p>\n<p class=\"_paragraph_o9xde_4 _paragraph_xtcu6_10 layout-component text-serif-m layout-normal text-serif-m layout-padded\">Dette valget kunne v\u00e6rt annerledes. Det ville kostet NRK lite \u00e5 si nei.<\/p>\n<p class=\"_paragraph_o9xde_4 _paragraph_xtcu6_10 layout-component text-serif-m layout-normal text-serif-m layout-padded\">Det ville kostet Norge ingenting \u00e5 st\u00e5 opp for menneskeliv.<\/p>\n<p class=\"_paragraph_o9xde_4 _paragraph_xtcu6_10 layout-component text-serif-m layout-normal text-serif-m layout-padded\"><strong class=\"_strong_o9xde_25\">Et slikt nei ville ikke stoppet krigen. <\/strong><\/p>\n<p class=\"_paragraph_o9xde_4 _paragraph_xtcu6_10 layout-component text-serif-m layout-normal text-serif-m layout-padded\"><strong class=\"_strong_o9xde_25\">Men det ville vist at et land som Norge, et land som liker \u00e5 tro at det st\u00e5r for fred, rettferdighet og solidaritet, faktisk mener noe med det.<\/strong><\/p>\n<p class=\"_paragraph_o9xde_4 _paragraph_xtcu6_10 layout-component text-serif-m layout-normal text-serif-m layout-padded\">I stedet velger NRK \u00e5 stille opp, som om ingenting skjer.<\/p>\n<p class=\"_paragraph_o9xde_4 _paragraph_xtcu6_10 layout-component text-serif-m layout-normal text-serif-m layout-padded\">Det er et svik mot rollen kanalen har. Et svik mot fellesskapet. Og et svik mot de grunnleggende verdiene Norge har bygd sitt rykte p\u00e5.<\/p>\n<p class=\"_paragraph_o9xde_4 _paragraph_xtcu6_10 layout-component text-serif-m layout-normal text-serif-m layout-padded\"><strong class=\"_strong_o9xde_25\">Det er lov \u00e5 v\u00e6re uenig. Det er lov \u00e5 mene at dette ikke burde handle om politikk.<\/strong><\/p>\n<p class=\"_paragraph_o9xde_4 _paragraph_xtcu6_10 layout-component text-serif-m layout-normal text-serif-m layout-padded\">Men n\u00e5r en offentlig finansiert kanal ser direkte bort fra et humanit\u00e6rt sammenbrudd av historiske dimensjoner, da m\u00e5 noen si ifra.<\/p>\n<p class=\"_paragraph_o9xde_4 _paragraph_xtcu6_10 layout-component text-serif-m layout-normal text-serif-m layout-padded\">Hvis ikke NRK klarer det selv, burde politikerne gj\u00f8re det.<\/p>\n<p class=\"_paragraph_o9xde_4 _paragraph_xtcu6_10 layout-component text-serif-m layout-normal text-serif-m layout-padded\">For dette handler ikke om musikk. Det handler om menneskeliv. <\/p>\n<p class=\"_paragraph_o9xde_4 _paragraph_xtcu6_10 layout-component text-serif-m layout-normal text-serif-m layout-padded\">Om hvilke handlinger vi som samfunn aksepterer. <\/p>\n<p>      Dette er en kronikk. Kronikken gir uttrykk for skribentens holdning. Du kan sende inn kronikker og debattinnlegg til <a class=\"_link_jv5ak_10\" href=\"https:\/\/www.vg.no\/nyheter\/i\/2p1G9x\/mailto:debatt@vg.no\" rel=\"nofollow noopener\" target=\"_blank\">debatt@vg.no<\/a>. Unge meninger-prosjektet er finansiert med st\u00f8tte av Stiftelsen Tinius. <a class=\"_link_jv5ak_10\" href=\"https:\/\/www.vg.no\/informasjon\/redaksjonelle-avgjorelser\/240\" rel=\"nofollow noopener\" target=\"_blank\">Les mer<\/a>. <\/p>\n","protected":false},"excerpt":{"rendered":"MeningerUnge meninger NRKs kringkastningssjef Vibeke F\u00fcrst Haugen vil st\u00e5 igjen i norsk offentlighet som noe mer enn en&hellip;\n","protected":false},"author":2,"featured_media":106462,"comment_status":"","ping_status":"","sticky":false,"template":"","format":"standard","meta":{"footnotes":""},"categories":[12],"tags":[20,21,2513,24,25,53,15,22,23,13,30,28,29,787,14,16,26,27,42,103,11317,43,44,45],"class_list":{"0":"post-106461","1":"post","2":"type-post","3":"status-publish","4":"format-standard","5":"has-post-thumbnail","7":"category-verden","8":"tag-breaking-news","9":"tag-breakingnews","10":"tag-eurovision","11":"tag-featured-news","12":"tag-featurednews","13":"tag-gaza","14":"tag-headlines","15":"tag-latest-news","16":"tag-latestnews","17":"tag-news","18":"tag-no","19":"tag-norge","20":"tag-norway","21":"tag-nrk","22":"tag-nyheter","23":"tag-overskrifter","24":"tag-top-stories","25":"tag-topstories","26":"tag-verden","27":"tag-vgmeninger","28":"tag-vibeke-furst-haugen","29":"tag-world","30":"tag-world-news","31":"tag-worldnews"},"share_on_mastodon":{"url":"https:\/\/pubeurope.com\/@no\/115677939064415612","error":""},"_links":{"self":[{"href":"https:\/\/www.europesays.com\/no\/wp-json\/wp\/v2\/posts\/106461","targetHints":{"allow":["GET"]}}],"collection":[{"href":"https:\/\/www.europesays.com\/no\/wp-json\/wp\/v2\/posts"}],"about":[{"href":"https:\/\/www.europesays.com\/no\/wp-json\/wp\/v2\/types\/post"}],"author":[{"embeddable":true,"href":"https:\/\/www.europesays.com\/no\/wp-json\/wp\/v2\/users\/2"}],"replies":[{"embeddable":true,"href":"https:\/\/www.europesays.com\/no\/wp-json\/wp\/v2\/comments?post=106461"}],"version-history":[{"count":0,"href":"https:\/\/www.europesays.com\/no\/wp-json\/wp\/v2\/posts\/106461\/revisions"}],"wp:featuredmedia":[{"embeddable":true,"href":"https:\/\/www.europesays.com\/no\/wp-json\/wp\/v2\/media\/106462"}],"wp:attachment":[{"href":"https:\/\/www.europesays.com\/no\/wp-json\/wp\/v2\/media?parent=106461"}],"wp:term":[{"taxonomy":"category","embeddable":true,"href":"https:\/\/www.europesays.com\/no\/wp-json\/wp\/v2\/categories?post=106461"},{"taxonomy":"post_tag","embeddable":true,"href":"https:\/\/www.europesays.com\/no\/wp-json\/wp\/v2\/tags?post=106461"}],"curies":[{"name":"wp","href":"https:\/\/api.w.org\/{rel}","templated":true}]}}