{"id":106503,"date":"2025-12-07T12:09:43","date_gmt":"2025-12-07T12:09:43","guid":{"rendered":"https:\/\/www.europesays.com\/no\/106503\/"},"modified":"2025-12-07T12:09:43","modified_gmt":"2025-12-07T12:09:43","slug":"sves-analysen-lsk-et-perfekt-punktum-pa-en-uslaelig-sesong-romerikes-blad","status":"publish","type":"post","link":"https:\/\/www.europesays.com\/no\/106503\/","title":{"rendered":"Sves-analysen, LSK | Et perfekt punktum p\u00e5 en usl\u00e5elig sesong &#8211; Romerikes Blad"},"content":{"rendered":"<ol>\n<li><a href=\"https:\/\/news.google.com\/rss\/articles\/CBMifkFVX3lxTE1SOF9IcjRLOFZhTGNhcjZxVWZQOFZCM0VVaExxd1Y4djZUTGdaMG9sMkxRNFducm4wS0kxV2VkSDE0Sks0UW1oY2p5NDZlbm92Yl9qUTVpVlVfazRPRGd0ejBmVkZGVkctMWRqOUZ2WXBCWFRTYzJQRTRIQ05MZw?oc=5\" target=\"_blank\" rel=\"nofollow noopener\">Sves-analysen, LSK | Et perfekt punktum p\u00e5 en usl\u00e5elig sesong<\/a>&nbsp;&nbsp;Romerikes Blad<\/li>\n<li><a href=\"https:\/\/news.google.com\/rss\/articles\/CBMiqwFBVV95cUxQMm41V3RCNmZ3aXZ6dFcyOUtWVUNqT1BKZmxraUJxLWIzZ29wQTRQUGVDelBUWGttVDVfck5oTHBGei15c055VUhWY1Fzcm1LNmJBcG45dlVGT3dqTnE2X1F5bmMxb01YcVFxV1Fxc0Nob28zc2E2VktwQVVUNDRXOFVaZDNheDhodmpwekVCZGVEd3RPTzZiQ2xaYTBralQ5bGg4dEJ4OXBOTDg?oc=5\" target=\"_blank\" rel=\"nofollow noopener\">Lillestr\u00f8m kronet dr\u00f8mmesesongen med seier i cupfinalen: \u2013\u2060 Beste f\u00f8lelsen noensinne<\/a>&nbsp;&nbsp;VG<\/li>\n<li><a href=\"https:\/\/news.google.com\/rss\/articles\/CBMikgFBVV95cUxNZjF3SmM2cXdYN2JXOXZGM3B6Q0NXTTlNb0FYNEJ6dXRTQjNPaERxc2k2b0FLdl9ZaDJodFZsa00ta3NBa2tYaDRxQndSZGNoUXdKcXp6ZjlrTmd2bXRWUkRPZjd2ejZ3bGxmZXpLRVMxS3VHWTdNYU04NVp2X2NCdC00MVY5NmllZ01Dc3Q5YUo3QQ?oc=5\" target=\"_blank\" rel=\"nofollow noopener\">40 (!) kamper uten tap: Elleville scener p\u00e5 Ullevaal &#8211; Lillestr\u00f8m er cupmestere!<\/a>&nbsp;&nbsp;TV2.no<\/li>\n<li><a href=\"https:\/\/news.google.com\/rss\/articles\/CBMib0FVX3lxTE5BRF96Q2J5NlhDMF9tQWg0VlNONVNLci11cVBUQXBqdmFpdEVOamlPOVhJejV1M1lSYW01N2laV3dXVXNqdXd4OGRUN29fb2lZcHRnT1lBOGg5WVVsWmp3ckJHNFZOM1BoaW9UT0tFbw?oc=5\" target=\"_blank\" rel=\"nofollow noopener\">Vilt drama: &#8211; Farlig niv\u00e5<\/a>&nbsp;&nbsp;Dagbladet<\/li>\n<li><a href=\"https:\/\/news.google.com\/rss\/articles\/CBMirgFBVV95cUxQZFVoMTU5NkJESVN6QUVvZ2YxN1dqVUhJYnhzSzd5VUt2aW51bW8xSmZUNHVpU2VuZ19zMXR3N2VucjlTTGtSamhNNFp1Wm5qNWluOU5fazd2SGo1T2N3NDJBTndZX2dFSi1wUXlfeF85Ymw3QkJpSXFGUHdvVHdPZFluaWhnQ0JzZ0ZqS2wxb0o2clVQcXJUR2NkenJWNnNKSC1fdVIzWmFmYVVFcFE?oc=5\" target=\"_blank\" rel=\"nofollow noopener\">Cupfinalen: Lillestr\u00f8m slo Sarpsborg 08 \u2013 NRKs eksperter hyller lydniv\u00e5et<\/a>&nbsp;&nbsp;NRK<\/li>\n<\/ol>\n","protected":false},"excerpt":{"rendered":"Sves-analysen, LSK | Et perfekt punktum p\u00e5 en usl\u00e5elig sesong&nbsp;&nbsp;Romerikes Blad Lillestr\u00f8m kronet dr\u00f8mmesesongen med seier i cupfinalen:&hellip;\n","protected":false},"author":2,"featured_media":106504,"comment_status":"","ping_status":"","sticky":false,"template":"","format":"standard","meta":{"footnotes":""},"categories":[5],"tags":[36,20,21,11280,24,25,92,15,19,22,23,1541,17,18,13,30,28,29,14,1533,16,13292,26,27],"class_list":{"0":"post-106503","1":"post","2":"type-post","3":"status-publish","4":"format-standard","5":"has-post-thumbnail","7":"category-overskrifter","8":"tag-art","9":"tag-breaking-news","10":"tag-breakingnews","11":"tag-cupfinalen-2025","12":"tag-featured-news","13":"tag-featurednews","14":"tag-fotball","15":"tag-headlines","16":"tag-hovedoppslag","17":"tag-latest-news","18":"tag-latestnews","19":"tag-lsk","20":"tag-main-news","21":"tag-mainnews","22":"tag-news","23":"tag-no","24":"tag-norge","25":"tag-norway","26":"tag-nyheter","27":"tag-opinion","28":"tag-overskrifter","29":"tag-sves-analysen","30":"tag-top-stories","31":"tag-topstories"},"share_on_mastodon":{"url":"https:\/\/pubeurope.com\/@no\/115678213779783766","error":""},"_links":{"self":[{"href":"https:\/\/www.europesays.com\/no\/wp-json\/wp\/v2\/posts\/106503","targetHints":{"allow":["GET"]}}],"collection":[{"href":"https:\/\/www.europesays.com\/no\/wp-json\/wp\/v2\/posts"}],"about":[{"href":"https:\/\/www.europesays.com\/no\/wp-json\/wp\/v2\/types\/post"}],"author":[{"embeddable":true,"href":"https:\/\/www.europesays.com\/no\/wp-json\/wp\/v2\/users\/2"}],"replies":[{"embeddable":true,"href":"https:\/\/www.europesays.com\/no\/wp-json\/wp\/v2\/comments?post=106503"}],"version-history":[{"count":0,"href":"https:\/\/www.europesays.com\/no\/wp-json\/wp\/v2\/posts\/106503\/revisions"}],"wp:featuredmedia":[{"embeddable":true,"href":"https:\/\/www.europesays.com\/no\/wp-json\/wp\/v2\/media\/106504"}],"wp:attachment":[{"href":"https:\/\/www.europesays.com\/no\/wp-json\/wp\/v2\/media?parent=106503"}],"wp:term":[{"taxonomy":"category","embeddable":true,"href":"https:\/\/www.europesays.com\/no\/wp-json\/wp\/v2\/categories?post=106503"},{"taxonomy":"post_tag","embeddable":true,"href":"https:\/\/www.europesays.com\/no\/wp-json\/wp\/v2\/tags?post=106503"}],"curies":[{"name":"wp","href":"https:\/\/api.w.org\/{rel}","templated":true}]}}