{"id":106519,"date":"2025-12-07T12:22:11","date_gmt":"2025-12-07T12:22:11","guid":{"rendered":"https:\/\/www.europesays.com\/no\/106519\/"},"modified":"2025-12-07T12:22:11","modified_gmt":"2025-12-07T12:22:11","slug":"reddet-regnskog-fra-matproduksjon-na-kan-suksessordningen-ryke-nrk-norge-oversikt-over-nyheter-fra-ulike-deler-av-landet","status":"publish","type":"post","link":"https:\/\/www.europesays.com\/no\/106519\/","title":{"rendered":"Reddet regnskog fra matproduksjon \u2013 n\u00e5 kan \u00absuksessordningen\u00bb ryke \u2013 NRK Norge \u2013 Oversikt over nyheter fra ulike deler av landet"},"content":{"rendered":"<p>I nesten 20 \u00e5r har ordningen bidratt til at maten v\u00e5r ikke avskoger mer av Amazonas.<\/p>\n<p>Den proteinrike soyab\u00f8nnen brukes hovedsakelig som f\u00f4r til dyr og fisk som gir mat til mennesker. Brasil er den st\u00f8rste leverand\u00f8ren av soya til Norge.<\/p>\n<p>Siden 2006 har det v\u00e6rt midlertidig forbud mot soya dyrket p\u00e5 nylig avskogede omr\u00e5der i landet.<\/p>\n<p><strong>\u2013 Ordningen er en kjempesuksess. Det er et av de frivillige virkemidlene som har bidratt til \u00e5 hindre avskoging i veldig stort monn, sier Ingrid Tungen, leder for avskogingsfrie markeder i Regnskogfondet. <\/strong><\/p>\n<p>Det samme sl\u00e5r flere <a href=\"https:\/\/www.researchgate.net\/publication\/346962276_Brazil&#039;s_Amazon_Soy_Moratorium_reduced_deforestation\" ec-id=\"https:\/\/www.researchgate.net\/publication\/346962276_Brazil&#039;s_Amazon_Soy_Moratorium_reduced_deforestation\" ec-name=\"rapporter\" rel=\"nofollow noopener\" target=\"_blank\">rapporter<\/a> fast. Opptil 17.000 kvadratkilometer skog kan v\u00e6re reddet, if\u00f8lge <a href=\"https:\/\/www.theguardian.com\/environment\/2025\/aug\/21\/brazil-authorities-suspend-key-amazon-rainforest-protection-measure\" ec-id=\"https:\/\/www.theguardian.com\/environment\/2025\/aug\/21\/brazil-authorities-suspend-key-amazon-rainforest-protection-measure\" ec-name=\"The Guardian\" rel=\"nofollow noopener\" target=\"_blank\">The Guardian<\/a>.<\/p>\n<p>Det er ikke en garanti for at ingen avskoget soya selges noen steder, understreker Tungen. Men: <\/p>\n<p>\u2013 Det er et veldig godt virkemiddel for \u00e5 hindre ny avskoging.<\/p>\n<p><strong>N\u00e5 kan det imidlertid endres. Ordningen er i fare for \u00e5 svekkes eller forsvinne helt. <\/strong><\/p>\n<p><img decoding=\"async\"   src=\"data:image\/gif;base64,R0lGODlhAQABAIAAAAAAAP\/\/\/yH5BAEAAAAALAAAAAABAAEAAAIBRAA7\" loading=\"eager\" alt=\"Oversiktsbilde av et landskap som viser et kryss mellom \u00e5ker og skog. Til venstre ses brune, bearbeidede \u00e5kre, mens til h\u00f8yre er det tett, gr\u00f8nn skog. En grusvei g\u00e5r diagonalt i bildet, og deler de to landskapene. Sollyset gir et mykt skinn over omr\u00e5det, som indikerer tidlig morgentimer eller sen ettermiddag.\" title=\"Foto: Leo Correa \/ AP \/ NTB\"\/><\/p>\n<p class=\"\">Omr\u00e5de for soyadyrking ved siden av regnskog i Brasil. Tatt i 2019.<\/p>\n<p>Foto: Leo Correa \/ AP \/ NTB<\/p>\n<p>Upopul\u00e6r i mektig bransje<\/p>\n<p>Landbruket i Brasil kan sammenlignes med olja i Norge, sier Marcel Gomes, leder for organisasjonen Reporter Brasil. N\u00e6ringen er sv\u00e6rt viktig for \u00f8konomien.<\/p>\n<p><strong>\u2013 Det er en sektor som har stor innflytelse i samfunnet, sier Gomes. <\/strong><\/p>\n<p>Samtidig er landbruket er en av hoved\u00e5rsakene til avskoging av Amazonas. S\u00e6rlig kuttes tr\u00e6r ned for \u00e5 lage store g\u00e5rder til kj\u00f8ttproduksjon.<\/p>\n<p>Soyaproduksjon har ogs\u00e5 bidratt betydelig \u2013 s\u00e6rlig f\u00f8r forbudet kom p\u00e5 plass. Men ordningen er ikke popul\u00e6r blant alle.<\/p>\n<p><img decoding=\"async\"   src=\"data:image\/gif;base64,R0lGODlhAQABAIAAAAAAAP\/\/\/yH5BAEAAAAALAAAAAABAAEAAAIBRAA7\" loading=\"eager\" alt=\"Mann men m\u00f8rkt h\u00e5r i bl\u00e5 skjorte sitter p\u00e5 en scene. \" title=\"Foto: Milana Knezevic \/ NRK\"\/><\/p>\n<p class=\"\">Marcel Gomes under klimatoppm\u00f8tet i Bel\u00e9m i Brasil. <\/p>\n<p>Foto: Milana Knezevic \/ NRK<\/p>\n<p>Deler av landbruket, b\u00f8nder, n\u00e6ringsliv og politikere har lenge pr\u00f8vd \u00e5 stanse det p\u00e5 flere m\u00e5ter. Kritikere mener ordningen er urettferdig og ulovlig. <\/p>\n<p><strong>\u2013 Staten v\u00e5r har mye rom for vekst, og soyamoratoriet motvirker denne utviklingen, sier Vanderlei Ata\u00eddes til BBC. Han leder foreningen for soyab\u00f8nder i delstaten Par\u00e1.<\/strong><\/p>\n<p>Nylig <a href=\"https:\/\/www.gov.br\/cade\/en\/matters\/news\/cade-imposes-interim-measure-on-soy-moratorium\" ec-id=\"https:\/\/www.gov.br\/cade\/en\/matters\/news\/cade-imposes-interim-measure-on-soy-moratorium\" ec-name=\"\u00e5pnet konkurransetilsynet sak\" rel=\"nofollow noopener\" target=\"_blank\">\u00e5pnet konkurransetilsynet sak<\/a> mot ordningen, og det har v\u00e6rt runder i retten. <\/p>\n<p>Akkurat n\u00e5 forhandles det intenst om ordningens fremtid. Fra januar kan den i praksis kollapse, eller gjenoppst\u00e5 i en annen form. <\/p>\n<p><img decoding=\"async\"   src=\"data:image\/gif;base64,R0lGODlhAQABAIAAAAAAAP\/\/\/yH5BAEAAAAALAAAAAABAAEAAAIBRAA7\" loading=\"eager\" alt=\"Et landbruksomr\u00e5de med soyaplanter er opplyst av solnedgangen.\" title=\"Foto: Diego Vara \/ Reuters \/ NTB\"\/><\/p>\n<p class=\"\">Soya i solnedgang, Rio Grande do Sul delstat. <\/p>\n<p>Foto: Diego Vara \/ Reuters \/ NTB<\/p>\n<p>Frykter kjemikalier i drikkevannet<\/p>\n<p>Watatakalu Yawalapiti er urfolksleder fra delstaten Mato Grosso, Brasils st\u00f8rste soyaprodusent. N\u00e6ringen har rammet deres levesett, forteller hun.<\/p>\n<p><strong>\u2013 Det p\u00e5virker vannkvaliteten i elva. Vi kan ikke drikke vannet lenger p\u00e5 grunn av kjemikaliene, sier hun. <\/strong><\/p>\n<p><img decoding=\"async\"   src=\"data:image\/gif;base64,R0lGODlhAQABAIAAAAAAAP\/\/\/yH5BAEAAAAALAAAAAABAAEAAAIBRAA7\" loading=\"eager\" alt=\"Kvinne med langt sort h\u00e5r i oransje kjole. \" title=\"Foto: Milana Knezevic \/ NRK\"\/><\/p>\n<p class=\"\">Watatakalu Yawalapiti er fra Xingu, det f\u00f8rste urfolksterritoriet som ble anerkjent av brasilianske myndigheter. <\/p>\n<p>Foto: Milana Knezevic \/ NRK<\/p>\n<p>Fiskebestandene minker, forteller hun videre. Det er vanskeligere \u00e5 komme frem med kanoer p\u00e5 grunn av opphoping av jord og sediment i elva. Jaguar og puma kommer tettere p\u00e5 n\u00e5r tr\u00e6rne forsvinner.<\/p>\n<p>\u2013 G\u00e5rdene som er i omr\u00e5dene avskoger alt, sier Yawalapiti.<\/p>\n<p>\u2013 Skogen v\u00e5r er s\u00e5rbar<\/p>\n<p>Amazonas har lenge v\u00e6rt en klimahelt for verden. Skogen har fjernet og lagret CO\u2082. N\u00e5 har det snudd. Den slipper ut mer enn den tar opp. Mye av \u00e5rsaken er avskoging, skriver <a href=\"https:\/\/www.theguardian.com\/environment\/2021\/jul\/14\/amazon-rainforest-now-emitting-more-co2-than-it-absorbs\" ec-id=\"https:\/\/www.theguardian.com\/environment\/2021\/jul\/14\/amazon-rainforest-now-emitting-more-co2-than-it-absorbs\" ec-name=\"The Guardian\" rel=\"nofollow noopener\" target=\"_blank\">The Guardian<\/a>.<\/p>\n<p>Norge bruker mye penger p\u00e5 \u00e5 beskytte regnskogen for \u00e5 bremse klimaendringene, p\u00e5peker Olav Fjeld Kraugerud, seniorr\u00e5dgiver for b\u00e6rekraftig f\u00f4r i Bellona. <\/p>\n<p>\u2013 Hvis moratoriet svekkes og avskogingen \u00f8ker, f\u00e5r man ikke den klimaeffekten man jobber for, sier han.<\/p>\n<p><img decoding=\"async\"   src=\"data:image\/gif;base64,R0lGODlhAQABAIAAAAAAAP\/\/\/yH5BAEAAAAALAAAAAABAAEAAAIBRAA7\" loading=\"eager\" alt=\"En kvinne med langt sort h\u00e5r ser til siden.\" title=\"Foto: Milana Knezevic \/ NRK\"\/><\/p>\n<p class=\"\">Hun er en av lederne i ATIX, en urfolksorganisasjon i Xingu. <\/p>\n<p>Foto: Milana Knezevic \/ NRK<\/p>\n<p>If\u00f8lge Yawalapiti har ogs\u00e5 hverdagen endret seg med klimaet. Det er for varmt til \u00e5 v\u00e6re ute p\u00e5 tidene de er vant til. Vekstsesongen flytter seg. Stormene er intense. Branner antennes og spres raskt.<\/p>\n<p><strong>\u2013 Skogen v\u00e5r er mer s\u00e5rbar, sier hun.<\/strong><\/p>\n<p>Forbrukermakt<\/p>\n<p>NRK har snakket med f\u00f4r-, fisk- og kj\u00f8ttn\u00e6ringen, som sier Norge har rutiner for \u00e5 sikre fortsatt avskogingsfri soya.<\/p>\n<p>F\u00f4rprodusenten Denofa viser blant annet til all deres soya kan spores. De f\u00f8lger ogs\u00e5 andre ordninger mot avskoging. De h\u00e5per likevel at forbudet overlever.<\/p>\n<p><strong>\u2013 Det er viktig for \u00e5 peke p\u00e5 at det eksisterer en ettersp\u00f8rsel og betalingsvilje for ansvarlig dyrket soya, sier Hege Rivedal \u00d8degaard, direkt\u00f8r for kvalitet, b\u00e6rekraft og utvikling.<\/strong><\/p>\n<p>Brasiliansk soya selges i dag verden rundt. Det er soyakj\u00f8pere i land utenfor Europa som ikke stiller de samme kravene som som norske selskap. Dette utgj\u00f8r betydelige mengder, sier Kraugerud i Bellona.<\/p>\n<p>\u2013 Alt henger sammen. Hvis Norge kj\u00f8per den gode, avskogningsfrie soyaen, er det fortsatt behov for mye soya i verden. Det kan bli dekket fra avskogede omr\u00e5der, dersom det ikke sikres en enighet om avskogingsfri soya.<\/p>\n<p>Fremover trengs det press fra n\u00e6ringen, politikere og sivilsamfunnet mener Regnskogfondet. Forbrukermakt kan ogs\u00e5 bidra, mener Tungen. <\/p>\n<p><strong>\u2013 Hvis forbrukere i Europa og andre steder sier klart ifra at de ikke vil ha soya som kommer fra avskoging fordi det truer regnskogen og hele v\u00e5r eksistens, s\u00e5 kan det ha en stor effekt, sier hun.<\/strong><\/p>\n<p><img decoding=\"async\"   src=\"data:image\/gif;base64,R0lGODlhAQABAIAAAAAAAP\/\/\/yH5BAEAAAAALAAAAAABAAEAAAIBRAA7\" loading=\"eager\" alt=\"Bilde fra lufta. P\u00e5 h\u00f8yre side er det regnskog. P\u00e5 venstre side er det soya-avlinger. \" title=\"Foto: Folhapress\"\/><\/p>\n<p class=\"\">Regnskog til h\u00f8yre, soya til venstre, i delstaten Par\u00e1 i Brasil. Bildet har Regnskogfondet delt med NRK. <\/p>\n<p>Foto: Folhapress<\/p>\n<p>Publisert<\/p>\n<p>07.12.2025, kl. 12.18<\/p>\n","protected":false},"excerpt":{"rendered":"I nesten 20 \u00e5r har ordningen bidratt til at maten v\u00e5r ikke avskoger mer av Amazonas. Den proteinrike&hellip;\n","protected":false},"author":2,"featured_media":106520,"comment_status":"","ping_status":"","sticky":false,"template":"","format":"standard","meta":{"footnotes":""},"categories":[10],"tags":[20,21,24,25,15,22,23,13,30,28,29,14,16,26,27],"class_list":{"0":"post-106519","1":"post","2":"type-post","3":"status-publish","4":"format-standard","5":"has-post-thumbnail","7":"category-norge","8":"tag-breaking-news","9":"tag-breakingnews","10":"tag-featured-news","11":"tag-featurednews","12":"tag-headlines","13":"tag-latest-news","14":"tag-latestnews","15":"tag-news","16":"tag-no","17":"tag-norge","18":"tag-norway","19":"tag-nyheter","20":"tag-overskrifter","21":"tag-top-stories","22":"tag-topstories"},"share_on_mastodon":{"url":"https:\/\/pubeurope.com\/@no\/115678264931262177","error":""},"_links":{"self":[{"href":"https:\/\/www.europesays.com\/no\/wp-json\/wp\/v2\/posts\/106519","targetHints":{"allow":["GET"]}}],"collection":[{"href":"https:\/\/www.europesays.com\/no\/wp-json\/wp\/v2\/posts"}],"about":[{"href":"https:\/\/www.europesays.com\/no\/wp-json\/wp\/v2\/types\/post"}],"author":[{"embeddable":true,"href":"https:\/\/www.europesays.com\/no\/wp-json\/wp\/v2\/users\/2"}],"replies":[{"embeddable":true,"href":"https:\/\/www.europesays.com\/no\/wp-json\/wp\/v2\/comments?post=106519"}],"version-history":[{"count":0,"href":"https:\/\/www.europesays.com\/no\/wp-json\/wp\/v2\/posts\/106519\/revisions"}],"wp:featuredmedia":[{"embeddable":true,"href":"https:\/\/www.europesays.com\/no\/wp-json\/wp\/v2\/media\/106520"}],"wp:attachment":[{"href":"https:\/\/www.europesays.com\/no\/wp-json\/wp\/v2\/media?parent=106519"}],"wp:term":[{"taxonomy":"category","embeddable":true,"href":"https:\/\/www.europesays.com\/no\/wp-json\/wp\/v2\/categories?post=106519"},{"taxonomy":"post_tag","embeddable":true,"href":"https:\/\/www.europesays.com\/no\/wp-json\/wp\/v2\/tags?post=106519"}],"curies":[{"name":"wp","href":"https:\/\/api.w.org\/{rel}","templated":true}]}}