{"id":106525,"date":"2025-12-07T12:25:16","date_gmt":"2025-12-07T12:25:16","guid":{"rendered":"https:\/\/www.europesays.com\/no\/106525\/"},"modified":"2025-12-07T12:25:16","modified_gmt":"2025-12-07T12:25:16","slug":"harry-styles-og-zoe-kravitz-kjaerligheten-blomstrer-i-roma","status":"publish","type":"post","link":"https:\/\/www.europesays.com\/no\/106525\/","title":{"rendered":"Harry Styles og Zo\u00eb Kravitz: Kj\u00e6rligheten blomstrer i Roma"},"content":{"rendered":"<p class=\"kicker \" style=\"\">Harry Styles og Zo\u00eb Kravitz:\u00a0<\/p>\n<p>  Harry Styles og Zo\u00eb Kravitz nyter livet sammen i den italienske hovedstaden.<\/p>\n<p>\n    H\u00c5ND I H\u00c5ND: Det nok s\u00e5 ferske paret g\u00e5r gatelangs i Roma og holder hender. Foto: AGFO\/ NTB\n  <\/p>\n<p>Kj\u00e6rligheten fortsetter \u00e5 blomstre for <a href=\"https:\/\/www.seher.no\/kjendis\/tar-forholdet-et-steg-videre\/83705809\" target=\"_blank\" rel=\"nofollow noopener\">Harry Styles (31) og Zo\u00eb Kravitz (37)<\/a>. Turtelduene tilbringer dagene i Italias hovedstad, Roma, der de ser ut til \u00e5 nyte hverandres selskap.\u00a0<\/p>\n<p>    <a itemprop=\"url\" href=\"https:\/\/www.seher.no\/kjendis\/kilder-forlovet-seg\/83929242\" rel=\"nofollow noopener\" target=\"_blank\"><\/p>\n<p>      <img loading=\"lazy\" decoding=\"async\" src=\"https:\/\/www.europesays.com\/no\/wp-content\/uploads\/2025\/12\/83929248.webp\" width=\"147\" height=\"98\" title=\"Kilder: - Forlovet seg!\" alt=\"\" class=\"lazyload\" style=\"--aspect-ratio-image: 1.50; \"\/><\/p>\n<p>        Kilder: &#8211; Forlovet seg!<\/p>\n<p>    <\/a><\/p>\n<p>Nyheten om at de to hadde funnet tonen, kom i august i \u00e5r etter at de ble\u00a0<a href=\"https:\/\/www.seher.no\/kjendis\/setter-fyr-pa-romanseryktene\/83500426\" target=\"_blank\" rel=\"nofollow noopener\">fotografert h\u00e5nd i h\u00e5nd i Roma<\/a>.\u00a0<\/p>\n<p class=\"font-weight-bold m-font-weight-bold\" data-lab-font_weight=\"font-weight-bold\">Og n\u00e5 ser det alts\u00e5 ut til at paret fortsetter \u00e5 tilbringe tid sammen i byen.\u00a0<\/p>\n<p>          <img loading=\"lazy\" decoding=\"async\" src=\"https:\/\/www.europesays.com\/no\/wp-content\/uploads\/2025\/12\/83929188.webp\" width=\"686\" height=\"1016\" title=\"TURTELDUER: Den siste tiden har Harry og Z\u00f6e blitt avbildet sammen en rekke ganger. Foto: AKGS \/ Backgrid UK \/ NTB\" alt=\"\" class=\"\" style=\"--aspect-ratio-image: 0.68; \"\/><\/p>\n<p>\n          TURTELDUER: Den siste tiden har Harry og Z\u00f6e blitt avbildet sammen en rekke ganger. Foto: AKGS \/ Backgrid UK \/ NTB\n      <\/p>\n<p>Lever et avslappet liv\t<\/p>\n<p>M\u00e5neder etter at de to f\u00f8rst ble sett sammen, bekrefter en kilde til <a href=\"https:\/\/people.com\/inside-harry-styles-zoe-kravitz-roman-rendezvous-exclusive-11859913\" target=\"_blank\" rel=\"nofollow noopener\">People<\/a> n\u00e5 at forholdet mellom den tidligere One Direction-stjernen og skuespilleren er p\u00e5 et bra sted.\u00a0<\/p>\n<p>&#8211; Harry har tilbrakt lange perioder i Roma i \u00e5r. Zo\u00eb har v\u00e6rt med ham flere ganger siden slutten av sommeren, sier kilden til kjendismagasinet.\u00a0<\/p>\n<p>          <img loading=\"lazy\" decoding=\"async\" src=\"https:\/\/www.europesays.com\/no\/wp-content\/uploads\/2025\/12\/83929540.webp\" width=\"686\" height=\"933\" title=\"NYTER: Paret ser ut til \u00e5 nyte privatlivet Romas gater. Foto: AGFO\/ NTB\" alt=\"\" class=\"\" style=\"--aspect-ratio-image: 0.74; \"\/><\/p>\n<p>\n          NYTER: Paret ser ut til \u00e5 nyte privatlivet Romas gater. Foto: AGFO\/ NTB\n      <\/p>\n<p>If\u00f8lge kilden f\u00e5r de to stort sett v\u00e6re i fred n\u00e5r de er i den italienske hovedstaden.<\/p>\n<p>&#8211; De bare g\u00e5r rundt, m\u00f8ter venner og lever et veldig avslappet liv. De har god kjemi.<\/p>\n<p>        NYLIG SINGEL: P\u00e5l \u00abOnkel P\u00bb T\u00f8ien avsl\u00f8rer hvem av \u00abRampenissen\u00bb-meddeltakerne han vil kysse under mistelteinen. Men hans utk\u00e5rede er ikke helt p\u00e5 b\u00f8lgelende. Reporter: Victoria L\u00f8vik\/ Sanne Holt. Video: \u00abBeliggenhet, beliggenhet, beliggenhet\u00bb\/ Viaplay\/ Sanne Holt\/ R\u00f8d L\u00f8per<\/p>\n<p><a href=\"https:\/\/www.seher.no\/kjendis\/tatt-pa-fersken\/83585285\" target=\"_blank\" rel=\"nofollow noopener\">Harry og Zoe ble ogs\u00e5 observert i Roma i september<\/a>. Tidligere samme m\u00e5ned m\u00f8tte de Kravitz&#8217; far, rockelegenden Lenny Kravitz (61), til lunsj i New York, det meldte <a href=\"https:\/\/people.com\/lenny-kravitz-friends-say-he-really-enjoyed-meeting-harry-styles-zoe-kravitz-romance-exclusive-11809000\" target=\"_blank\" rel=\"nofollow noopener\">People<\/a>.\u00a0<\/p>\n<p>&#8211; Hun har ogs\u00e5 introdusert Harry for venner. Dette f\u00f8les som mer enn bare noe uforpliktende, sa en kilde til People den gang.<\/p>\n<p>Lenny skal ha v\u00e6rt positiv til m\u00f8tet med datterens nye flamme.<\/p>\n<p>        STOR P\u00c5 TIKTOK: TV 2-profil Julie Thorsen r\u00f8per hva forloveden synes om alle de intime kommentarene i sosiale medier. Reporter: Victoria L\u00f8vik\/ Sanne Holt. Video: Sanne Holt\/ R\u00f8d L\u00f8per\/ Tiktok\/ @ektejulie\/ Instagram\/ @juliest<\/p>\n<p>&#8211; Han syntes Harry var h\u00f8flig, jordn\u00e6r og genuint interessert i \u00e5 bli kjent med familien, ble det sagt i september.\u00a0<\/p>\n<p>Da paret f\u00f8rst ble\u00a0<a href=\"https:\/\/www.seher.no\/kjendis\/setter-fyr-pa-romanseryktene\/83500426\" target=\"_blank\" rel=\"nofollow noopener\">observert sammen i august<\/a>, ble de fanget p\u00e5 film mens de gikk h\u00e5nd i h\u00e5nd i den italienske hovedstaden.\u00a0<\/p>\n<p>Videoen ble delt p\u00e5 sosiale medier med teksten \u00abn\u00e5r du m\u00f8ter Harry Styles og Zo\u00eb Kravitz i Roma\u00bb, etterfulgt av en sjokkert emoji.<\/p>\n<p>    <a itemprop=\"url\" href=\"https:\/\/www.seher.no\/kjendis\/kreftfri-i-syv-maneder-ny-diagnose\/83928792\" rel=\"nofollow noopener\" target=\"_blank\"><\/p>\n<p>      <img loading=\"lazy\" decoding=\"async\" src=\"https:\/\/www.europesays.com\/no\/wp-content\/uploads\/2025\/12\/82257443.webp\" width=\"980\" height=\"441\" title=\"Kreftfri i syv m\u00e5neder: Ny diagnose\" alt=\"\" class=\"lazyload\" style=\"--aspect-ratio-image: 2.22; \"\/><\/p>\n<p>        Kreftfri i syv m\u00e5neder: Ny diagnose<\/p>\n<p>    <\/a><\/p>\n<p>I samme innlegg beskrev personen hvordan m\u00f8tet utspilte seg. Hun skrev at hun fikk et h\u00f8flig nei da hun spurte Styles om \u00e5 f\u00e5 ta et bilde med ham. <\/p>\n<p>Br\u00f8t forlovelsen\u00a0\t<\/p>\n<p>Til vanlig bor paret i London, det avsl\u00f8rte <a href=\"https:\/\/www.dailymail.co.uk\/tvshowbiz\/article-15178795\/Harry-Styles-Zoe-Kravitz-major-step-relationship.html\" target=\"_blank\" rel=\"nofollow noopener\">Daily Mail<\/a> i oktober.\u00a0<\/p>\n<p>          <img loading=\"lazy\" decoding=\"async\" src=\"https:\/\/www.europesays.com\/no\/wp-content\/uploads\/2025\/12\/83929194.webp\" width=\"686\" height=\"460\" title=\"EKSER: Zo\u00eb har v\u00e6rt forlovet med Channing Tatum. Foto: Alberto Pezzali\/ Invision\/ AP\/ NTB\" alt=\"\" class=\"\" style=\"--aspect-ratio-image: 1.49; \"\/><\/p>\n<p>\n          EKSER: Zo\u00eb har v\u00e6rt forlovet med Channing Tatum. Foto: Alberto Pezzali\/ Invision\/ AP\/ NTB\n      <\/p>\n<p>Zo\u00eb avsluttet forlovelsen med Hollywood-stjernen Channing Tatum (45) i 2024.\u00a0Paret forlovet seg i oktober 2023, men gjorde det slutt i oktober 2024 etter at de \u00abinns\u00e5 at de var p\u00e5 forskjellige stadier i livet\u00bb. <\/p>\n<p>          <img loading=\"lazy\" decoding=\"async\" src=\"https:\/\/www.europesays.com\/no\/wp-content\/uploads\/2025\/12\/83929198.webp\" width=\"686\" height=\"392\" title=\"DATET HARRY: Taylor Russel var i et kortvarig forhold med Harry. Det tok slutt i fjor. Foto: Manuele Mangiarotti\/ ipa\/ NTB\" alt=\"\" class=\"\" style=\"--aspect-ratio-image: 1.75; \"\/><\/p>\n<p>\n          DATET HARRY: Taylor Russel var i et kortvarig forhold med Harry. Det tok slutt i fjor. Foto: Manuele Mangiarotti\/ ipa\/ NTB\n      <\/p>\n<p> Harry p\u00e5 sin side har tidligere v\u00e6rt i et forhold med skuespiller Taylor Russell (31). I mai 2024 bekreftet\u00a0<a href=\"https:\/\/people.com\/harry-styles-taylor-russell-break-up-split-8651072\" rel=\"nofollow noopener\" target=\"_blank\">People\u00a0<\/a>at Harry og Taylor hadde g\u00e5tt hver til sitt &#8211; etter mindre enn ett \u00e5r. <\/p>\n","protected":false},"excerpt":{"rendered":"Harry Styles og Zo\u00eb Kravitz:\u00a0 Harry Styles og Zo\u00eb Kravitz nyter livet sammen i den italienske hovedstaden. H\u00c5ND&hellip;\n","protected":false},"author":2,"featured_media":106526,"comment_status":"","ping_status":"","sticky":false,"template":"","format":"standard","meta":{"footnotes":""},"categories":[58],"tags":[71,3171,479,2543,30,28,29,72,3172],"class_list":{"0":"post-106525","1":"post","2":"type-post","3":"status-publish","4":"format-standard","5":"has-post-thumbnail","7":"category-underholdning","8":"tag-entertainment","9":"tag-harry-styles","10":"tag-kjendis","11":"tag-kjendisdesken","12":"tag-no","13":"tag-norge","14":"tag-norway","15":"tag-underholdning","16":"tag-zoe-kravitz"},"share_on_mastodon":{"url":"https:\/\/pubeurope.com\/@no\/115678276760220509","error":""},"_links":{"self":[{"href":"https:\/\/www.europesays.com\/no\/wp-json\/wp\/v2\/posts\/106525","targetHints":{"allow":["GET"]}}],"collection":[{"href":"https:\/\/www.europesays.com\/no\/wp-json\/wp\/v2\/posts"}],"about":[{"href":"https:\/\/www.europesays.com\/no\/wp-json\/wp\/v2\/types\/post"}],"author":[{"embeddable":true,"href":"https:\/\/www.europesays.com\/no\/wp-json\/wp\/v2\/users\/2"}],"replies":[{"embeddable":true,"href":"https:\/\/www.europesays.com\/no\/wp-json\/wp\/v2\/comments?post=106525"}],"version-history":[{"count":0,"href":"https:\/\/www.europesays.com\/no\/wp-json\/wp\/v2\/posts\/106525\/revisions"}],"wp:featuredmedia":[{"embeddable":true,"href":"https:\/\/www.europesays.com\/no\/wp-json\/wp\/v2\/media\/106526"}],"wp:attachment":[{"href":"https:\/\/www.europesays.com\/no\/wp-json\/wp\/v2\/media?parent=106525"}],"wp:term":[{"taxonomy":"category","embeddable":true,"href":"https:\/\/www.europesays.com\/no\/wp-json\/wp\/v2\/categories?post=106525"},{"taxonomy":"post_tag","embeddable":true,"href":"https:\/\/www.europesays.com\/no\/wp-json\/wp\/v2\/tags?post=106525"}],"curies":[{"name":"wp","href":"https:\/\/api.w.org\/{rel}","templated":true}]}}