{"id":106555,"date":"2025-12-07T13:15:12","date_gmt":"2025-12-07T13:15:12","guid":{"rendered":"https:\/\/www.europesays.com\/no\/106555\/"},"modified":"2025-12-07T13:15:12","modified_gmt":"2025-12-07T13:15:12","slug":"postnord-melder-om-rekordhoyt-antall-pakker-fra-kina","status":"publish","type":"post","link":"https:\/\/www.europesays.com\/no\/106555\/","title":{"rendered":"PostNord melder om rekordh\u00f8yt antall pakker fra Kina"},"content":{"rendered":"<p> \u2013 Bare i november og desember er det flere hundre tusen pakker fra Kina, sier pressesjef Haakon Nikolai Olsen i PostNord til <a href=\"https:\/\/www.nrk.no\/stor-oslo\/nordmenn-kjoper-temu-gaver-som-aldri-for-1.17680854\" rel=\"noopener nofollow\" target=\"_blank\">NRK.<\/a><\/p>\n<p>Kina er det klart st\u00f8rste enkeltlandet for nordmenns utenlandshandel p\u00e5 nett, etterfulgt av Sverige og USA. Olsen sier vi aldri f\u00f8r har handlet mer fra Kina enn n\u00e5.<\/p>\n<p>\u2013 S\u00e5 i \u00e5r blir det nok mange pakker fra b\u00e5de Temu og andre kinesiske akt\u00f8rer under treet, sier Olsen.<\/p>\n<p>En PostNord-unders\u00f8kelse fra i h\u00f8st viste at \u00e9n av tre nordmenn handler p\u00e5 nett fra kinesiske nettbutikker som blant annet Temu og Shein.<\/p>\n<p>Forbrukerr\u00e5det anbefaler \u00e5 ta julehandelen et annet sted enn p\u00e5 Temu.<\/p>\n<p>\u2013 Vi tenker at det er lurt \u00e5 ta julegavehandelen et hvor det er st\u00f8rre sannsynlighet for \u00e5 f\u00e5 b\u00e5de trygge produkter og gode forbrukerrettigheter, sier forbrukerjurist Nora Wennberg Gl\u00f8ersen i Forbrukerr\u00e5det.<\/p>\n<p>\u2013 Du kan v\u00e6re heldig og f\u00e5 noe som fungerer, men risikoen for at varen ikke holder m\u00e5l er absolutt til stede.<\/p>\n","protected":false},"excerpt":{"rendered":"\u2013 Bare i november og desember er det flere hundre tusen pakker fra Kina, sier pressesjef Haakon Nikolai&hellip;\n","protected":false},"author":2,"featured_media":106556,"comment_status":"","ping_status":"","sticky":false,"template":"","format":"standard","meta":{"footnotes":""},"categories":[12],"tags":[20,21,24,25,15,22,23,13,30,28,29,14,16,26,27,42,43,44,45],"class_list":{"0":"post-106555","1":"post","2":"type-post","3":"status-publish","4":"format-standard","5":"has-post-thumbnail","7":"category-verden","8":"tag-breaking-news","9":"tag-breakingnews","10":"tag-featured-news","11":"tag-featurednews","12":"tag-headlines","13":"tag-latest-news","14":"tag-latestnews","15":"tag-news","16":"tag-no","17":"tag-norge","18":"tag-norway","19":"tag-nyheter","20":"tag-overskrifter","21":"tag-top-stories","22":"tag-topstories","23":"tag-verden","24":"tag-world","25":"tag-world-news","26":"tag-worldnews"},"share_on_mastodon":{"url":"https:\/\/pubeurope.com\/@no\/115678473319329237","error":""},"_links":{"self":[{"href":"https:\/\/www.europesays.com\/no\/wp-json\/wp\/v2\/posts\/106555","targetHints":{"allow":["GET"]}}],"collection":[{"href":"https:\/\/www.europesays.com\/no\/wp-json\/wp\/v2\/posts"}],"about":[{"href":"https:\/\/www.europesays.com\/no\/wp-json\/wp\/v2\/types\/post"}],"author":[{"embeddable":true,"href":"https:\/\/www.europesays.com\/no\/wp-json\/wp\/v2\/users\/2"}],"replies":[{"embeddable":true,"href":"https:\/\/www.europesays.com\/no\/wp-json\/wp\/v2\/comments?post=106555"}],"version-history":[{"count":0,"href":"https:\/\/www.europesays.com\/no\/wp-json\/wp\/v2\/posts\/106555\/revisions"}],"wp:featuredmedia":[{"embeddable":true,"href":"https:\/\/www.europesays.com\/no\/wp-json\/wp\/v2\/media\/106556"}],"wp:attachment":[{"href":"https:\/\/www.europesays.com\/no\/wp-json\/wp\/v2\/media?parent=106555"}],"wp:term":[{"taxonomy":"category","embeddable":true,"href":"https:\/\/www.europesays.com\/no\/wp-json\/wp\/v2\/categories?post=106555"},{"taxonomy":"post_tag","embeddable":true,"href":"https:\/\/www.europesays.com\/no\/wp-json\/wp\/v2\/tags?post=106555"}],"curies":[{"name":"wp","href":"https:\/\/api.w.org\/{rel}","templated":true}]}}