{"id":106557,"date":"2025-12-07T13:22:09","date_gmt":"2025-12-07T13:22:09","guid":{"rendered":"https:\/\/www.europesays.com\/no\/106557\/"},"modified":"2025-12-07T13:22:09","modified_gmt":"2025-12-07T13:22:09","slug":"dette-ma-du-vite-om-fredsplanen-for-ukraina-nrk-urix-utenriksnyheter-og-dokumentarer","status":"publish","type":"post","link":"https:\/\/www.europesays.com\/no\/106557\/","title":{"rendered":"Dette m\u00e5 du vite om fredsplanen for Ukraina \u2013 NRK Urix \u2013 Utenriksnyheter og -dokumentarer"},"content":{"rendered":"<p>Saka oppsummert:<\/p>\n<ul>\n<li>Samtalar om ein fredsplan for Ukraina er i gang.<\/li>\n<li>Russland sine krav inkluderer kontroll over ukrainsk territorium, rettar for russiske minoritetar og restriksjonar p\u00e5 Ukraina sitt forsvar og milit\u00e6re samarbeid.<\/li>\n<li>Ukraina krev tryggingsgarantiar, men tilliten til Russland er l\u00e5g grunna brot p\u00e5 tidlegare avtalar.<\/li>\n<li>Ukrainarar \u00f8nsker ein varig fred, men er imot ein avtale som kan bli oppfatta som kapitulasjon.<\/li>\n<\/ul>\n<p>Oppsummeringa er laga av ei KI-teneste fr\u00e5 OpenAI. Innhaldet er kvalitetssikra av NRK sine journalistar f\u00f8r publisering.<\/p>\n<p>Utanriksminister Espen Barth Eide meiner at forhandlingar mellom Ukraina og Russland m\u00e5 vere neste steg.<\/p>\n<p><strong>\u2013 Vi lever jo i den farlegaste tida p\u00e5 80 \u00e5r. Det er krig i Europa. Vi kan ikkje ta for gitt at det ikkje blir verre, seier Eide til NRK.<\/strong><\/p>\n<p>\u2013 No skal vi f\u00f8rst s\u00f8rge for at det blir v\u00e5penkvile og fred i Ukraina, men etter det kjem det ei etterkrigstid. Erfaringa vi har som europearar, er at etterkrigstider varer mykje lenger enn krigen sj\u00f8lv, legg han til.<\/p>\n<p><img decoding=\"async\"   src=\"data:image\/gif;base64,R0lGODlhAQABAIAAAAAAAP\/\/\/yH5BAEAAAAALAAAAAABAAEAAAIBRAA7\" loading=\"eager\" alt=\"Personer sitter ved gravsteder, omgitt av blomster og ukrainiske flagg. De ser ettertenksomme ut, mens noen holder blomster. Det er en seremoni med fokus p\u00e5 minne og sorg. Omgivelsene viser et gravsted dekorert med bilder og blomster. (Bildebeskrivelsen er laget av en KI-tjeneste)\" title=\"Foto: YURIY DYACHYSHYN \/ AFP \/ NTB\"\/><\/p>\n<p class=\"\">To kvinner s\u00f8rger ved gravstadane til ukrainske tenestemenn. <\/p>\n<p>Foto: YURIY DYACHYSHYN \/ AFP \/ NTB<\/p>\n<p>Det er Ukraina si framtid som nasjon som st\u00e5r p\u00e5 spel, if\u00f8lgje oberstl\u00f8ytnant og hovudl\u00e6rar ved Krigsskolen Palle Ydsteb\u00f8.<\/p>\n<p><strong>\u2013 Zelenskyj har spissformulert det: Dersom Russland sluttar \u00e5 sl\u00e5st blir det fred, viss Ukraina sluttar \u00e5 sl\u00e5st er det slutt p\u00e5 Ukraina, seier Ydsteb\u00f8 til NRK. <\/strong><\/p>\n<p>\u2013 Vi kan h\u00e5pe p\u00e5 fred, men eg ser ikkje p\u00e5 det som realistisk, legg han til.<\/p>\n<p><strong>Saka tar opp sp\u00f8rsm\u00e5la:<\/strong><\/p>\n<p>F\u00f8lg utviklinga i Ukraina her:<\/p>\n<p>Den siste tida har USA vore i samtalar med Russland og Ukraina om ein fredsplan.<\/p>\n<p>19. november blei det kjent at <a href=\"https:\/\/www.nrk.no\/nyheter\/1.17659880\" ec-id=\"pp:article:1.17659880\" ec-name=\"USA og Russland hadde samarbeidd om ein fredsplan for Ukraina\" rel=\"nofollow noopener\" target=\"_blank\">USA og Russland hadde samarbeidd om ein fredsplan for Ukraina<\/a>.<\/p>\n<p>Fredsplanen blei skildra som ei russisk \u00ab<a href=\"https:\/\/www.nrk.no\/urix\/senatorer_-ukrainas-fredsplan-er-putins-_onskeliste_-_-usa-avviser-1.17664038\" ec-id=\"pp:article:1.17664038\" ec-name=\"\u00f8nskeliste\" rel=\"nofollow noopener\" target=\"_blank\">\u00f8nskeliste<\/a>\u00bb, som inneheldt 28 punkt.<\/p>\n<p>Ukraina-planen vekte reaksjonar og fekk internasjonal kritikk \u2013 ogs\u00e5 i USA.<\/p>\n<p>S\u00e5 byrja forhandlingane mellom Ukraina og USA.<\/p>\n<p>Dei blei einige om eit <a href=\"https:\/\/www.nrk.no\/urix\/zelenskyj_-forhandlere-drar-hjem-fra-geneve-1.17665475\" ec-id=\"pp:article:1.17665475\" ec-name=\"nytt utkast til ein fredsplan med 19 punkt\" rel=\"nofollow noopener\" target=\"_blank\">nytt utkast til ein fredsplan med 19 punkt<\/a>.<\/p>\n<p>Men planen har framleis detaljar som USA sin president Donald Trump og Ukraina sin president Volodymyr Zelenskyj m\u00e5 forhandle om.<\/p>\n<p>Medan forhandlingane mellom USA og Ukraina heldt fram, gjennomf\u00f8rte Russland <a href=\"https:\/\/www.nrk.no\/urix\/fredsforhandlingene-for-ukraina-fortsetter-1.17666215\" ec-id=\"pp:article:1.17666215\" ec-name=\"angrep mot Ukraina\" rel=\"nofollow noopener\" target=\"_blank\">angrep mot Ukraina<\/a>.<\/p>\n<p>    <img alt=\"En brannmann sprayer vann p\u00e5 gl\u00f8r i en utbrent bygning. R\u00f8yken fyller omr\u00e5det, og det er flere h\u00f8ye bygninger i bakgrunnen. Flere el-ledninger henger ned mot bakken, og det er rester av bygningens struktur synlige. Omgivelsene er preget av svart aske og varme gl\u00f8r. (Bildebeskrivelsen er laget av en KI-tjeneste)\"  loading=\"lazy\"\/><img alt=\"En brannmann i r\u00f8d uniform holder en liten hund. Bakgrunnen viser flere personer og slokningsarbeid. Det er en m\u00f8rk kveldssetting med svake lys fra brannutstyr. Scenen tyder p\u00e5 en redningsaksjon. (Bildebeskrivelsen er laget av en KI-tjeneste)\"  loading=\"lazy\"\/><\/p>\n<p>\u00d8vste bilete er tatt etter eit russisk missil- og droneangrep utanfor hovudstaden Kyiv laurdag 6. desember. Biletet under er tatt utanfor Kyiv like etter eit russisk missilangrep 30. november. <\/p>\n<p>Foto: Thomas Peter \/ Reuters \/ NTB og Efrem Lukatsky \/ AP \/ NTB<\/p>\n<p>I slutten av november var ein delegasjon fr\u00e5 Ukraina p\u00e5 plass i Florida for nye samtalar med USA.<\/p>\n<p>\u2013 Ukraina er innstilt p\u00e5 \u00e5 fortsette det \u00e6rlege arbeidet ned den amerikanske sida for \u00e5 oppn\u00e5 reell fred, sa Zelenskyj etter samtalane.<\/p>\n<p>Fred blir ogs\u00e5 tema n\u00e5r Zelenskyj skal m\u00f8te dei franske, britiske og tyske statsleiarane m\u00e5ndag.<\/p>\n<p><img decoding=\"async\"   src=\"data:image\/gif;base64,R0lGODlhAQABAIAAAAAAAP\/\/\/yH5BAEAAAAALAAAAAABAAEAAAIBRAA7\" loading=\"eager\" alt=\"Fire personer st\u00e5r foran en \u00f8delagt bygning med synlige strukturelle skader. De ser trist ut, og to av dem omfavner hverandre. Omgivelsene er rotete med s\u00f8ppel og bygningmaterialer spredt rundt. Rester av bygningen antyder nylige \u00f8deleggelser, sannsynligvis fra en eksplosjon. (Bildebeskrivelsen er laget av en KI-tjeneste)\" title=\"Foto: Thomas Peter \/ Reuters \/ NTB\"\/><\/p>\n<p class=\"\">Ein familie ser p\u00e5 huset sitt som var r\u00e5ka av eit russisk missil- og droneangrep utanfor Kyiv 6. desember.<\/p>\n<p>Foto: Thomas Peter \/ Reuters \/ NTB<\/p>\n<p>Samtidig har USA hatt samtalar med Russland.<\/p>\n<p>I byrjinga av desember landa USA si spesialutsending Steve Witkoff i Moskva i Russland.<\/p>\n<p>Der m\u00f8tte Witkoff Russland sin president Vladimir Putin, men m\u00f8tet leia ikkje til noko gjennombrot i fredsarbeidet.<\/p>\n<p>USA har hatt samtalar med begge partane, men landet er i hovudsak ein forhandlar med Russland, if\u00f8lgje Iver B. Neumann, direkt\u00f8r ved Fridtjof Nansens Institutt.<\/p>\n<p>\u2013 USA forhandlar f\u00f8rst og fremst direkte med Russland, ein av dei to stridande partane, og er derfor ikkje nokon eigentleg fredsmeklar, seier Neumann til NRK.<\/p>\n<p>\u2013 USA ser vidare ut til \u00e5 vere vel s\u00e5 interessert i eigne forretningsmoglegheiter som \u00e5 skape ein rettferdig og haldbar fred, legg Neumann til.<\/p>\n<p><img decoding=\"async\"   src=\"data:image\/gif;base64,R0lGODlhAQABAIAAAAAAAP\/\/\/yH5BAEAAAAALAAAAAABAAEAAAIBRAA7\" loading=\"eager\" alt=\"En person st\u00e5r foran et amerikansk flagg med gr\u00e5 himmel i bakgrunnen. Vedkommende b\u00e6rer en m\u00f8rk frakk og en r\u00f8d halsduk. Bildet fanger ansiktet i en litt lav vinkel, noe som gir en f\u00f8lelse av autoritet. Det er ingen klar indikasjon p\u00e5 hvor eller n\u00e5r bildet er tatt. (Bildebeskrivelsen er laget av en KI-tjeneste)\" title=\"Foto: Aaron Schwartz \/ Reuters \/ NTB\"\/><\/p>\n<p class=\"\">USA er interessert i eigne forretningsmoglegheiter i fredsarbeidet mellom Ukraina og Russland, if\u00f8lgje Iver B. Neumann, direkt\u00f8r ved Fridtjof Nansens Institutt til NRK.<\/p>\n<p>Foto: Aaron Schwartz \/ Reuters \/ NTB<\/p>\n<p>Neumann forklarar at Russland sine krav har vore dei same sidan krigen braut ut i 2022.<\/p>\n<p>I ein fredsplan vil Russland:<\/p>\n<ul>\n<li>Ha ukrainsk territorium<\/li>\n<li>Spesifisere rettar for det russiske mindretalet i Ukraina<\/li>\n<li>Bestemme kven som regjerer i landet<\/li>\n<li>Sette eit tak p\u00e5 kva slags forsvarsstyrkar Ukraina kan ha<\/li>\n<li>Hindre at Ukraina har framande milit\u00e6re styrkar p\u00e5 russisk territorium<\/li>\n<li>Hindre at Ukraina blir medlem av Nato<\/li>\n<\/ul>\n<p><img decoding=\"async\"   src=\"data:image\/gif;base64,R0lGODlhAQABAIAAAAAAAP\/\/\/yH5BAEAAAAALAAAAAABAAEAAAIBRAA7\" loading=\"eager\" alt=\"To soldater holder en stor russisk flagg p\u00e5 en beskjeden steintrapp. Bakgrunnen viser en t\u00e5kete gate med f\u00e5 tr\u00e6r. Det er h\u00f8st, og omgivelsene ser nedslitte ut. Den ene soldaten har p\u00e5 seg milit\u00e6rutstyr og v\u00e5pen. (Bildebeskrivelsen er laget av en KI-tjeneste)\" title=\"Foto: NTB\"\/><\/p>\n<p class=\"\">To russiske soldatar som held opp eit russisk flagg i Pokrovsk i Donetsk-regionen i Ukraina. Biletet er fr\u00e5 2. desember. <\/p>\n<p>Foto: NTB<\/p>\n<p>Karsten Friis, forskar ved NUPI, peikar p\u00e5 at <a href=\"https:\/\/www.nrk.no\/norge\/forskar-karsten-friis-slaktar-usas-utsending-til-ukraina-1.17676647\" ec-id=\"pp:article:1.17676647\" ec-name=\"Ukraina st\u00e5r i ein meir pressa situasjon no enn tidlegare \u2013 b\u00e5de milit\u00e6rt, \u00f8konomisk og politisk\" rel=\"nofollow noopener\" target=\"_blank\">Ukraina st\u00e5r i ein meir pressa situasjon no enn tidlegare \u2013 b\u00e5de milit\u00e6rt, \u00f8konomisk og politisk<\/a>.<\/p>\n<p>If\u00f8lgje han er tryggingsgarantiar det viktigaste for landet slik situasjonen er no.<\/p>\n<p>Men Ukraina har d\u00e5rlege erfaringar med tidlegare tryggingsgarantiar fr\u00e5 Russland.<\/p>\n<p>\u2013 Det har vore klart sidan Russland gav garantiar som ikkje blei halde f\u00f8rste gong i 1994, at russiske garantiar ikkje er verd noko, seier Neumann.<\/p>\n<p><img decoding=\"async\"   src=\"data:image\/gif;base64,R0lGODlhAQABAIAAAAAAAP\/\/\/yH5BAEAAAAALAAAAAABAAEAAAIBRAA7\" loading=\"eager\" alt=\"\" title=\"Foto: Alexander Kazakov \/ AP \/ NTB\"\/><\/p>\n<p class=\"\">Vladimir Putin i samtale med Steve Witkoff i Moskva 2. desember. <\/p>\n<p>Foto: Alexander Kazakov \/ AP \/ NTB<\/p>\n<p>Manglande tillit til Russland kan vere ei fallgruve i fredsarbeidet.<\/p>\n<p><strong>\u2013 Hovudproblemet er at Ukraina ikkje har nokon grunn til \u00e5 stole p\u00e5 Russland, og at Trump-administrasjonen favoriserer Russland og russiske krav i forhandlingane, legg Neumann til.<\/strong><\/p>\n<p>\u2013 Ukraina treng sine eigne v\u00e6pna styrkar og l\u00f8fte om st\u00f8tte fr\u00e5 europeiske allierte \u2013 ideelt sett ogs\u00e5 fr\u00e5 USA. Alternativet er at Russland tar over landet, seier Neumann.<\/p>\n<p>H\u00f8yr Urix sin nyaste podkast-episode om Ukraina: <\/p>\n<p>Samtalar om fredsplanen vil halde fram til veka.<\/p>\n<p>\u2013 Forel\u00f8pig veit vi lite om kva som blir diskutert bak lukka d\u00f8rer. Den ukrainske sida melder at forhandlingane g\u00e5r f\u00f8re seg, men utan fleire detaljar, seier Oleksandra Deineko.<\/p>\n<p>Deineko er forskar ved Institutt for forsvarsstudier (IFS) og By- og regionforskningsinstituttet NIBR ved Oslo Met.<\/p>\n<p>Forskaren har ikkje tru p\u00e5 at det kom noko ut av helgas samtalar.<\/p>\n<p><img decoding=\"async\"   src=\"data:image\/gif;base64,R0lGODlhAQABAIAAAAAAAP\/\/\/yH5BAEAAAAALAAAAAABAAEAAAIBRAA7\" loading=\"eager\" alt=\"Brannmenn slukker en stor brann i et bygningsoverbygg. Flammene og r\u00f8yken er synlige gjennom vinduene. Brannmennene er if\u00f8rt verneutstyr og bruker vannslanger. Omgivelsene er preget av brennende materialer og rusk. (Bildebeskrivelsen er laget av en KI-tjeneste)\" title=\"Foto: HANDOUT \/ AFP \/ NTB\"\/><\/p>\n<p class=\"\">Ukrainske brannmenn sl\u00f8kker ein brann etter eit russisk luftangrep i Volyn-regionen nordvest i Ukraina.<\/p>\n<p>Foto: HANDOUT \/ AFP \/ NTB<\/p>\n<p>\u2013 Russland viser ikkje eit reelt \u00f8nske om \u00e5 avslutte krigen, fordi Putin sitt m\u00e5l om \u00e5 forvandle Ukraina til Novorossia ikkje er oppn\u00e5dd, forklarar Deineko.<\/p>\n<p>\u2013 Russland \u00f8nsker ein pause for \u00e5 reparere \u00f8konomien etter sanksjonane og fortsette krigen i n\u00e6r framtid, legg ho til.<\/p>\n<p>For \u00e5 f\u00e5 til det pressar dei Ukraina med fleire angrep mot sivile og ved frontlinja \u2013 ein strategi som Ukraina gjennomskodar.<\/p>\n<p><strong>\u2013 S\u00e5 lenge ukrainske soldatar klarer \u00e5 forsvare ukrainsk territorium, kjem ikkje presidenten til \u00e5 signere noko som kan bli oppfatta som kapitulasjon, forklarar Deineko.<\/strong><\/p>\n<p><img decoding=\"async\"   src=\"data:image\/gif;base64,R0lGODlhAQABAIAAAAAAAP\/\/\/yH5BAEAAAAALAAAAAABAAEAAAIBRAA7\" loading=\"eager\" alt=\"\" title=\"Foto: Javad Parsa \/ NTB\"\/><\/p>\n<p class=\"\">Det er lite truleg at Zelenskyj kjem til \u00e5 signere noko som kan bli oppfatta som kapitulasjon. Her er presidenten avbileta under sitt korte bes\u00f8k til Noreg 22. oktober. <\/p>\n<p>Foto: Javad Parsa \/ NTB<\/p>\n<p>Zelenskyj veit at det er upopul\u00e6rt blant ukrainarar \u00e5 godta ein avtale som ikkje sikrar varig fred for landet.<\/p>\n<p>\u2013 Det som ukrainarar \u00f8nsker mest no, er ein langvarig fred, seier Deineko.<\/p>\n<p>\u2013 M\u00e5lingane viser at fleirtalet av ukrainarar er imot \u00e5 inng\u00e5 fred p\u00e5 premiss som kan f\u00f8re til ein ny russisk aggresjon i n\u00e6r framtid, legg ho til.<\/p>\n<p>Forskaren understrekar at ukrainarar ikkje kjem til \u00e5 godta ein ukrainsk kapitulasjon.<\/p>\n<p>Interessert i meir utanriks? Lytt til redaksjonen sin podkast:<\/p>\n<p>Publisert<\/p>\n<p>07.12.2025, kl. 13.45<\/p>\n","protected":false},"excerpt":{"rendered":"Saka oppsummert: Samtalar om ein fredsplan for Ukraina er i gang. Russland sine krav inkluderer kontroll over ukrainsk&hellip;\n","protected":false},"author":2,"featured_media":106558,"comment_status":"","ping_status":"","sticky":false,"template":"","format":"standard","meta":{"footnotes":""},"categories":[12],"tags":[20,21,24,25,15,22,23,13,30,28,29,14,16,26,27,42,43,44,45],"class_list":{"0":"post-106557","1":"post","2":"type-post","3":"status-publish","4":"format-standard","5":"has-post-thumbnail","7":"category-verden","8":"tag-breaking-news","9":"tag-breakingnews","10":"tag-featured-news","11":"tag-featurednews","12":"tag-headlines","13":"tag-latest-news","14":"tag-latestnews","15":"tag-news","16":"tag-no","17":"tag-norge","18":"tag-norway","19":"tag-nyheter","20":"tag-overskrifter","21":"tag-top-stories","22":"tag-topstories","23":"tag-verden","24":"tag-world","25":"tag-world-news","26":"tag-worldnews"},"share_on_mastodon":{"url":"https:\/\/pubeurope.com\/@no\/115678500820666365","error":""},"_links":{"self":[{"href":"https:\/\/www.europesays.com\/no\/wp-json\/wp\/v2\/posts\/106557","targetHints":{"allow":["GET"]}}],"collection":[{"href":"https:\/\/www.europesays.com\/no\/wp-json\/wp\/v2\/posts"}],"about":[{"href":"https:\/\/www.europesays.com\/no\/wp-json\/wp\/v2\/types\/post"}],"author":[{"embeddable":true,"href":"https:\/\/www.europesays.com\/no\/wp-json\/wp\/v2\/users\/2"}],"replies":[{"embeddable":true,"href":"https:\/\/www.europesays.com\/no\/wp-json\/wp\/v2\/comments?post=106557"}],"version-history":[{"count":0,"href":"https:\/\/www.europesays.com\/no\/wp-json\/wp\/v2\/posts\/106557\/revisions"}],"wp:featuredmedia":[{"embeddable":true,"href":"https:\/\/www.europesays.com\/no\/wp-json\/wp\/v2\/media\/106558"}],"wp:attachment":[{"href":"https:\/\/www.europesays.com\/no\/wp-json\/wp\/v2\/media?parent=106557"}],"wp:term":[{"taxonomy":"category","embeddable":true,"href":"https:\/\/www.europesays.com\/no\/wp-json\/wp\/v2\/categories?post=106557"},{"taxonomy":"post_tag","embeddable":true,"href":"https:\/\/www.europesays.com\/no\/wp-json\/wp\/v2\/tags?post=106557"}],"curies":[{"name":"wp","href":"https:\/\/api.w.org\/{rel}","templated":true}]}}