{"id":106564,"date":"2025-12-07T13:38:08","date_gmt":"2025-12-07T13:38:08","guid":{"rendered":"https:\/\/www.europesays.com\/no\/106564\/"},"modified":"2025-12-07T13:38:08","modified_gmt":"2025-12-07T13:38:08","slug":"sport-langrenn-hedegart-sendte-jubelen-direkte-pa-instagram-sa-fikk-han-refs-tronder-avisa","status":"publish","type":"post","link":"https:\/\/www.europesays.com\/no\/106564\/","title":{"rendered":"Sport, Langrenn | Hedegart sendte jubelen direkte p\u00e5 Instagram \u2013 s\u00e5 fikk han refs &#8211; Tr\u00f8nder-Avisa"},"content":{"rendered":"<ol>\n<li><a href=\"https:\/\/news.google.com\/rss\/articles\/CBMibEFVX3lxTE54cGtrYXMyWFR0Y2dTc3hMdTBlaU5CUjV4aUlhZmtmUnB3aUctUGtoMFZqYmdoYlV1Sk9nV25GLU1mZnhmUy1iamZfaVlnbVZNUzVKdnFzSTdKMmRjbk5qa1ZWY092bG9BZ0dkcA?oc=5\" target=\"_blank\" rel=\"nofollow noopener\">Sport, Langrenn | Hedegart sendte jubelen direkte p\u00e5 Instagram \u2013 s\u00e5 fikk han refs<\/a>&nbsp;&nbsp;Tr\u00f8nder-Avisa<\/li>\n<li><a href=\"https:\/\/news.google.com\/rss\/articles\/CBMiogFBVV95cUxNZkxiNktXMU1jZ3REVjFMcnRhNHZ3eHczQ3BEbjZqZUFkUXA5RkdIQ1hoanF0VXJtczNPRkpZZFpMUUVCZ2M1UFJpNWU3LVNLQUFqbUxzbzJRMXJwbjF4dHZ6TG5KRnhwU2tEVm80S2dUV1Uwc2kxT2hkNUdvRzBEbW1LQzQzcDFPSTNHMTZDcHdJMzk1dlhXaUpEOE4tWDBKUkE?oc=5\" target=\"_blank\" rel=\"nofollow noopener\">Gir opp OL-dr\u00f8mmen: \u2013\u2060 Jeg tror halve laget m\u00e5 daue<\/a>&nbsp;&nbsp;VG<\/li>\n<li><a href=\"https:\/\/news.google.com\/rss\/articles\/CBMioAFBVV95cUxPNXktNTlKeENDaTlUS1VROVhld19LNzdEQXZBZHZqdGFLSVpIRmo2ajJsT0o2aGRzT0JMNGk2RGNoSzNhOFI4LVplMEdZc1dwM2lBMUNhM2RIa2I3eXo3Q3RyUTJCel9XN3JkYkNnUHNFQTJhY2RCQXBzTU8ySklUOWlDaVRiM1hKVWRRSUdTMjNHaGRrdWZUOVUyQnJ3Qlpi?oc=5\" target=\"_blank\" rel=\"nofollow noopener\">Oppsiktsvekkende Emil Iversen: Kun 1,3 sekunder fra pallplass<\/a>&nbsp;&nbsp;bladet.no<\/li>\n<li><a href=\"https:\/\/news.google.com\/rss\/articles\/CBMia0FVX3lxTE9GWW5OWl95WHM5SlRFNHJ1X2Z0OHlrNVJkVzhETFBfeEs3bk42d3JXQmx5cFczQ1NaY3R4TWRiYXMwb2J0dmpPekZGWF81M0ZFMWdrSEEwSmhLX0JONmU3cHMyckhITGo4cTR3?oc=5\" target=\"_blank\" rel=\"nofollow noopener\">Kalt inn til juryen<\/a>&nbsp;&nbsp;Dagbladet<\/li>\n<li><a href=\"https:\/\/news.google.com\/rss\/articles\/CBMirgFBVV95cUxNTnM2YXF4dTV4YjdyUGc1OWVpR3ZMRFl1X21CNko5ZlNKSWdMSnljWVlZWHlUSFYxcTVWR2YyNDE3eHdrV0dvcTctRXdsZTFwR0NZVzJORWs0NXUxN2E2cTgxdFFwUW90V2Z3YTlMa3dMdWlISHR3TjNUd0pvLVdlUXdOOHBPaWFsenR5TndDMENUNEpsYXNiWUhwajVtdnpiWml4N2hSS1c0Vkdub3c?oc=5\" target=\"_blank\" rel=\"nofollow noopener\">Seierherren refset etter Instagram-live: \u2013 N\u00e5 har jeg r\u00e5d til bot<\/a>&nbsp;&nbsp;TV2.no<\/li>\n<\/ol>\n","protected":false},"excerpt":{"rendered":"Sport, Langrenn | Hedegart sendte jubelen direkte p\u00e5 Instagram \u2013 s\u00e5 fikk han refs&nbsp;&nbsp;Tr\u00f8nder-Avisa Gir opp OL-dr\u00f8mmen: \u2013\u2060&hellip;\n","protected":false},"author":2,"featured_media":106565,"comment_status":"","ping_status":"","sticky":false,"template":"","format":"standard","meta":{"footnotes":""},"categories":[5],"tags":[20,21,24,25,15,19,22,23,17,18,13,30,28,29,14,16,26,27],"class_list":{"0":"post-106564","1":"post","2":"type-post","3":"status-publish","4":"format-standard","5":"has-post-thumbnail","7":"category-overskrifter","8":"tag-breaking-news","9":"tag-breakingnews","10":"tag-featured-news","11":"tag-featurednews","12":"tag-headlines","13":"tag-hovedoppslag","14":"tag-latest-news","15":"tag-latestnews","16":"tag-main-news","17":"tag-mainnews","18":"tag-news","19":"tag-no","20":"tag-norge","21":"tag-norway","22":"tag-nyheter","23":"tag-overskrifter","24":"tag-top-stories","25":"tag-topstories"},"share_on_mastodon":{"url":"https:\/\/pubeurope.com\/@no\/115678563725544496","error":""},"_links":{"self":[{"href":"https:\/\/www.europesays.com\/no\/wp-json\/wp\/v2\/posts\/106564","targetHints":{"allow":["GET"]}}],"collection":[{"href":"https:\/\/www.europesays.com\/no\/wp-json\/wp\/v2\/posts"}],"about":[{"href":"https:\/\/www.europesays.com\/no\/wp-json\/wp\/v2\/types\/post"}],"author":[{"embeddable":true,"href":"https:\/\/www.europesays.com\/no\/wp-json\/wp\/v2\/users\/2"}],"replies":[{"embeddable":true,"href":"https:\/\/www.europesays.com\/no\/wp-json\/wp\/v2\/comments?post=106564"}],"version-history":[{"count":0,"href":"https:\/\/www.europesays.com\/no\/wp-json\/wp\/v2\/posts\/106564\/revisions"}],"wp:featuredmedia":[{"embeddable":true,"href":"https:\/\/www.europesays.com\/no\/wp-json\/wp\/v2\/media\/106565"}],"wp:attachment":[{"href":"https:\/\/www.europesays.com\/no\/wp-json\/wp\/v2\/media?parent=106564"}],"wp:term":[{"taxonomy":"category","embeddable":true,"href":"https:\/\/www.europesays.com\/no\/wp-json\/wp\/v2\/categories?post=106564"},{"taxonomy":"post_tag","embeddable":true,"href":"https:\/\/www.europesays.com\/no\/wp-json\/wp\/v2\/tags?post=106564"}],"curies":[{"name":"wp","href":"https:\/\/api.w.org\/{rel}","templated":true}]}}