{"id":106600,"date":"2025-12-07T14:23:11","date_gmt":"2025-12-07T14:23:11","guid":{"rendered":"https:\/\/www.europesays.com\/no\/106600\/"},"modified":"2025-12-07T14:23:11","modified_gmt":"2025-12-07T14:23:11","slug":"anders-baasmo-tildelt-wenche-foss-aerespris","status":"publish","type":"post","link":"https:\/\/www.europesays.com\/no\/106600\/","title":{"rendered":"Anders Baasmo tildelt Wenche Foss&#8217; \u00c6respris"},"content":{"rendered":"\n<p class=\"_lead_o9xde_2 _lead_xtcu6_50 layout-component text-serif-m layout-normal text-serif-l layout-component layout-wide layout-padded _wide_17hqh_1 layout-padded\">Anders Baasmo og Tigerstadsteatret f\u00e5r Wenche Foss&#8217; \u00c6respris p\u00e5 100.000 kroner. Prisen ble delt ut p\u00e5 Grand Hotel s\u00f8ndag.<\/p>\n<p><img alt=\" Foto: Terje Bendiksby \/ NTB\" class=\"_image_qp4xg_65 layout-component layout-wide\" data-fullscreen- data-track-element-type=\"Article image fullscreen\" data-track-name=\"ImageFullscreen\" fetchpriority=\"high\" decoding=\"sync\" loading=\"eager\" height=\"4000\" itemprop=\"image\"  src=\"https:\/\/www.europesays.com\/no\/wp-content\/uploads\/2025\/12\/0a866a5a-92ee-44d9-bd21-d819a31d3d21\"  style=\"object-position:0% 0%\" width=\"6000\"\/> Foto: Terje Bendiksby \/ NTB<\/p>\n<ul aria-hidden=\"true\" class=\"_images_ntbth_112\">\n<li><a class=\"_link_ntbth_117\" href=\"https:\/\/www.vg.no\/forfatter\/ntb\" style=\"z-index:1\" title=\"NTB\" rel=\"nofollow noopener\" target=\"_blank\"><img alt=\"Bilde av NTB\" class=\"_image_ntbth_93\" fetchpriority=\"low\" loading=\"lazy\" decoding=\"async\" itemprop=\"image\"  src=\"https:\/\/www.europesays.com\/no\/wp-content\/uploads\/2025\/12\/1765117389_248_c33980b0-5d07-4027-84a1-813f90a7c8d6\"  width=\"480\"\/><\/a><\/li>\n<\/ul>\n<p> Oppdatert s\u00f8ndag 7. desember kl. 15:18    <\/p>\n<ul class=\"_list_o9xde_3 _list_64s2r_85 _unordered_o9xde_106 text-sans-m\">\n<li class=\"_item_o9xde_30\">Anders Baasmo og Tigerstadsteatret mottar Wenche Foss&#8217; \u00c6respris p\u00e5 100.000 kroner.<\/li>\n<li class=\"_item_o9xde_30\">Prisen ble delt ut p\u00e5 Grand Hotel i Oslo med flere kjente skuespillere til stede.<\/li>\n<li class=\"_item_o9xde_30\">Tigerstadsteatret har utviklet et mobilt teater, som spiller gratis for barn og unge i Oslo.<\/li>\n<\/ul>\n<p>Vis mer <\/p>\n<p class=\"_paragraph_o9xde_4 _paragraph_xtcu6_10 layout-component text-serif-m layout-normal text-serif-m layout-padded\">\u00c6resprisen gikk til skuespiller Anders Baasmo og Tigerstadsteatret mottar \u00e5rets Wenche Foss&#8217; \u00c6respris. Prisen er p\u00e5 100.000 kroner.<\/p>\n<p class=\"_paragraph_o9xde_4 _paragraph_xtcu6_10 layout-component text-serif-m layout-normal text-serif-m layout-padded\">En rekke kjente skuespillere var stede p\u00e5 Grand hotell i Oslo for \u00e5 hylle Baasmo under seremonien. Blant dem var de tidligere prisvinnerne Mads Ousdal, Sven Nordin, Hege Sch\u00f8yen og Else K\u00e5ss Furuseth.<\/p>\n<p>Liste over tidligere vinnere<\/p>\n<ul class=\"_list_o9xde_3 _list_xtcu6_9 _list_16v91_9 _unordered_o9xde_106 layout-component text-serif-m layout-normal text-sans-m layout-padded\">\n<li class=\"_item_o9xde_30\">2009: Trond-Viggo Torgersen og Vivil-lekene.<\/li>\n<li class=\"_item_o9xde_30\">2010: Hege Sch\u00f8yen og idrettslaget Freestyle IL.<\/li>\n<li class=\"_item_o9xde_30\">2011: Rolv Wesenlund og Jonas Borchgrevink som grunnlegger av nettstedet My Good Act.<\/li>\n<li class=\"_item_o9xde_30\">2012: Else K\u00e5ss Furuseth og foreningen \u00abVi som har et barn for lite\u00bb.<\/li>\n<li class=\"_item_o9xde_30\">2013: Ingrid Bj\u00f8rnov og Norsk forening for brannskadede og Burn Camp.<\/li>\n<li class=\"_item_o9xde_30\">2014: Thomas Giertsen og Sykehusklovnene.<\/li>\n<li class=\"_item_o9xde_30\">2015: Ane Dahl Torp og Stiftelsen Organdonasjon.<\/li>\n<li class=\"_item_o9xde_30\">2016: Sven Nordin og Foreningen for hjertesyke barn.<\/li>\n<li class=\"_item_o9xde_30\">2017: Ingebj\u00f8rg Bratland og Norsk Fosterhjemsforening.<\/li>\n<li class=\"_item_o9xde_30\">2018: Pia Tjelta og R\u00e5det for psykisk helse.<\/li>\n<li class=\"_item_o9xde_30\">2019: Robert Stoltenberg og Villa Sult.<\/li>\n<li class=\"_item_o9xde_30\">2021: Herman Flesvig og ADHD Norge.<\/li>\n<li class=\"_item_o9xde_30\">2022: Linn Sk\u00e5ber og Skeiv ungdom.<\/li>\n<li class=\"_item_o9xde_30\">2023: Karpe og The Artificial Limbs and Polio Center (ALPC).<\/li>\n<li class=\"_item_o9xde_30\">2024: Sverre Anker Ousdal, Mads Ousdal og Jussbuss.<\/li>\n<\/ul>\n<p>Vis mer<\/p>\n<p class=\"_paragraph_o9xde_4 _paragraph_xtcu6_10 layout-component text-serif-m layout-normal text-serif-m layout-padded\">Juryleder Ellen Horn og Wenche Foss&#8217; s\u00f8nn, Fabian Stang, st\u00e5r for utdelingen av den prestisjetunge prisen.<\/p>\n<p><img alt=\"MOR OG S\u00d8NN: Wenche Foss og Fabian Stang p\u00e5 et bilde fra 2009.   Foto: Terje Bendiksby \/ NTB\" class=\"_image_qp4xg_65 layout-component layout-normal\" data-fullscreen- data-track-element-type=\"Article image fullscreen\" data-track-name=\"ImageFullscreen\" decoding=\"async\" loading=\"lazy\" height=\"1833\" itemprop=\"image\"  src=\"https:\/\/www.europesays.com\/no\/wp-content\/uploads\/2025\/12\/30a660fd-424b-498c-b557-3539eb89eafd\"  style=\"object-position:0% 0%\" width=\"2664\"\/>MOR OG S\u00d8NN: Wenche Foss og Fabian Stang p\u00e5 et bilde fra 2009.   Foto: Terje Bendiksby \/ NTBM\u00f8tte Wenche som 29-\u00e5ring<\/p>\n<p class=\"_paragraph_o9xde_4 _paragraph_xtcu6_10 layout-component text-serif-m layout-normal text-serif-m layout-padded\">Juryen beskriver Baasmo som en av Norges mest brukte skuespillere, kjent for sin evne til \u00e5 veksle mellom alt fra komedie til drama i b\u00e5de film, TV og teater.<\/p>\n<p class=\"_paragraph_o9xde_4 _paragraph_xtcu6_10 layout-component text-serif-m layout-normal text-serif-m layout-padded\">\u2013 Det har g\u00e5tt over 20 \u00e5r siden du fikk ditt gjennombrudd i filmen Buddy. Du har truffet oss, preget oss og bergtatt oss. Du er en skuespiller det st\u00e5r respekt av, heter det i begrunnelsen.<\/p>\n<p class=\"_paragraph_o9xde_4 _paragraph_xtcu6_10 layout-component text-serif-m layout-normal text-serif-m layout-padded\"><strong class=\"_strong_o9xde_25\">Han spilte ogs\u00e5 i nye \u00abOlsenbanden\u00bb \u2013 se video: <\/strong><\/p>\n<p class=\"_paragraph_o9xde_4 _paragraph_xtcu6_10 layout-component text-serif-m layout-normal text-serif-m layout-padded\">I juryens begrunnelse trekkes det fram at Baasmo m\u00f8tte Wenche Foss da han som 29-\u00e5ring spilte hovedrollen som den unge Ibsen i 2005. Foss, som da var 87 \u00e5r, spilte faster Plough i dramaserien.<\/p>\n<p>Teater for alle barn<\/p>\n<p class=\"_paragraph_o9xde_4 _paragraph_xtcu6_10 layout-component text-serif-m layout-normal text-serif-m layout-padded\">Tigerstadsteatret ble etablert i 2016 for at alle barn og unge i Oslo skal f\u00e5 oppleve teater. Teatret har utviklet Tigerbussen, et teater p\u00e5 hjul som spiller opps\u00f8kende og gratis i bydeler med h\u00f8y andel familiefattigdom.<\/p>\n<p class=\"_paragraph_o9xde_4 _paragraph_xtcu6_10 layout-component text-serif-m layout-normal text-serif-m layout-padded\">Juryen trekker fram at virksomheten treffer godt p\u00e5 \u00abhele Wenche-skalaen\u00bb med sitt engasjement for rettferdighet og likhet for alle.<\/p>\n<p><img alt=\"Teatersjef Hilde Brinchmann mottok prisen av Ellen Horn p\u00e5 vegne av Tigerstadteatret.  Foto: Terje Bendiksby \/ NTB\" class=\"_image_qp4xg_65 layout-component layout-normal\" data-fullscreen- data-track-element-type=\"Article image fullscreen\" data-track-name=\"ImageFullscreen\" decoding=\"async\" loading=\"lazy\" height=\"4999\" itemprop=\"image\"  src=\"https:\/\/www.europesays.com\/no\/wp-content\/uploads\/2025\/12\/0f251847-cfae-4e02-a709-c45abdb67d49\"  style=\"object-position:0% 0%\" width=\"7499\"\/>Teatersjef Hilde Brinchmann mottok prisen av Ellen Horn p\u00e5 vegne av Tigerstadteatret.  Foto: Terje Bendiksby \/ NTB<\/p>\n<p class=\"_paragraph_o9xde_4 _paragraph_xtcu6_10 layout-component text-serif-m layout-normal text-serif-m layout-padded\">Wenche Foss&#8217; \u00c6respris deles ut \u00e5rlig p\u00e5 hennes bursdag, 5. desember og g\u00e5r til en person, organisasjon eller institusjon som i sterk grad kan forbindes med den avd\u00f8de skuespillerens livsglede, formidlingsevne og engasjement \u2013 b\u00e5de p\u00e5 og utenfor den kunstneriske arenaen.<\/p>\n<p class=\"_paragraph_o9xde_4 _paragraph_xtcu6_10 layout-component text-serif-m layout-normal text-serif-m layout-padded\">Siden f\u00f8rste utdeling i 2009 har prisen blitt delt mellom to mottakere hver gang. <\/p>\n<p class=\"_paragraph_o9xde_4 _paragraph_xtcu6_10 layout-component text-serif-m layout-normal text-serif-m layout-padded\">Wenche Foss var en av Norges mest folkekj\u00e6re og anerkjente skuespillere, en diva for teateret, film og TV \u2013 samt en modig samfunnsdebattant. Foss var blant annet ansatt ved Nationaltheatret i til sammen 26 \u00e5r. Hun d\u00f8de i 2011, 93 \u00e5r gammel. <\/p>\n","protected":false},"excerpt":{"rendered":"Anders Baasmo og Tigerstadsteatret f\u00e5r Wenche Foss&#8217; \u00c6respris p\u00e5 100.000 kroner. Prisen ble delt ut p\u00e5 Grand Hotel&hellip;\n","protected":false},"author":2,"featured_media":106601,"comment_status":"","ping_status":"","sticky":false,"template":"","format":"standard","meta":{"footnotes":""},"categories":[5],"tags":[20,21,24,25,15,19,22,23,17,18,13,30,28,29,14,16,26,27],"class_list":{"0":"post-106600","1":"post","2":"type-post","3":"status-publish","4":"format-standard","5":"has-post-thumbnail","7":"category-overskrifter","8":"tag-breaking-news","9":"tag-breakingnews","10":"tag-featured-news","11":"tag-featurednews","12":"tag-headlines","13":"tag-hovedoppslag","14":"tag-latest-news","15":"tag-latestnews","16":"tag-main-news","17":"tag-mainnews","18":"tag-news","19":"tag-no","20":"tag-norge","21":"tag-norway","22":"tag-nyheter","23":"tag-overskrifter","24":"tag-top-stories","25":"tag-topstories"},"share_on_mastodon":{"url":"https:\/\/pubeurope.com\/@no\/115678741083592596","error":""},"_links":{"self":[{"href":"https:\/\/www.europesays.com\/no\/wp-json\/wp\/v2\/posts\/106600","targetHints":{"allow":["GET"]}}],"collection":[{"href":"https:\/\/www.europesays.com\/no\/wp-json\/wp\/v2\/posts"}],"about":[{"href":"https:\/\/www.europesays.com\/no\/wp-json\/wp\/v2\/types\/post"}],"author":[{"embeddable":true,"href":"https:\/\/www.europesays.com\/no\/wp-json\/wp\/v2\/users\/2"}],"replies":[{"embeddable":true,"href":"https:\/\/www.europesays.com\/no\/wp-json\/wp\/v2\/comments?post=106600"}],"version-history":[{"count":0,"href":"https:\/\/www.europesays.com\/no\/wp-json\/wp\/v2\/posts\/106600\/revisions"}],"wp:featuredmedia":[{"embeddable":true,"href":"https:\/\/www.europesays.com\/no\/wp-json\/wp\/v2\/media\/106601"}],"wp:attachment":[{"href":"https:\/\/www.europesays.com\/no\/wp-json\/wp\/v2\/media?parent=106600"}],"wp:term":[{"taxonomy":"category","embeddable":true,"href":"https:\/\/www.europesays.com\/no\/wp-json\/wp\/v2\/categories?post=106600"},{"taxonomy":"post_tag","embeddable":true,"href":"https:\/\/www.europesays.com\/no\/wp-json\/wp\/v2\/tags?post=106600"}],"curies":[{"name":"wp","href":"https:\/\/api.w.org\/{rel}","templated":true}]}}