{"id":106618,"date":"2025-12-07T14:58:14","date_gmt":"2025-12-07T14:58:14","guid":{"rendered":"https:\/\/www.europesays.com\/no\/106618\/"},"modified":"2025-12-07T14:58:14","modified_gmt":"2025-12-07T14:58:14","slug":"person-erklaert-dod-etter-a-ha-blitt-hentet-opp-av-vannet-i-grimstad-soker-etter-flere-i-vannet","status":"publish","type":"post","link":"https:\/\/www.europesays.com\/no\/106618\/","title":{"rendered":"Person erkl\u00e6rt d\u00f8d etter \u00e5 ha blitt hentet opp av vannet i Grimstad \u2013 s\u00f8ker etter flere i vannet"},"content":{"rendered":"\n<p class=\"_lead_o9xde_2 _lead_xtcu6_50 layout-component text-serif-m layout-normal text-serif-l layout-component layout-wide layout-padded _wide_17hqh_1 layout-padded\">En livl\u00f8s person ble hentet opp av vannet i Grimstad s\u00f8ndag formiddag. <\/p>\n<ul aria-hidden=\"true\" class=\"_images_ntbth_112\">\n<li><a class=\"_link_ntbth_117\" href=\"https:\/\/www.vg.no\/forfatter\/ntb\" style=\"z-index:1\" title=\"NTB\" rel=\"nofollow noopener\" target=\"_blank\"><img alt=\"Bilde av NTB\" class=\"_image_ntbth_93\" fetchpriority=\"low\" loading=\"lazy\" decoding=\"async\" itemprop=\"image\"  src=\"https:\/\/www.europesays.com\/no\/wp-content\/uploads\/2025\/12\/1765119494_952_c33980b0-5d07-4027-84a1-813f90a7c8d6\"  width=\"480\"\/><\/a><\/li>\n<\/ul>\n<p> Oppdatert s\u00f8ndag 7. desember kl. 13:12     <\/p>\n<p class=\"_paragraph_o9xde_4 _paragraph_xtcu6_10 layout-component text-serif-m layout-normal text-serif-m layout-padded\">Politiet mottok melding om hendelsen klokken 11.20 s\u00f8ndag formiddag.<\/p>\n<p class=\"_paragraph_o9xde_4 _paragraph_xtcu6_10 layout-component text-serif-m layout-normal text-serif-m layout-padded\">Den livl\u00f8se personen ble hentet opp av vannet og kort tid etterp\u00e5 erkl\u00e6rt d\u00f8d. Politiet vet ikke hva som har skjedd.<\/p>\n<p class=\"_paragraph_o9xde_4 _paragraph_xtcu6_10 layout-component text-serif-m layout-normal text-serif-m layout-padded\">\u2013 Politiet gjennomf\u00f8rer unders\u00f8kelser for \u00e5 fastsl\u00e5 hva som har skjedd, \u00f8vrige redningsressurser s\u00f8ker i omr\u00e5de for \u00e5 avklare hvorvidt det kan v\u00e6re flere personer i vannet, skrev operasjonsleder Knut Odde i politiloggen.<\/p>\n<p class=\"_paragraph_o9xde_4 _paragraph_xtcu6_10 layout-component text-serif-m layout-normal text-serif-m layout-padded\">I en oppdatering melder politiet at hypotesen om at flere personer kan v\u00e6re i vannet, er svekket, og at s\u00f8ket etter ytterligere personer i vannet er i ferd med \u00e5 avsluttes.<\/p>\n","protected":false},"excerpt":{"rendered":"En livl\u00f8s person ble hentet opp av vannet i Grimstad s\u00f8ndag formiddag. Oppdatert s\u00f8ndag 7. desember kl. 13:12&hellip;\n","protected":false},"author":2,"featured_media":106619,"comment_status":"","ping_status":"","sticky":false,"template":"","format":"standard","meta":{"footnotes":""},"categories":[10],"tags":[20,21,24,25,1799,15,22,23,13,30,28,29,14,16,26,27],"class_list":{"0":"post-106618","1":"post","2":"type-post","3":"status-publish","4":"format-standard","5":"has-post-thumbnail","7":"category-norge","8":"tag-breaking-news","9":"tag-breakingnews","10":"tag-featured-news","11":"tag-featurednews","12":"tag-grimstad","13":"tag-headlines","14":"tag-latest-news","15":"tag-latestnews","16":"tag-news","17":"tag-no","18":"tag-norge","19":"tag-norway","20":"tag-nyheter","21":"tag-overskrifter","22":"tag-top-stories","23":"tag-topstories"},"share_on_mastodon":{"url":"https:\/\/pubeurope.com\/@no\/115678878495312177","error":""},"_links":{"self":[{"href":"https:\/\/www.europesays.com\/no\/wp-json\/wp\/v2\/posts\/106618","targetHints":{"allow":["GET"]}}],"collection":[{"href":"https:\/\/www.europesays.com\/no\/wp-json\/wp\/v2\/posts"}],"about":[{"href":"https:\/\/www.europesays.com\/no\/wp-json\/wp\/v2\/types\/post"}],"author":[{"embeddable":true,"href":"https:\/\/www.europesays.com\/no\/wp-json\/wp\/v2\/users\/2"}],"replies":[{"embeddable":true,"href":"https:\/\/www.europesays.com\/no\/wp-json\/wp\/v2\/comments?post=106618"}],"version-history":[{"count":0,"href":"https:\/\/www.europesays.com\/no\/wp-json\/wp\/v2\/posts\/106618\/revisions"}],"wp:featuredmedia":[{"embeddable":true,"href":"https:\/\/www.europesays.com\/no\/wp-json\/wp\/v2\/media\/106619"}],"wp:attachment":[{"href":"https:\/\/www.europesays.com\/no\/wp-json\/wp\/v2\/media?parent=106618"}],"wp:term":[{"taxonomy":"category","embeddable":true,"href":"https:\/\/www.europesays.com\/no\/wp-json\/wp\/v2\/categories?post=106618"},{"taxonomy":"post_tag","embeddable":true,"href":"https:\/\/www.europesays.com\/no\/wp-json\/wp\/v2\/tags?post=106618"}],"curies":[{"name":"wp","href":"https:\/\/api.w.org\/{rel}","templated":true}]}}