{"id":106632,"date":"2025-12-07T15:08:35","date_gmt":"2025-12-07T15:08:35","guid":{"rendered":"https:\/\/www.europesays.com\/no\/106632\/"},"modified":"2025-12-07T15:08:35","modified_gmt":"2025-12-07T15:08:35","slug":"linni-meister-deler-helseoppdatering-etter-dramatisk-bursdagsfall","status":"publish","type":"post","link":"https:\/\/www.europesays.com\/no\/106632\/","title":{"rendered":"Linni Meister deler helseoppdatering etter dramatisk bursdagsfall"},"content":{"rendered":"<p class=\"kicker \" style=\"\">Linni Meister:<\/p>\n<p>  Den stjernespekkede bursdagsfeiringen gikk ikke helt som planlagt. N\u00e5 deler TV-profilen en ny helseoppdatering med f\u00f8lgerne sine.\u00a0<\/p>\n<p>\n    HENTET AV AMBULANSEN: Linni ble hentet p\u00e5 b\u00e5re i bursdagsfeiringen hennes. Her ankommer hun sykehuset i aftenkjolen. Foto: @linnimeister\/Snapchat\n  <\/p>\n<p>Onsdag kveld inviterte\u00a0<a href=\"https:\/\/www.seher.no\/kjendis\/kjort-til-sykehus\/83936521\" rel=\"nofollow noopener\" target=\"_blank\">Linni Meister (40)\u00a0<\/a>til en storsl\u00e5tt 40-\u00e5rsfeiring p\u00e5 Bloksberg utenfor T\u00f8nsberg.\u00a0<\/p>\n<p>Hun delte flittig fra <a href=\"https:\/\/www.seher.no\/kjendis\/kjort-til-sykehus\/83936521\" rel=\"nofollow noopener\" target=\"_blank\">den glamor\u00f8se feiringen<\/a> p\u00e5 blant annet Snapchat, der festlighetene s\u00e5 ut til \u00e5 holde p\u00e5 hele kvelden.\u00a0<\/p>\n<p>    <a itemprop=\"url\" href=\"https:\/\/www.seher.no\/kjendis\/bekrefter-gladnyhet\/83948395\" rel=\"nofollow noopener\" target=\"_blank\"><\/p>\n<p>      <img loading=\"lazy\" decoding=\"async\" src=\"https:\/\/www.europesays.com\/no\/wp-content\/uploads\/2025\/12\/83948366.webp\" width=\"980\" height=\"441\" title=\"Bekrefter gladnyhet\" alt=\"\" class=\"lazyload\" style=\"--aspect-ratio-image: 2.22; \"\/><\/p>\n<p>        Bekrefter gladnyhet<\/p>\n<p>    <\/a><\/p>\n<p>Til tross for god stemning tok dessverre feiringen en br\u00e5 vending da en venninne av jubilanten p\u00e5 et tidspunkt skulle l\u00f8fte Linni &#8211; det hele endte nemlig med at bursdagsbarnet gikk i bakken.\u00a0<\/p>\n<p>          <img loading=\"lazy\" decoding=\"async\" src=\"https:\/\/www.europesays.com\/no\/wp-content\/uploads\/2025\/12\/83948741.webp\" width=\"686\" height=\"995\" title=\"FEIRING: Lilli Bendriss, Anette B\u00f8e og Mia Gundersen var blant de mange venninnene som feiret Linni p\u00e5 hennes store dag p\u00e5 N\u00f8tter\u00f8y. Foto: @linnimeister\/Snapchat\" alt=\"\" class=\"\" style=\"--aspect-ratio-image: 0.69; \"\/><\/p>\n<p>\n          FEIRING: Lilli Bendriss, Anette B\u00f8e og Mia Gundersen var blant de mange venninnene som feiret Linni p\u00e5 hennes store dag p\u00e5 N\u00f8tter\u00f8y. Foto: @linnimeister\/Snapchat\n      <\/p>\n<p>If\u00f8lge innleggene p\u00e5 Snapchat falt hun mot en bordplate med hodet f\u00f8rst &#8211; og fallet endte med et brudd i kragebenet. Mia Gundersen (64), Anette B\u00f8e (68) og Lilli Bendriss (79) var blant gjestene som trolig var bekymret da Linni etter hvert ble hentet av ambulansen.\u00a0<\/p>\n<p>Her ble hun trillet ut av lokalet p\u00e5 b\u00e5re, og fraktet til sykehuset i T\u00f8nsberg.<\/p>\n<p>        \u00abSKAL VI DANSE\u00bb: Tale Torjussen har med seg tre ekstra dansere til l\u00f8rdagens sending. Video: R\u00f8d L\u00f8per\/Nora Skavhaug<\/p>\n<p>\u00a0Det er ikke kjent hvem som l\u00f8ftet Linni, men hun har v\u00e6rt tydelig p\u00e5 at det var vedkommendes feil.<\/p>\n<p>\u00abDenne gangen var ikke jeg kl\u00f8ne. En venninne av meg mistet meg p\u00e5 kanten p\u00e5 et bord med hodet f\u00f8rst, s\u00e5 jeg brakk kragebenet\u00bb, skrev hun p\u00e5 sosiale medier.<\/p>\n<p>L\u00f8rdag deler 40-\u00e5ringen oppdatering med f\u00f8lgerne sine p\u00e5 Snapchat om hvordan det har g\u00e5tt tiden etter det dramatiske fallet.<\/p>\n<p>Det viser seg nemlig at hun har st\u00f8tt p\u00e5 enda flere helseproblemer. Hun forteller f\u00f8lgerne sine at hun nesten ikke h\u00f8rer p\u00e5 det ene \u00f8ret, og dermed reiser til legevakten.<\/p>\n<p>          <img loading=\"lazy\" decoding=\"async\" src=\"https:\/\/www.europesays.com\/no\/wp-content\/uploads\/2025\/12\/83948717.webp\" width=\"686\" height=\"995\" title=\"Foto: Skjermbilde fra Snapchat\/@meisterlinii\" alt=\"\" class=\"\" style=\"--aspect-ratio-image: 0.69; \"\/><\/p>\n<p>\n          Foto: Skjermbilde fra Snapchat\/@meisterlinii\n      <\/p>\n<p>          <img loading=\"lazy\" decoding=\"async\" src=\"https:\/\/www.europesays.com\/no\/wp-content\/uploads\/2025\/12\/83948718.webp\" width=\"686\" height=\"995\" title=\"Foto: Skjermbilde fra Snapchat\/@meisterlinii\" alt=\"\" class=\"\" style=\"--aspect-ratio-image: 0.69; \"\/><\/p>\n<p>\n          Foto: Skjermbilde fra Snapchat\/@meisterlinii\n      <\/p>\n<p>\u00abP\u00e5 vei i taxi til legevakten for \u00e5 sjekke \u00f8ret som er helt tett. Synd at jeg ikke kan kj\u00f8re bil n\u00e5\u00bb, skriver hun til en selfie i bilen.\u00a0<\/p>\n<p>P\u00e5 samme tid fikk hun tatt en sjekk av det brukne kragebenet.<\/p>\n<p>\u00abSkal ta nytt r\u00f8ntgen og skylle \u00f8ret i tilfelle det er blod inni der. Gleder meg til \u00e5 h\u00f8re ordentlig igjen\u00bb, forteller hun videre.<\/p>\n<p>        \u00abDRA-TIL\u00bb-TRYNET: Emil Gukild blir flau da han f\u00e5r vite hvilket inntrykk skuespillerkollega Jakob Oftebro hadde av TV-profilen f\u00f8r de m\u00f8ttes. Reporter: Sanne Holt\/ Celine N\u00e6ss Andreassen. Video: \u00abFlukten fra Bolivia\u00bb\/ TV 2\/ R\u00f8d L\u00f8per<\/p>\n<p>Hun forsikrer f\u00f8lgerne om at det g\u00e5r greit med henne etter forholdene, og at hun n\u00e5 har f\u00e5tt svar p\u00e5 de nye pr\u00f8vene.\u00a0<\/p>\n<p>\u00abKan h\u00f8re 100 prosent igjen. Fikk vite at det er et meget pent brudd, og at det kommer til \u00e5 gro fint. Kulen kommer nesten ikke til \u00e5 v\u00e6re synlig n\u00e5r det er leget og grodd ferdig\u00bb, forteller hun lettet, og legger til at hun slipper \u00e5 operere kragebeinet.\u00a0<\/p>\n<p>          <img loading=\"lazy\" decoding=\"async\" src=\"https:\/\/www.europesays.com\/no\/wp-content\/uploads\/2025\/12\/83948713.webp\" width=\"686\" height=\"995\" title=\"Foto: Skjermbilde fra Snapchat\/@meisterlinii\" alt=\"\" class=\"\" style=\"--aspect-ratio-image: 0.69; \"\/><\/p>\n<p>\n          Foto: Skjermbilde fra Snapchat\/@meisterlinii\n      <\/p>\n<p>\u00abTakknemlig sjel her\u00bb, avslutter hun.<\/p>\n","protected":false},"excerpt":{"rendered":"Linni Meister: Den stjernespekkede bursdagsfeiringen gikk ikke helt som planlagt. N\u00e5 deler TV-profilen en ny helseoppdatering med f\u00f8lgerne&hellip;\n","protected":false},"author":2,"featured_media":106633,"comment_status":"","ping_status":"","sticky":false,"template":"","format":"standard","meta":{"footnotes":""},"categories":[58],"tags":[1586,71,479,5806,2404,30,28,29,72],"class_list":{"0":"post-106632","1":"post","2":"type-post","3":"status-publish","4":"format-standard","5":"has-post-thumbnail","7":"category-underholdning","8":"tag-ambulanse","9":"tag-entertainment","10":"tag-kjendis","11":"tag-legevakt","12":"tag-linni-meister","13":"tag-no","14":"tag-norge","15":"tag-norway","16":"tag-underholdning"},"share_on_mastodon":{"url":"https:\/\/pubeurope.com\/@no\/115678917798531950","error":""},"_links":{"self":[{"href":"https:\/\/www.europesays.com\/no\/wp-json\/wp\/v2\/posts\/106632","targetHints":{"allow":["GET"]}}],"collection":[{"href":"https:\/\/www.europesays.com\/no\/wp-json\/wp\/v2\/posts"}],"about":[{"href":"https:\/\/www.europesays.com\/no\/wp-json\/wp\/v2\/types\/post"}],"author":[{"embeddable":true,"href":"https:\/\/www.europesays.com\/no\/wp-json\/wp\/v2\/users\/2"}],"replies":[{"embeddable":true,"href":"https:\/\/www.europesays.com\/no\/wp-json\/wp\/v2\/comments?post=106632"}],"version-history":[{"count":0,"href":"https:\/\/www.europesays.com\/no\/wp-json\/wp\/v2\/posts\/106632\/revisions"}],"wp:featuredmedia":[{"embeddable":true,"href":"https:\/\/www.europesays.com\/no\/wp-json\/wp\/v2\/media\/106633"}],"wp:attachment":[{"href":"https:\/\/www.europesays.com\/no\/wp-json\/wp\/v2\/media?parent=106632"}],"wp:term":[{"taxonomy":"category","embeddable":true,"href":"https:\/\/www.europesays.com\/no\/wp-json\/wp\/v2\/categories?post=106632"},{"taxonomy":"post_tag","embeddable":true,"href":"https:\/\/www.europesays.com\/no\/wp-json\/wp\/v2\/tags?post=106632"}],"curies":[{"name":"wp","href":"https:\/\/api.w.org\/{rel}","templated":true}]}}