{"id":106637,"date":"2025-12-07T15:13:15","date_gmt":"2025-12-07T15:13:15","guid":{"rendered":"https:\/\/www.europesays.com\/no\/106637\/"},"modified":"2025-12-07T15:13:15","modified_gmt":"2025-12-07T15:13:15","slug":"anders-baasmo-og-tigerstadsteatret-vinner-wenche-foss-aerespris-2025","status":"publish","type":"post","link":"https:\/\/www.europesays.com\/no\/106637\/","title":{"rendered":"Anders Baasmo og Tigerstadsteatret vinner Wenche Foss&#8217; \u00e6respris 2025"},"content":{"rendered":"<p class=\"kicker \" style=\"\">Wenche Foss&#8217; \u00e6respris:<\/p>\n<p>  En mann med en imponerende karriere og et viktig og inkluderende teater er \u00e5rets vinnere.<\/p>\n<p>\n    STOLT: Anders Baasmo f\u00f8yer seg inn i rekken av skuespillere som har mottatt Wenche Foss&#8217; \u00e6respris. Foto: Espen Solli \/ Se og H\u00f8r\n  <\/p>\n<p>Wenche Foss blir ofte karakterisert som etterkrigstidens store diva i norsk teater. Hun er blitt et ikon for b\u00e5de sm\u00e5 og store, og var like aktuell ved sin bortgang i 2011 som hun var i sin storhetstid.<\/p>\n<p>Hun var ogs\u00e5 opptatt av aktivisme, og talte flere ganger de homofiles sak &#8211; og bidro til \u00e5 \u00f8ke bevisstheten rundt utviklingshemmedes k\u00e5r etter at hun i 1953 fikk en s\u00f8nn med Down syndrom.<\/p>\n<p>    <a itemprop=\"url\" href=\"https:\/\/www.seher.no\/kjendis\/erna-ble-alma-og-sindre-ble-sondre\/83098018\" rel=\"nofollow noopener\" target=\"_blank\"><\/p>\n<p>      <img loading=\"lazy\" decoding=\"async\" src=\"https:\/\/www.europesays.com\/no\/wp-content\/uploads\/2025\/12\/83098061.webp\" width=\"147\" height=\"98\" title=\"Erna ble Alma - og Sindre ble Sondre!\" alt=\"\" class=\"lazyload\" style=\"--aspect-ratio-image: 1.50; \"\/><\/p>\n<p>        Erna ble Alma &#8211; og Sindre ble Sondre!<\/p>\n<p>    <\/a><\/p>\n<p>Til \u00e6re for ikonet Wenche Foss, og den jobben hun gjorde for andre, ble det tilbake i 2009 stiftet en helt ny pris &#8211; nemlig Wenche Foss&#8217; \u00e6respris.<\/p>\n<p>\u00a0Den ble innstiftet av Se og H\u00f8r, og prisen er p\u00e5 hele 100 000 kroner som skal g\u00e5 til\u00a0 \u00aben person, organisasjon eller institusjon som i sterk grad kan forbindes med Wenches livsglede, formidlingsevne og engasjement &#8211; b\u00e5de p\u00e5 og utenfor den kunstneriske arenaen\u00bb.<\/p>\n<p>Prisen kan gis til en enkeltperson eller fordeles mellom ulike prisvinnere.<\/p>\n<p>Disse vinner\t<\/p>\n<p>Store navn som Hege Sch\u00f8yen (68), Ane Dahl Torp (50) og senest far og s\u00f8nn-duoen Sverre Anker Ousdal (81) og Mads Ousdal (54) har stukket av med prisen tidligere.<\/p>\n<p>          <img loading=\"lazy\" decoding=\"async\" src=\"https:\/\/www.europesays.com\/no\/wp-content\/uploads\/2025\/12\/83950612.webp\" width=\"686\" height=\"460\" title=\"HYLLES: Robert Stoltenberg, Hege Sch\u00f8yen, Sven Nordin og fjor\u00e5rets vinner Mads Ousdal er til stede for \u00e5 hylle \u00e5ret vinnere. Foto: Espen Solli \/ Se og H\u00f8r\" alt=\"\" class=\"\" style=\"--aspect-ratio-image: 1.49; \"\/><\/p>\n<p>\n          HYLLES: Robert Stoltenberg, Hege Sch\u00f8yen, Sven Nordin og fjor\u00e5rets vinner Mads Ousdal er til stede for \u00e5 hylle \u00e5ret vinnere. Foto: Espen Solli \/ Se og H\u00f8r\n      <\/p>\n<p>I \u00e5r er det skuespiller Anders Baasmo (49) og Tigerstadsteatret som blir tildelt Wenche Foss&#8217; \u00e6respis.<\/p>\n<p>Juryen bak beslutningen best\u00e5r av Ellen Horn, Se og H\u00f8rs sjefredakt\u00f8r Ulf Andr\u00e9 Andersen og Wenche Foss&#8217; s\u00f8nn og Oslos tidligere ordf\u00f8rer Fabian Stang.<\/p>\n<p>Anders Baasmo har en imponerende karriere bak seg. Det store gjennombruddet kom etter at han spilte i den norske filmen \u00abBuddy\u00bb. Han hadde rollen som Stig Inge, en forsiktig og usikker fyr som ikke likte \u00e5 forlate den trygge bobla si p\u00e5 T\u00f8yen.<\/p>\n<p>        UTE: Carina Dahl r\u00f8k ut av \u00abSkal vi danse\u00bb som siste deltaker f\u00f8r semifinalen. Etter sending r\u00f8per hun at hun angrer p\u00e5 valget av dans. Reporter: Nora Skavhaug. Foto: Danny Son To \/ TV 2<\/p>\n<p>Han har senere medvirket i norske storfilmer som \u00abKon-Tiki\u00bb, \u00abKongens nei\u00bb og \u00abMunch\u00bb &#8211; og har ogs\u00e5 v\u00e6rt \u00e5 se i flere popul\u00e6re serier, som Exit og \u00abHarald og Sonja\u00bb.<\/p>\n<p>N\u00e5 er han aktuell i suksesserien \u00ab\u00d8lhunden Berit\u00bb p\u00e5 NRK.<\/p>\n<p>I juryens begrunnelse st\u00e5r blant annet;<\/p>\n<p>          <img loading=\"lazy\" decoding=\"async\" src=\"https:\/\/www.europesays.com\/no\/wp-content\/uploads\/2025\/12\/83950641.webp\" width=\"686\" height=\"851\" title=\"GJENNOMBRUDDET: Anders Baasmo spilte i \u00abBuddy\u00bb mot Aksel Hennie og Nicolai Cleve Broch. Morten Tyldum hadde regi. Foto: NTB\" alt=\"\" class=\"\" style=\"--aspect-ratio-image: 0.81; \"\/><\/p>\n<p>\n          GJENNOMBRUDDET: Anders Baasmo spilte i \u00abBuddy\u00bb mot Aksel Hennie og Nicolai Cleve Broch. Morten Tyldum hadde regi. Foto: NTB\n      <\/p>\n<p class=\"italic m-italic\" data-lab-italic=\"italic\">\u00abI januar (om en dr\u00f8y m\u00e5ned i dag) fyller \u00e5rets prisvinner 50 \u00e5r. Han er nok passert kategorien \u00abung og lovende\u00bb, men han fortsetter \u00e5 utvikle sitt helt spesielle talent. Prisvinneren kjennetegnes av\u00a0en stor\u00a0allsidighet, evnen til \u00e5 g\u00e5\u00a0fullstendig inn i rollene\u00a0sine, og en lang liste av priser og anerkjennelser for sitt skuespill. Han er en av Norges mest brukte skuespillere, kjent for sin evne til \u00e5 veksle mellom alt fra komedie til drama i b\u00e5de film, TV og teater. Akkurat som Wenche.\u00bb<\/p>\n<p>    <a itemprop=\"url\" href=\"https:\/\/www.seher.no\/kjendis\/en-tankevekker\/81078096\" rel=\"nofollow noopener\" target=\"_blank\"><\/p>\n<p>      <img loading=\"lazy\" decoding=\"async\" src=\"https:\/\/www.europesays.com\/no\/wp-content\/uploads\/2025\/12\/81078441.webp\" width=\"980\" height=\"441\" title=\"- En tankevekker\" alt=\"\" class=\"lazyload\" style=\"--aspect-ratio-image: 2.22; \"\/><\/p>\n<p>        &#8211; En tankevekker<\/p>\n<p>    <\/a><\/p>\n<p>&#8211; Du har bergtatt oss\t<\/p>\n<p class=\"no_italic m-no_italic\" data-lab-italic=\"\">Juryen p\u00e5peker videre den enorme bredden i Anders&#8217; karriere &#8211; alt fra Ibsen, til B\u00f8rning til \u00d8lhunden Berit &#8211; og alle utmerkelser og priser han har f\u00e5tt gjennom sitt arbeid.<\/p>\n<p data-lab-italic=\"italic\" class=\"italic m-italic\">\u00abDet har g\u00e5tt over 20 \u00e5r siden du fikk ditt gjennombrudd i filmen Buddy. Du har oppn\u00e5dd det veldig mange talentfulle skuespillere kjemper for og dr\u00f8mmer om. Du har truffet oss, preget oss og bergtatt oss. Du er en skuespiller det st\u00e5r respekt av.\u00bb\u00a0<\/p>\n<p>Ogs\u00e5\u00a0 Tigerstadsteatret er vinner av prisen. Juryen p\u00e5peker at teateret treffer godt \u00abp\u00e5 hele Wenche-skalaen\u00bb.<\/p>\n<p>        TATT P\u00c5 FERSKEN: Hva befinner seg under Skal vi danse-dommernes bord? Jan Thomas har svaret. Reporter: Nora Skavhaug \/ Foto: Danny Son To \/ R\u00f8d L\u00f8per <\/p>\n<p data-lab-italic=\"italic\" class=\"italic m-italic\">\u00abTigerstadsteatret ble etablert i 2016 for at alle barn og unge i Oslo skal f\u00e5 oppleve teater som kan bety noe for dem for resten av livet.<\/p>\n<p data-lab-italic=\"italic\" class=\"italic m-italic\">\u00a0Tigerstadsteatret jobber bakken\u00e6rt og m\u00e5lgruppeorientert. Alle forestillinger tar utgangspunkt i m\u00f8ter med barn og unge og deres virkelighet.<\/p>\n<p data-lab-italic=\"italic\" class=\"italic m-italic\">\u00a0For \u00e5 m\u00f8te de barna som ikke blir tatt med i teatret, har virksomheten utviklet Tigerbussen &#8211; et teater p\u00e5 hjul som spiller opps\u00f8kende og gratis, med et langsiktig fokus p\u00e5 bydeler med s\u00e6rlig h\u00f8y andel familiefattigdom. Tigerstadsteatret er et ideelt AS som jobber med samfunnsoppdraget om barns rett til kunst og kultur, og juryen er imponert over arbeidet som gjengen i Tigerstadsteatret gj\u00f8r. Og ikke minst gleder det oss at dere har klart det mange pr\u00f8ver p\u00e5, men ikke alltid lykkes med &#8211; nemlig at m\u00e5lgruppen liker det dere gj\u00f8r!\u00bb, heter det i juryens begrunnelse.<\/p>\n","protected":false},"excerpt":{"rendered":"Wenche Foss&#8217; \u00e6respris: En mann med en imponerende karriere og et viktig og inkluderende teater er \u00e5rets vinnere.&hellip;\n","protected":false},"author":2,"featured_media":106638,"comment_status":"","ping_status":"","sticky":false,"template":"","format":"standard","meta":{"footnotes":""},"categories":[5],"tags":[1652,20,21,4104,24,25,15,19,479,22,23,17,18,13,30,28,29,14,16,13301,26,27,13302],"class_list":{"0":"post-106637","1":"post","2":"type-post","3":"status-publish","4":"format-standard","5":"has-post-thumbnail","7":"category-overskrifter","8":"tag-anders-baasmo","9":"tag-breaking-news","10":"tag-breakingnews","11":"tag-eksklusivt","12":"tag-featured-news","13":"tag-featurednews","14":"tag-headlines","15":"tag-hovedoppslag","16":"tag-kjendis","17":"tag-latest-news","18":"tag-latestnews","19":"tag-main-news","20":"tag-mainnews","21":"tag-news","22":"tag-no","23":"tag-norge","24":"tag-norway","25":"tag-nyheter","26":"tag-overskrifter","27":"tag-tigerstadsteatret","28":"tag-top-stories","29":"tag-topstories","30":"tag-wenche-foss-aerespris"},"share_on_mastodon":{"url":"https:\/\/pubeurope.com\/@no\/115678937661727456","error":""},"_links":{"self":[{"href":"https:\/\/www.europesays.com\/no\/wp-json\/wp\/v2\/posts\/106637","targetHints":{"allow":["GET"]}}],"collection":[{"href":"https:\/\/www.europesays.com\/no\/wp-json\/wp\/v2\/posts"}],"about":[{"href":"https:\/\/www.europesays.com\/no\/wp-json\/wp\/v2\/types\/post"}],"author":[{"embeddable":true,"href":"https:\/\/www.europesays.com\/no\/wp-json\/wp\/v2\/users\/2"}],"replies":[{"embeddable":true,"href":"https:\/\/www.europesays.com\/no\/wp-json\/wp\/v2\/comments?post=106637"}],"version-history":[{"count":0,"href":"https:\/\/www.europesays.com\/no\/wp-json\/wp\/v2\/posts\/106637\/revisions"}],"wp:featuredmedia":[{"embeddable":true,"href":"https:\/\/www.europesays.com\/no\/wp-json\/wp\/v2\/media\/106638"}],"wp:attachment":[{"href":"https:\/\/www.europesays.com\/no\/wp-json\/wp\/v2\/media?parent=106637"}],"wp:term":[{"taxonomy":"category","embeddable":true,"href":"https:\/\/www.europesays.com\/no\/wp-json\/wp\/v2\/categories?post=106637"},{"taxonomy":"post_tag","embeddable":true,"href":"https:\/\/www.europesays.com\/no\/wp-json\/wp\/v2\/tags?post=106637"}],"curies":[{"name":"wp","href":"https:\/\/api.w.org\/{rel}","templated":true}]}}