{"id":106639,"date":"2025-12-07T15:14:16","date_gmt":"2025-12-07T15:14:16","guid":{"rendered":"https:\/\/www.europesays.com\/no\/106639\/"},"modified":"2025-12-07T15:14:16","modified_gmt":"2025-12-07T15:14:16","slug":"mening-cupfinalen-2025-bruk-vinteren-godt-sarpsborg-08-ledere","status":"publish","type":"post","link":"https:\/\/www.europesays.com\/no\/106639\/","title":{"rendered":"Mening, Cupfinalen 2025 | Bruk vinteren godt, Sarpsborg 08-ledere!"},"content":{"rendered":"\n<p>Med fasit i h\u00e5nd blir jo alt som kjent s\u00e5 mye enklere. En fasit som kanskje kunne sett litt annerledes ut med seier i cupfinalen. N\u00e5r den ble tapt p\u00e5 en m\u00e5te som f\u00f8ltes s\u00e5 enormt fattig ut etter en skrekkelig annen omgang, m\u00e5 svaret bli at dette ble en av de mest skuffende sesongene i klubbens historie. Ja faktisk, det eneste som kunne reddet denne sesongen var seier i finalen, men igjen kneler vi p\u00e5 Ullev\u00e5l.<\/p>\n<p>Kvalitet<\/p>\n<p>Ledelsen b\u00f8r bruke vinteren s\u00e6rdeles godt til \u00e5 skape mye st\u00f8rre kvalitet p\u00e5 trenerapparat og spilleranskaffelser. Det har med et mildt uttrykk ikke v\u00e6rt imponerende det herrens \u00e5r 2025. Hva vi f\u00e5r ut av penger og ressurser i forhold til andre klubber med vesentlig mindre midler er forstemmende og ikke minst overraskende. Jeg vet det tar tid \u00e5 bygge en vinnerkultur, men ikke 10-15 sesonger.<\/p>\n<p>Skulle jeg gi et tips p\u00e5 spillersiden s\u00e5 f\u00e5 inn et par spillere som l\u00f8per sokkene av seg som naboene litt lenger s\u00f8r har en del av. De trenger ikke v\u00e6re verdensmestere i balltriksing, men j\u00e6kla ubehagelig \u00e5 spille mot. Teknikere har vi nok av fra f\u00f8r, men de er ikke an og h\u00e6rf\u00f8rere n\u00e5r det brenner p\u00e5 den ber\u00f8mmelige dassen.<\/p>\n<p>Krav<\/p>\n<p>Vi er visst en hyggelig klubb og bra er det, men jeg har etterlyst at det m\u00e5 v\u00e6re rom for utestemme og t\u00f8ffere krav til alle ledd i klubben. S\u00e5 m\u00e5 trenersp\u00f8rsm\u00e5let l\u00f8ses p\u00e5 en m\u00e5te som er mer langsiktig enn det har v\u00e6rt til n\u00e5. Man m\u00e5 sette et tydelig spillem\u00f8nster basert p\u00e5 det materiellet man har og skaffer til veie. Tenk p\u00e5 trenere som Moesgaard i KFUM og \u00d8degaard i Sandefjord\/LSK og hva har f\u00e5tt og f\u00e5r til med mindre midler enn oss.<\/p>\n<p>\u00d8konomien blir det skrytt av med rette, og n\u00e5 b\u00f8r den brukes utelukkende p\u00e5 sportslig satsing for administrasjonen m\u00e5 vel v\u00e6re stor nok for en klubb av 08\u2019s st\u00f8rrelse. Dessuten blir man litt tr\u00f8tt p\u00e5 som supporter \u00e5 h\u00f8re om ambisjoner som i beste fall er et stykke unna realisering sesong etter sesong. Klubben n\u00e6rmer seg et punkt hvor de st\u00e5r i fare for \u00e5 tape en stor del av den oppsparte goodwillen.<\/p>\n<p>Identitet<\/p>\n<p>Hadde en god prat med alltid hyggelige og dyktige Espen Engebretsen her forleden dag. Han sa noe jeg bet meg merke i. FFK har en \u00abeier\u00bb og det er byen Fredrikstad og den identiteten folk i byen f\u00f8ler til laget m\u00e5 klubben levere p\u00e5. Det er absolutt noe ledelsen og den nye daglige lederen i 08 b\u00f8r ta seg ad notam. Hvis ikke kan det bli vanskelig \u00e5 snitte 5000 neste sesong.<\/p>\n<p>En klubb rik p\u00e5 penger, men fattig p\u00e5 resultater har ikke formatet til de viktigste 45 minuttene pluss tillegg denne sesongen heller.<\/p>\n<p>Nei n\u00e5 er det lov \u00e5 v\u00e6re skuffet en stund og la \u00f8ynene hvile p\u00e5 noe annet enn fotball. Kjenner jeg meg selv rett s\u00e5 er man \u00abp\u00e5 an igjen\u00bb s\u00e5nn medio januar med bygging av forventninger og h\u00e5p. Det siste er det jo som kjent det siste man blir fratatt her i jordelivet, et liv 08 har hatt en tendens til korte noe ned de siste sesongene.<\/p>\n<p>  <a href=\"https:\/\/www.sa.no\/5-46-1923990\" class=\"related-teaser has-image default-opinion-teaser article--c-eRUmMG article--c-eRUmMG-jKCPdD-design-default\" rel=\"nofollow noopener\" target=\"_blank\"><\/p>\n<p>    <img decoding=\"async\" loading=\"lazy\"  src=\"https:\/\/www.europesays.com\/no\/wp-content\/uploads\/2025\/12\/TAN_1110.JPG\" alt=\"\" class=\"brick-c-cFOWSL\" style=\"\"\/><\/p>\n<p>\n            Les ogs\u00e5<\/p>\n<p>              Anledningen ble for stor for b\u00e5de spillere og trenere\n        <\/p>\n<p>  <\/a><\/p>\n<p>    Vil du se neste video?<\/p>\n<p>    <a href=\"https:\/\/www.sa.no\/2-desember-hvor-er-vi-i-dag\/v\/5-46-1921063\" class=\"recommend-poster\" data-adp-clicklabel=\"video-recommend\" data-adp-clickvalue=\"poster\" rel=\"nofollow noopener\" target=\"_blank\"><br \/>\n      <img decoding=\"async\" width=\"200\" height=\"200\" loading=\"lazy\" src=\"https:\/\/www.europesays.com\/no\/wp-content\/uploads\/2025\/12\/v-i-5d7c1fba-59a2-432c-aca7-5c092fd22c3a-1.jpg\" alt=\"\" class=\"brick-c-cFOWSL\" style=\"--brick-image-ratio: 200 \/ 200;\"\/><\/p>\n<p>2. desember: Hvor er vi i dag?0:59<\/p>\n<p>    <\/a><\/p>\n<p>  <a href=\"https:\/\/www.sa.no\/5-46-1924983\" class=\"related-teaser has-image default-story-teaser article--c-eRUmMG article--c-eRUmMG-jKCPdD-design-default\" rel=\"nofollow noopener\" target=\"_blank\"><\/p>\n<p>    <img decoding=\"async\" loading=\"lazy\"  src=\"https:\/\/www.europesays.com\/no\/wp-content\/uploads\/2025\/12\/Martin+Foyston.jpg\" alt=\"\" class=\"brick-c-cFOWSL\" style=\"\"\/><\/p>\n<p>\n            Les ogs\u00e5<\/p>\n<p>              Foystons bitre farvel: \u2013 Lei meg og oppr\u00f8rt\n        <\/p>\n<p>  <\/a><\/p>\n","protected":false},"excerpt":{"rendered":"Med fasit i h\u00e5nd blir jo alt som kjent s\u00e5 mye enklere. En fasit som kanskje kunne sett&hellip;\n","protected":false},"author":2,"featured_media":106640,"comment_status":"","ping_status":"","sticky":false,"template":"","format":"standard","meta":{"footnotes":""},"categories":[59],"tags":[36,11280,3218,30,28,29,1533,133,83,82],"class_list":{"0":"post-106639","1":"post","2":"type-post","3":"status-publish","4":"format-standard","5":"has-post-thumbnail","7":"category-sport","8":"tag-art","9":"tag-cupfinalen-2025","10":"tag-mening","11":"tag-no","12":"tag-norge","13":"tag-norway","14":"tag-opinion","15":"tag-sarpsborg-08","16":"tag-sport","17":"tag-sports"},"share_on_mastodon":{"url":"https:\/\/pubeurope.com\/@no\/115678941509199103","error":""},"_links":{"self":[{"href":"https:\/\/www.europesays.com\/no\/wp-json\/wp\/v2\/posts\/106639","targetHints":{"allow":["GET"]}}],"collection":[{"href":"https:\/\/www.europesays.com\/no\/wp-json\/wp\/v2\/posts"}],"about":[{"href":"https:\/\/www.europesays.com\/no\/wp-json\/wp\/v2\/types\/post"}],"author":[{"embeddable":true,"href":"https:\/\/www.europesays.com\/no\/wp-json\/wp\/v2\/users\/2"}],"replies":[{"embeddable":true,"href":"https:\/\/www.europesays.com\/no\/wp-json\/wp\/v2\/comments?post=106639"}],"version-history":[{"count":0,"href":"https:\/\/www.europesays.com\/no\/wp-json\/wp\/v2\/posts\/106639\/revisions"}],"wp:featuredmedia":[{"embeddable":true,"href":"https:\/\/www.europesays.com\/no\/wp-json\/wp\/v2\/media\/106640"}],"wp:attachment":[{"href":"https:\/\/www.europesays.com\/no\/wp-json\/wp\/v2\/media?parent=106639"}],"wp:term":[{"taxonomy":"category","embeddable":true,"href":"https:\/\/www.europesays.com\/no\/wp-json\/wp\/v2\/categories?post=106639"},{"taxonomy":"post_tag","embeddable":true,"href":"https:\/\/www.europesays.com\/no\/wp-json\/wp\/v2\/tags?post=106639"}],"curies":[{"name":"wp","href":"https:\/\/api.w.org\/{rel}","templated":true}]}}