{"id":106653,"date":"2025-12-07T15:26:31","date_gmt":"2025-12-07T15:26:31","guid":{"rendered":"https:\/\/www.europesays.com\/no\/106653\/"},"modified":"2025-12-07T15:26:31","modified_gmt":"2025-12-07T15:26:31","slug":"politi-krim-ung-mann-endte-i-arresten","status":"publish","type":"post","link":"https:\/\/www.europesays.com\/no\/106653\/","title":{"rendered":"Politi, Krim | Ung mann endte i arresten"},"content":{"rendered":"\n<p>Politiet kom f\u00f8rst over mannen i forbindelse med et slagsm\u00e5l utenfor et utested i Skolegata i Kristiansund sentrum.<\/p>\n<p>De to som sl\u00e5ss var en mann i midten av tjue\u00e5ra og en mann i slutten av ten\u00e5ra. Ingen av de fremsto som skadet da politiet kom til stedet, og begge ble bortvist fra sentrum like etter klokken 01:00 i natt.<\/p>\n<p>Mannen i midten av tjue\u00e5ra kom tilbake til sentrum, knappe tre kvarter senere og ble innbragt til politistasjonen hvor han har tilbragt natten. Mannen anmeldes for forholdet.<\/p>\n","protected":false},"excerpt":{"rendered":"Politiet kom f\u00f8rst over mannen i forbindelse med et slagsm\u00e5l utenfor et utested i Skolegata i Kristiansund sentrum.&hellip;\n","protected":false},"author":2,"featured_media":4145,"comment_status":"","ping_status":"","sticky":false,"template":"","format":"standard","meta":{"footnotes":""},"categories":[10],"tags":[36,20,21,24,25,15,983,298,22,23,13,30,28,29,14,16,254,1510,26,27],"class_list":{"0":"post-106653","1":"post","2":"type-post","3":"status-publish","4":"format-standard","5":"has-post-thumbnail","7":"category-norge","8":"tag-art","9":"tag-breaking-news","10":"tag-breakingnews","11":"tag-featured-news","12":"tag-featurednews","13":"tag-headlines","14":"tag-krim","15":"tag-kristiansund","16":"tag-latest-news","17":"tag-latestnews","18":"tag-news","19":"tag-no","20":"tag-norge","21":"tag-norway","22":"tag-nyheter","23":"tag-overskrifter","24":"tag-politi","25":"tag-story","26":"tag-top-stories","27":"tag-topstories"},"share_on_mastodon":{"url":"https:\/\/pubeurope.com\/@no\/115678988511210601","error":""},"_links":{"self":[{"href":"https:\/\/www.europesays.com\/no\/wp-json\/wp\/v2\/posts\/106653","targetHints":{"allow":["GET"]}}],"collection":[{"href":"https:\/\/www.europesays.com\/no\/wp-json\/wp\/v2\/posts"}],"about":[{"href":"https:\/\/www.europesays.com\/no\/wp-json\/wp\/v2\/types\/post"}],"author":[{"embeddable":true,"href":"https:\/\/www.europesays.com\/no\/wp-json\/wp\/v2\/users\/2"}],"replies":[{"embeddable":true,"href":"https:\/\/www.europesays.com\/no\/wp-json\/wp\/v2\/comments?post=106653"}],"version-history":[{"count":0,"href":"https:\/\/www.europesays.com\/no\/wp-json\/wp\/v2\/posts\/106653\/revisions"}],"wp:featuredmedia":[{"embeddable":true,"href":"https:\/\/www.europesays.com\/no\/wp-json\/wp\/v2\/media\/4145"}],"wp:attachment":[{"href":"https:\/\/www.europesays.com\/no\/wp-json\/wp\/v2\/media?parent=106653"}],"wp:term":[{"taxonomy":"category","embeddable":true,"href":"https:\/\/www.europesays.com\/no\/wp-json\/wp\/v2\/categories?post=106653"},{"taxonomy":"post_tag","embeddable":true,"href":"https:\/\/www.europesays.com\/no\/wp-json\/wp\/v2\/tags?post=106653"}],"curies":[{"name":"wp","href":"https:\/\/api.w.org\/{rel}","templated":true}]}}