{"id":106654,"date":"2025-12-07T15:27:09","date_gmt":"2025-12-07T15:27:09","guid":{"rendered":"https:\/\/www.europesays.com\/no\/106654\/"},"modified":"2025-12-07T15:27:09","modified_gmt":"2025-12-07T15:27:09","slug":"lando-norris-formel-1-lando-norris-sikret-sin-forste-vm-tittel-max-verstappen-vant-til-ingen-nytte","status":"publish","type":"post","link":"https:\/\/www.europesays.com\/no\/106654\/","title":{"rendered":"Lando Norris, Formel 1 | Lando Norris sikret sin f\u00f8rste VM-tittel \u2013 Max Verstappen vant til ingen nytte"},"content":{"rendered":"\n<p>Norris ville garantert sikre VM-tittelen med pallplass og innfridde ved \u00e5 komme p\u00e5 3.-plass.<\/p>\n<p>Gr\u00e5tkvalt takket han laget p\u00e5 teamradioen etter seieren var sikret.<\/p>\n<p>\u2013 Tusen takk. Dere oppfylte en gutts dr\u00f8m. Jeg elsker dere. Takk for alt, dere fortjener det. Jeg elsker deg mamma, jeg elsker deg pappa, takk for alt, sa Norris f\u00f8r t\u00e5rene tok overh\u00e5nd.<\/p>\n<p>Briten tok ikke noen sjanser p\u00e5 \u00e5 ta igjen verken Verstappen i tet eller lagkamerat Oscar Piastri, som endte p\u00e5 2.-plass i l\u00f8pet og 3.-plass totalt.<\/p>\n<p><b>Les ogs\u00e5:<\/b> <a href=\"https:\/\/www.nettavisen.no\/sport\/skrekkbilder-de-er-bekymret\/s\/5-95-2760025\" rel=\"Follow nofollow noopener\" target=\"_blank\">Skrekkbilder: \u2013 De er bekymret<\/a><\/p>\n<p>For Verstappen holdt det ikke helt inn. Nederlenderen har v\u00e6rt n\u00e6rmest utiln\u00e6rmelig de siste \u00e5rene, men en svak start p\u00e5 sesongen \u00f8dela for mannen som sto med fire strake VM-titler.<\/p>\n<p>Verstappen kjempet til siste slutt og vant l\u00f8pet ganske enkelt, ettersom McLaren-f\u00f8rerne bak ham ikke tok noen sjanser.<\/p>\n<p>Likevel er det Norris som kan juble h\u00f8yest, etter at han endte Verstappens seiersrekke i Formel 1 med sin f\u00f8rste seier sammenlagt.<\/p>\n<p>Gnisning i McLaren<\/p>\n<p>I McLaren kan man juble for en n\u00e6rmest perfekt sesong, med vinneren i sammendraget og en soleklar seier i konstrukt\u00f8rmesterskapet.<\/p>\n<p>Sesongen har likevel ikke v\u00e6rt foruten dramatikk, ogs\u00e5 innad i laget.<\/p>\n<p>I Italias Grand Prix i september, ble dav\u00e6rende VM-leder Piastri beordret av laget til \u00e5 slippe Norris forbi seg. Det kom etter et d\u00e5rlig pitstopp for Norris, som gjorde at han endte bak Piastri, som slapp tr\u00f8bbel i depotet.<\/p>\n<p><b>Les ogs\u00e5:<\/b> <a href=\"https:\/\/www.nettavisen.no\/sport\/kristoffer-reitan-seiret-i-sor-afrika-etter-sluttdrama-klar-for-the-masters\/s\/5-95-2767105\" rel=\"Follow nofollow noopener\" target=\"_blank\">Reitan seiret etter sluttdrama \u2013 klar for The Masters<\/a><\/p>\n<p>Piastri lystret og endte p\u00e5 3.-plass bak Norris p\u00e5 2.-plass. Det tjente briten seks poeng p\u00e5 i forhold til sin lagkamerat og kunne blitt det som avgjorde kampen om VM-tittelen.<\/p>\n<p>For med snaut 20 runder igjen ledet Piastri i Abu Dhabis Grand Prix, med Norris p\u00e5 3.-plass. Hadde l\u00f8pet endt slik, hadde Norris vunnet sammenlagt med akkurat seks poeng foran Piastri.<\/p>\n<p>Ved poenglikhet er det antall l\u00f8psseiere som avgj\u00f8r. Der sto b\u00e5de Piastri og Norris med sju hver f\u00f8r s\u00f8ndagens l\u00f8p.<\/p>\n<p>Utenfor banen<\/p>\n<p>Selv om Norris til slutt fikk et forholdsvis komfortabelt l\u00f8p for \u00e5 sikre VM-seieren, kunne det g\u00e5tt galt da l\u00f8pet n\u00e6rmet seg halvveis. <\/p>\n<p>Etter dr\u00f8yt 20 runder fikk Norris en utfordring med \u00e5 ta seg forbi Verstappens teamkamerat Yuki Tsunoda, som ikke hadde g\u00e5tt inn i depotet i et fors\u00f8k p\u00e5 \u00e5 pr\u00f8ve \u00e5 forsinke den britiske VM-lederen.<\/p>\n<p>Norris tok seg forbi ganske kjapt, men var utenfor banen under forbikj\u00f8ringen. Dommerne tok en titt p\u00e5 saken, men det var Tsunoda som fikk skylden for at Norris var utenfor banen.<\/p>\n<p>Derfra og ut var det ingen store hindringer for Norris, som sikret en plass p\u00e5 pallen i l\u00f8pet og en plass i historieb\u00f8kene som vinner av Formel 1-sesongen i 2025.<\/p>\n<p>(\u00a9NTB)<\/p>\n","protected":false},"excerpt":{"rendered":"Norris ville garantert sikre VM-tittelen med pallplass og innfridde ved \u00e5 komme p\u00e5 3.-plass. Gr\u00e5tkvalt takket han laget&hellip;\n","protected":false},"author":2,"featured_media":106655,"comment_status":"","ping_status":"","sticky":false,"template":"","format":"standard","meta":{"footnotes":""},"categories":[5],"tags":[20,21,24,25,15,19,22,23,17,18,13,30,28,29,14,16,26,27],"class_list":{"0":"post-106654","1":"post","2":"type-post","3":"status-publish","4":"format-standard","5":"has-post-thumbnail","7":"category-overskrifter","8":"tag-breaking-news","9":"tag-breakingnews","10":"tag-featured-news","11":"tag-featurednews","12":"tag-headlines","13":"tag-hovedoppslag","14":"tag-latest-news","15":"tag-latestnews","16":"tag-main-news","17":"tag-mainnews","18":"tag-news","19":"tag-no","20":"tag-norge","21":"tag-norway","22":"tag-nyheter","23":"tag-overskrifter","24":"tag-top-stories","25":"tag-topstories"},"share_on_mastodon":{"url":"https:\/\/pubeurope.com\/@no\/115678992535347659","error":""},"_links":{"self":[{"href":"https:\/\/www.europesays.com\/no\/wp-json\/wp\/v2\/posts\/106654","targetHints":{"allow":["GET"]}}],"collection":[{"href":"https:\/\/www.europesays.com\/no\/wp-json\/wp\/v2\/posts"}],"about":[{"href":"https:\/\/www.europesays.com\/no\/wp-json\/wp\/v2\/types\/post"}],"author":[{"embeddable":true,"href":"https:\/\/www.europesays.com\/no\/wp-json\/wp\/v2\/users\/2"}],"replies":[{"embeddable":true,"href":"https:\/\/www.europesays.com\/no\/wp-json\/wp\/v2\/comments?post=106654"}],"version-history":[{"count":0,"href":"https:\/\/www.europesays.com\/no\/wp-json\/wp\/v2\/posts\/106654\/revisions"}],"wp:featuredmedia":[{"embeddable":true,"href":"https:\/\/www.europesays.com\/no\/wp-json\/wp\/v2\/media\/106655"}],"wp:attachment":[{"href":"https:\/\/www.europesays.com\/no\/wp-json\/wp\/v2\/media?parent=106654"}],"wp:term":[{"taxonomy":"category","embeddable":true,"href":"https:\/\/www.europesays.com\/no\/wp-json\/wp\/v2\/categories?post=106654"},{"taxonomy":"post_tag","embeddable":true,"href":"https:\/\/www.europesays.com\/no\/wp-json\/wp\/v2\/tags?post=106654"}],"curies":[{"name":"wp","href":"https:\/\/api.w.org\/{rel}","templated":true}]}}