{"id":106656,"date":"2025-12-07T15:28:11","date_gmt":"2025-12-07T15:28:11","guid":{"rendered":"https:\/\/www.europesays.com\/no\/106656\/"},"modified":"2025-12-07T15:28:11","modified_gmt":"2025-12-07T15:28:11","slug":"skuffet-botn-pa-pallen-barnslig-skuffelse","status":"publish","type":"post","link":"https:\/\/www.europesays.com\/no\/106656\/","title":{"rendered":"Skuffet Botn p\u00e5 pallen: \u2013 Barnslig skuffelse"},"content":{"rendered":"\n<p class=\"_lead_o9xde_2 _lead_xtcu6_50 layout-component text-serif-m layout-normal text-serif-l layout-component layout-wide layout-padded _wide_17hqh_1 layout-padded\">Johan-Olav Botn (26) var p\u00e5 vei mot sin tredje triumf i verdenscupen i skiskyting, men endte opp med 3.-plass i s\u00f8ndagens jaktstart i \u00d6stersund.<\/p>\n<p><img alt=\" Foto: MATHIAS BERGELD \/ Bildbyr\u00e5n\" class=\"_image_qp4xg_65 layout-component layout-wide\" data-fullscreen- data-track-element-type=\"Article image fullscreen\" data-track-name=\"ImageFullscreen\" fetchpriority=\"high\" decoding=\"sync\" loading=\"eager\" height=\"4000\" itemprop=\"image\"  src=\"https:\/\/www.europesays.com\/no\/wp-content\/uploads\/2025\/12\/9e904d4d-f6ab-42f4-a1e6-add87d169efb\"  style=\"object-position:0% 0%\" width=\"6000\"\/> Foto: MATHIAS BERGELD \/ Bildbyr\u00e5n<\/p>\n<ul aria-hidden=\"true\" class=\"_images_ntbth_112\">\n<li><a class=\"_link_ntbth_117\" href=\"https:\/\/www.vg.no\/forfatter\/synne-sofie-christiansen-2\" style=\"z-index:2\" title=\"Synne Sofie Christiansen\" rel=\"nofollow noopener\" target=\"_blank\"><img alt=\"Bilde av Synne Sofie Christiansen\" class=\"_image_ntbth_93\" fetchpriority=\"low\" loading=\"lazy\" decoding=\"async\" itemprop=\"image\"  src=\"https:\/\/www.europesays.com\/no\/wp-content\/uploads\/2025\/12\/1765121289_612_8d683f6f-f2ba-47ca-8bcc-2db625b33cb1\"  width=\"480\"\/><\/a><\/li>\n<li><a class=\"_link_ntbth_117\" href=\"https:\/\/www.vg.no\/forfatter\/ntb\" style=\"z-index:1\" title=\"NTB\" rel=\"nofollow noopener\" target=\"_blank\"><img alt=\"Bilde av NTB\" class=\"_image_ntbth_93\" fetchpriority=\"low\" loading=\"lazy\" decoding=\"async\" itemprop=\"image\"  src=\"https:\/\/www.europesays.com\/no\/wp-content\/uploads\/2025\/12\/1765121290_796_c33980b0-5d07-4027-84a1-813f90a7c8d6\"  width=\"480\"\/><\/a><\/li>\n<\/ul>\n<p> Oppdatert s\u00f8ndag 7. desember kl. 16:03     <\/p>\n<p class=\"_paragraph_o9xde_4 _paragraph_xtcu6_10 layout-component text-serif-m layout-normal text-serif-m layout-padded\">\u2013 Jeg er ikke forn\u00f8yd. Det er litt surrealistisk hele greia. Jeg har blitt for godt vant de siste dagene. Det er litt barnslig skuffelse. Jeg har store krav til meg selv, sier Botn til NRK. <\/p>\n<p class=\"_paragraph_o9xde_4 _paragraph_xtcu6_10 layout-component text-serif-m layout-normal text-serif-m layout-padded\"><a href=\"https:\/\/www.vg.no\/tag\/johan-olav-botn?utm_source=vg-article&amp;utm_medium=auto-tagger&amp;utm_campaign=Exob4l\" class=\"_link_o9xde_39\" rel=\"nofollow noopener\" target=\"_blank\">Johan-Olav Botn<\/a> \u00e5pnet verdenscupsesongen med \u00e5 vinne normaldistansen over 20 kilometer f\u00f8r han fortsatte med \u00e5 vinne sprinten. Det gjorde at han gikk f\u00f8rst ut i jaktstarten if\u00f8rt den gule ledertr\u00f8ya.<\/p>\n<p class=\"_paragraph_o9xde_4 _paragraph_xtcu6_10 layout-component text-serif-m layout-normal text-serif-m layout-padded\">Der ble det to bom totalt, og det samme hadde vinneren Quentin Fillon Maillet fra Frankrike, som vant med 6,7 sekunder ned til Sebastian Samuelsson. <\/p>\n<p><img alt=\"Foto: MATHIAS BERGELD \/ Bildbyr\u00e5n\" class=\"_image_qp4xg_65 layout-component layout-normal\" data-fullscreen- data-track-element-type=\"Article image fullscreen\" data-track-name=\"ImageFullscreen\" decoding=\"async\" loading=\"lazy\" height=\"4000\" itemprop=\"image\"  src=\"https:\/\/www.europesays.com\/no\/wp-content\/uploads\/2025\/12\/bee28052-7d1f-4e56-a014-1584c3a6a9af\"  style=\"object-position:0% 0%\" width=\"6000\"\/>Foto: MATHIAS BERGELD \/ Bildbyr\u00e5n<\/p>\n<p class=\"_paragraph_o9xde_4 _paragraph_xtcu6_10 layout-component text-serif-m layout-normal text-serif-m layout-padded\">Svensken hadde ogs\u00e5 to bom, men gikk fortere enn Botn i sporet p\u00e5 sisterunden.<\/p>\n<p class=\"_paragraph_o9xde_4 _paragraph_xtcu6_10 layout-component text-serif-m layout-normal text-serif-m layout-padded\">Botn traff alle blinkene b\u00e5de p\u00e5 20-kilometeren og i sprinten, men bommet f\u00f8rst \u00e9n gang p\u00e5 tredje skyting. Til tross for bommen s\u00e5 ledet han fortsatt inn til siste skyting, men med en ny bom der ble det for t\u00f8ft med \u00e5 ta en ny seier.<br \/>\u2013 At Botn skulle v\u00e6re s\u00e5 suveren og lede verdenscupen sammenlagt, hadde jeg ikke sett komme. Men det er veldig gledelig, sier NRKs ekspert Marte Olsbu R\u00f8iseland. <\/p>\n<p><img alt=\"Foto: MATHIAS BERGELD \/ Bildbyr\u00e5n\" class=\"_image_qp4xg_65 layout-component layout-normal\" data-fullscreen- data-track-element-type=\"Article image fullscreen\" data-track-name=\"ImageFullscreen\" decoding=\"async\" loading=\"lazy\" height=\"4000\" itemprop=\"image\"  src=\"https:\/\/www.europesays.com\/no\/wp-content\/uploads\/2025\/12\/f4dde0e3-9cae-4708-bbb8-12f5cf06a505\"  style=\"object-position:0% 0%\" width=\"6000\"\/>Foto: MATHIAS BERGELD \/ Bildbyr\u00e5n    <\/p>\n","protected":false},"excerpt":{"rendered":"Johan-Olav Botn (26) var p\u00e5 vei mot sin tredje triumf i verdenscupen i skiskyting, men endte opp med&hellip;\n","protected":false},"author":2,"featured_media":106657,"comment_status":"","ping_status":"","sticky":false,"template":"","format":"standard","meta":{"footnotes":""},"categories":[59],"tags":[13252,30,28,29,769,83,82],"class_list":{"0":"post-106656","1":"post","2":"type-post","3":"status-publish","4":"format-standard","5":"has-post-thumbnail","7":"category-sport","8":"tag-johan-olav-botn","9":"tag-no","10":"tag-norge","11":"tag-norway","12":"tag-skiskyting","13":"tag-sport","14":"tag-sports"},"share_on_mastodon":{"url":"https:\/\/pubeurope.com\/@no\/115678996710929132","error":""},"_links":{"self":[{"href":"https:\/\/www.europesays.com\/no\/wp-json\/wp\/v2\/posts\/106656","targetHints":{"allow":["GET"]}}],"collection":[{"href":"https:\/\/www.europesays.com\/no\/wp-json\/wp\/v2\/posts"}],"about":[{"href":"https:\/\/www.europesays.com\/no\/wp-json\/wp\/v2\/types\/post"}],"author":[{"embeddable":true,"href":"https:\/\/www.europesays.com\/no\/wp-json\/wp\/v2\/users\/2"}],"replies":[{"embeddable":true,"href":"https:\/\/www.europesays.com\/no\/wp-json\/wp\/v2\/comments?post=106656"}],"version-history":[{"count":0,"href":"https:\/\/www.europesays.com\/no\/wp-json\/wp\/v2\/posts\/106656\/revisions"}],"wp:featuredmedia":[{"embeddable":true,"href":"https:\/\/www.europesays.com\/no\/wp-json\/wp\/v2\/media\/106657"}],"wp:attachment":[{"href":"https:\/\/www.europesays.com\/no\/wp-json\/wp\/v2\/media?parent=106656"}],"wp:term":[{"taxonomy":"category","embeddable":true,"href":"https:\/\/www.europesays.com\/no\/wp-json\/wp\/v2\/categories?post=106656"},{"taxonomy":"post_tag","embeddable":true,"href":"https:\/\/www.europesays.com\/no\/wp-json\/wp\/v2\/tags?post=106656"}],"curies":[{"name":"wp","href":"https:\/\/api.w.org\/{rel}","templated":true}]}}