{"id":106660,"date":"2025-12-07T15:33:09","date_gmt":"2025-12-07T15:33:09","guid":{"rendered":"https:\/\/www.europesays.com\/no\/106660\/"},"modified":"2025-12-07T15:33:09","modified_gmt":"2025-12-07T15:33:09","slug":"skatt-2024-arbeidsliv-store-forskjeller-pa-inntektene-sa-mye-tjener-de-som-bestemmer-der-du-bor-helgelendingen","status":"publish","type":"post","link":"https:\/\/www.europesays.com\/no\/106660\/","title":{"rendered":"Skatt 2024, Arbeidsliv | Store forskjeller p\u00e5 inntektene &#8211; s\u00e5 mye tjener de som bestemmer der du bor &#8211; Helgelendingen"},"content":{"rendered":"<ol>\n<li><a href=\"https:\/\/news.google.com\/rss\/articles\/CBMirAFBVV95cUxNcEtPU0V6QTlnRkdSYnhYdjNpaU1WbUlpeWhSZzZVSE9hMTFYQXlFVmQ1bVNTQmxoRkhZS3lVZVI0cS1CNFRmUE5kdGRldFBaM0cyc1pIb1o1d3NfNmdscEM3cU1QM01MdndsZVotZGZjSEYzYzRMV1p6MW9pMWZlakIydjZmNm1GaGtTb3F3OWo2QWJyMER5UFpDZ3Bjdk10d1MzRlVCZkJrTWpG?oc=5\" target=\"_blank\" rel=\"nofollow noopener\">Skatt 2024, Arbeidsliv | Store forskjeller p\u00e5 inntektene &#8211; s\u00e5 mye tjener de som bestemmer der du bor<\/a>&nbsp;&nbsp;Helgelendingen<\/li>\n<li><a href=\"https:\/\/news.google.com\/rss\/articles\/CBMijwFBVV95cUxQOTFOTEM2UUFIUGdDeENRNGtnNm9WNHQzTlJ2b2tabjM4eEJOZHRwSGdBYlBYVVdGTnZyLVNaUnl4QjRhdENaYkM2d1l0RmswYWM2ckl2ZVNPVHBnQWJpSEstYlAxTzR1WjM0X1pNamlQaTN1QVdTVWJkS3dLQzR5QzNlUThGZ05Ba0tlV2tvQQ?oc=5\" target=\"_blank\" rel=\"nofollow noopener\">Skinlo toppar lista: Dette tente kommunetoppane<\/a>&nbsp;&nbsp;Porten.no<\/li>\n<li><a href=\"https:\/\/news.google.com\/rss\/articles\/CBMiwAFBVV95cUxPa2Y3TlJ2MkRnTms4YXFCTGJONUZmQVNLUFZHd195NzBGeWRKV1VKeTdWZGRvbFNSR3BlMGJEelg0ZV9WTEZlR2lvcVkzQlZuMGZkUXl5T0xWRDkycUdqWlBJVGgzcy1XTmZkR1VEcTdVQmNFeGlPRW1GU29BWUxvejlFSDVYd2pMME5SeHZHMGl5MmJyMTIwV2ZYNGppVWpiYTRlSE5wU2xMTkJLYjhhZ0VQbldWTTVIMkZnMFgtNWs?oc=5\" target=\"_blank\" rel=\"nofollow noopener\">Dette tjente ordf\u00f8rerne og kommunedirekt\u00f8rene i ST-land: &#8211; Jeg har veldig god l\u00f8nn<\/a>&nbsp;&nbsp;avisa-st.no<\/li>\n<li><a href=\"https:\/\/news.google.com\/rss\/articles\/CBMingFBVV95cUxQNF9tbFg1a3lqY1dFOG1iWVg2RFdyeVVITUo3WVVQYVV3dUhreFBFcFQ0ejc3aXNHZ1U2YjdvQ3lIa0RVaGZuZG84d2NRUE96U3I2dFNLbjgwUjFzQ25hN0FXWFdHal9qSEt0UU5VeTUwbU9hSURBWXZ4QzBTZEw4V3VjbnFfUXY1TzEtMF8yWlVTQ3dqdVEzQkdvdXlYQQ?oc=5\" target=\"_blank\" rel=\"nofollow noopener\">Dette tjente kommunetoppene: \u2013 Det er meningsfylt arbeid<\/a>&nbsp;&nbsp;agderposten.no<\/li>\n<li><a href=\"https:\/\/news.google.com\/rss\/articles\/CBMif0FVX3lxTFBsanNWaUtWODNwYlYzdjJfVnFwR0V5SmFoelRWMlI1WkV3bXlpOV9OUlFwSFVPWkxYd29wdzVDblZUbnJiN0NkQWxINmgxd2FybkdGQzJ3Zlc2ZU54MFpPbzhzNGNTaW55MnlVRVI5WnZMdm94TXpDVWNSRnU5ZFE?oc=5\" target=\"_blank\" rel=\"nofollow noopener\">Ordf\u00f8rer tjente mest i Vevelstad<\/a>&nbsp;&nbsp;banett.no<\/li>\n<\/ol>\n","protected":false},"excerpt":{"rendered":"Skatt 2024, Arbeidsliv | Store forskjeller p\u00e5 inntektene &#8211; s\u00e5 mye tjener de som bestemmer der du bor&nbsp;&nbsp;Helgelendingen&hellip;\n","protected":false},"author":2,"featured_media":106661,"comment_status":"","ping_status":"","sticky":false,"template":"","format":"standard","meta":{"footnotes":""},"categories":[10],"tags":[20,21,24,25,15,22,23,13,30,28,29,14,16,26,27],"class_list":{"0":"post-106660","1":"post","2":"type-post","3":"status-publish","4":"format-standard","5":"has-post-thumbnail","7":"category-norge","8":"tag-breaking-news","9":"tag-breakingnews","10":"tag-featured-news","11":"tag-featurednews","12":"tag-headlines","13":"tag-latest-news","14":"tag-latestnews","15":"tag-news","16":"tag-no","17":"tag-norge","18":"tag-norway","19":"tag-nyheter","20":"tag-overskrifter","21":"tag-top-stories","22":"tag-topstories"},"share_on_mastodon":{"url":"https:\/\/pubeurope.com\/@no\/115679016094182654","error":""},"_links":{"self":[{"href":"https:\/\/www.europesays.com\/no\/wp-json\/wp\/v2\/posts\/106660","targetHints":{"allow":["GET"]}}],"collection":[{"href":"https:\/\/www.europesays.com\/no\/wp-json\/wp\/v2\/posts"}],"about":[{"href":"https:\/\/www.europesays.com\/no\/wp-json\/wp\/v2\/types\/post"}],"author":[{"embeddable":true,"href":"https:\/\/www.europesays.com\/no\/wp-json\/wp\/v2\/users\/2"}],"replies":[{"embeddable":true,"href":"https:\/\/www.europesays.com\/no\/wp-json\/wp\/v2\/comments?post=106660"}],"version-history":[{"count":0,"href":"https:\/\/www.europesays.com\/no\/wp-json\/wp\/v2\/posts\/106660\/revisions"}],"wp:featuredmedia":[{"embeddable":true,"href":"https:\/\/www.europesays.com\/no\/wp-json\/wp\/v2\/media\/106661"}],"wp:attachment":[{"href":"https:\/\/www.europesays.com\/no\/wp-json\/wp\/v2\/media?parent=106660"}],"wp:term":[{"taxonomy":"category","embeddable":true,"href":"https:\/\/www.europesays.com\/no\/wp-json\/wp\/v2\/categories?post=106660"},{"taxonomy":"post_tag","embeddable":true,"href":"https:\/\/www.europesays.com\/no\/wp-json\/wp\/v2\/tags?post=106660"}],"curies":[{"name":"wp","href":"https:\/\/api.w.org\/{rel}","templated":true}]}}