{"id":106662,"date":"2025-12-07T15:34:12","date_gmt":"2025-12-07T15:34:12","guid":{"rendered":"https:\/\/www.europesays.com\/no\/106662\/"},"modified":"2025-12-07T15:34:12","modified_gmt":"2025-12-07T15:34:12","slug":"blir-det-hvit-jul-i-oslo-2025-meteorologen-svarer","status":"publish","type":"post","link":"https:\/\/www.europesays.com\/no\/106662\/","title":{"rendered":"Blir det hvit jul i Oslo 2025? Meteorologen svarer"},"content":{"rendered":"<p class=\"extendedContent hyperion-css-eyn926\" data-test-tag=\"lead-text\">Forel\u00f8pig ser det gr\u00e5tt ut. Men hvit jul i Oslo er kanskje vanligere enn du tror.<\/p>\n<p><img decoding=\"async\" class=\"image-asset hyperion-css-u06ts1\" data-test-tag=\"image-asset\" src=\"https:\/\/www.europesays.com\/no\/wp-content\/uploads\/2025\/12\/53dc9f52-b4a5-46ff-9faa-3995e18ad38e\"  alt=\"Vinterland uten sn\u00f8 i Oslo sentrum. \"  loading=\"eager\" fetchpriority=\"high\" style=\"aspect-ratio:2048 \/ 1366\"\/>Vinterland uten sn\u00f8 i Oslo sentrum. Foto: Dan P. Neegaard \/ Aftenposten<\/p>\n<p>Publisert: 07.12.2025 15:25<\/p>\n<p>Kortversjonen<\/p>\n<ul class=\"hyperion-css-1wfq1v6\" data-test-tag=\"list\">\n<li class=\"hyperion-css-13wylk3\">Sannsynligheten for hvit jul i Oslo i \u00e5r er lav, if\u00f8lge Meteorologisk institutt.<\/li>\n<li class=\"hyperion-css-13wylk3\">Oslo har faktisk hatt hvit jul de fire siste \u00e5rene, men klimaendringer gj\u00f8r julesn\u00f8en stadig sjeldnere.<\/li>\n<li class=\"hyperion-css-13wylk3\">For \u00e5 sikre seg hvit jul anbefales Oslofolk \u00e5 dra h\u00f8yere opp eller lenger inn i landet<\/li>\n<\/ul>\n<p data-nosnippet=\"true\" class=\"hyperion-css-1qe9pn0\">Sammendraget er laget ved hjelp av kunstig intelligens (KI) og kvalitetssikret av Aftenpostens journalister.<\/p>\n<p>Vis mer<\/p>\n<p class=\"paywall hyperion-css-1j42uic\">Det begynner \u00e5 dra seg mot julaften n\u00e5, for \u00e5 si det mildt. Og noe annet som er mildt, er v\u00e6ret i Oslo. <\/p>\n<p class=\"paywall hyperion-css-1j42uic\">I stedet for at folk skal sitte og h\u00e5pe p\u00e5 at v\u00e6rgudene leverer hvit jul p\u00e5 overtid, har Aftenposten like gjerne spurt dem som faktisk kan noe om det.<\/p>\n<p class=\"paywall hyperion-css-1j42uic\"><strong>Det store sp\u00f8rsm\u00e5let er nemlig det samme hvert \u00e5r: Blir det hvit jul? <\/strong><\/p>\n<p>Fire hvite p\u00e5 rad<\/p>\n<p class=\"paywall hyperion-css-1j42uic\">Noen har kanskje sluttet \u00e5 h\u00e5pe p\u00e5 hvit jul i hovedstaden.<\/p>\n<p class=\"paywall hyperion-css-1j42uic\">Med klimaendringene er sannsynligheten for sn\u00f8 p\u00e5 julaften blitt mye lavere for store deler av landet, og de st\u00f8rste endringene har skjedd p\u00e5 S\u00f8r- og \u00d8stlandet, if\u00f8lge Meteorologisk institutt.<\/p>\n<p class=\"paywall hyperion-css-1j42uic\">Men Terje Alsvik Wall\u00f8e i Meteorologisk institutt p\u00e5peker at det har v\u00e6rt sn\u00f8 p\u00e5 julaften i Oslo de fire siste \u00e5rene.<\/p>\n<p class=\"paywall hyperion-css-1j42uic\"><strong>\u2013 Vi har faktisk hatt fire hvite juler p\u00e5 rad, sier han til Aftenposten.<\/strong><\/p>\n<p class=\"paywall hyperion-css-1j42uic\">Meteorologisk institutt definerer hvit jul som et sn\u00f8dekke p\u00e5 minst 1 cm p\u00e5 bakken om morgenen 24. desember. <\/p>\n<p class=\"paywall hyperion-css-1j42uic\">Sn\u00f8en i fjor var imidlertid kortvarig.<\/p>\n<p class=\"paywall hyperion-css-1j42uic\">If\u00f8lge Wall\u00f8e startet julemorgenen med to cm sn\u00f8 p\u00e5 bakken, som deretter \u00f8kte til fem cm utover dagen.<\/p>\n<p><img decoding=\"async\" class=\"image-asset hyperion-css-n6kkq1\" data-test-tag=\"image-asset\" src=\"https:\/\/www.europesays.com\/no\/wp-content\/uploads\/2025\/12\/5586e517-f2f8-40b3-a956-b879c60d9bec\"  alt=\"\"  fetchpriority=\"auto\" style=\"aspect-ratio:2048 \/ 1366\"\/>Foto: Martin Slottemo Lyngstad \/ Aftenposten<img decoding=\"async\" class=\"image-asset hyperion-css-n6kkq1\" data-test-tag=\"image-asset\" src=\"https:\/\/www.europesays.com\/no\/wp-content\/uploads\/2025\/12\/06e8c149-1e7c-421f-a426-fb3ab6c30cda\"  alt=\"\"  fetchpriority=\"auto\" style=\"aspect-ratio:2048 \/ 1366\"\/>Foto: Martin Slottemo Lyngstad \/ Aftenposten<\/p>\n<p>Julaften 2024: Skif\u00f8re i Frognerparken. <\/p>\n<p>Innen f\u00f8rste juledag hadde den hvite julen regnet bort. Andre juledag b\u00f8d p\u00e5 4 grader og overskyet v\u00e6r. <\/p>\n<p class=\"paywall hyperion-css-1j42uic\">De tre \u00e5rene f\u00f8r var det noe annet. Det l\u00e5 12 cm sn\u00f8 i 2023, ni cm i 2022 og seks cm i 2021.<\/p>\n<p class=\"paywall hyperion-css-1j42uic\">I 2020 glimret sn\u00f8en derimot med sitt frav\u00e6r.<\/p>\n<p class=\"paywall hyperion-css-1j42uic\">\u2013 Historisk sett sier vi ofte at det er 50 prosent sjanse, men de siste ti \u00e5rene har faktisk seks av ti julaftener i Oslo hatt sn\u00f8, sier Wall\u00f8e.<\/p>\n<p>Hva med i \u00e5r?<\/p>\n<p class=\"paywall hyperion-css-1j42uic\">\u2013 Jeg vil si at sannsynligheten for hvit jul i Oslo i \u00e5r er lav, for det ser mildt ut frem mot jul, sier meteorolog Wall\u00f8e.<\/p>\n<p class=\"paywall hyperion-css-1j42uic\">Samtidig understreker han at julaften fortsatt er et stykke unna i v\u00e6rvarslingssammenheng.<\/p>\n<p class=\"paywall hyperion-css-1j42uic\">For sn\u00f8-sultne Osloborgere som vil oppleve hvit jul, anbefaler Wall\u00f8e \u00e5 komme seg inn i landet og opp i h\u00f8yden. <\/p>\n<p class=\"paywall hyperion-css-1j42uic\">P\u00e5 Golsfjellet i Hallingdal er skisporene allerede i ferd med \u00e5 bli kj\u00f8rt opp av Alpinsenter Bualie.<\/p>\n<p>Hvor i Norge m\u00e5 du dra for \u00e5 f\u00e5 en hvit jul? P\u00e5 Gol prepper de l\u00f8ypene allerede n\u00e5. Video: Golsfjellet Alpinsenter Bualie. <\/p>\n<p class=\"paywall hyperion-css-1j42uic\">\u2013 Statistisk sett s\u00e5 er det jo lenger inn i landet og opp i h\u00f8yden du kommer, jo st\u00f8rre sannsynlighet er det, sier Wall\u00f8e.<\/p>\n<p class=\"paywall hyperion-css-1j42uic\"><strong>Han mener at hvis man drar for eksempel til Norefjell s\u00e5 skal det v\u00e6re gode sjanser for en hvit jul.<\/strong><\/p>\n<p class=\"paywall hyperion-css-1j42uic\">I andre deler av landet er det allerede kommet en del sn\u00f8, forteller Wall\u00f8e. <\/p>\n<p class=\"paywall hyperion-css-1j42uic\">\u2013 S\u00e6rlig i Nord-Norge er det ganske rikelig med sn\u00f8. I Troms\u00f8 n\u00e5 s\u00e5 ligger sn\u00f8dybden p\u00e5 over 60 cm. Der er det massevis av sn\u00f8 og har v\u00e6rt det lenge. <\/p>\n<p class=\"paywall hyperion-css-1j42uic\">Er du desperat etter et glimt av hvit jul i hovedstaden, holder Tryvann bakken \u00e5pen takket v\u00e6re sn\u00f8kanonene.<\/p>\n<p>Var det alltid hvit jul f\u00f8r?<\/p>\n<p class=\"paywall hyperion-css-1j42uic\">Mange tenker at det alltid var sn\u00f8 p\u00e5 julaften i Oslo f\u00f8r i tiden.<\/p>\n<p class=\"paywall hyperion-css-1j42uic\">Men dette stemmer ikke helt. <a data-test-tag=\"internal-link\" href=\"https:\/\/www.aftenposten.no\/oslo\/i\/eEyGeQ\/hvit-jul-blir-sjeldnere-men-aarets-jul-kan-bli-baade-god-og-gammeldags-mener-meteorologen\" class=\"hyperion-css-1raymq9\" rel=\"nofollow noopener\" target=\"\" aria-label=\"Siden 1940 har det v\u00e6rt hvit jul med sn\u00f8 p\u00e5 julaften i Oslo to av tre \u00e5r\">Siden 1940 har det v\u00e6rt hvit jul med sn\u00f8 p\u00e5 julaften i Oslo to av tre \u00e5r<\/a>, if\u00f8lge data hentet fra Blindern m\u00e5lestasjon. <\/p>\n<p class=\"paywall hyperion-css-1j42uic\">De som vokste opp i Oslo p\u00e5 60-tallet, har gode grunner til \u00e5 forbinde jul med sn\u00f8 p\u00e5 bakken. Dette ti\u00e5ret l\u00e5 det nemlig sn\u00f8 p\u00e5 bakken i julen hvert eneste \u00e5r. <\/p>\n<p class=\"paywall hyperion-css-1j42uic\">Den mest sn\u00f8rike julen siden krigen var imidlertid i 1973 med hele 43 cm sn\u00f8 p\u00e5 Blindern. <\/p>\n<p class=\"hyperion-css-1jdfwvl\">Tror du det blir hvit jul i Oslo i \u00e5r?<\/p>\n","protected":false},"excerpt":{"rendered":"Forel\u00f8pig ser det gr\u00e5tt ut. Men hvit jul i Oslo er kanskje vanligere enn du tror. Vinterland uten&hellip;\n","protected":false},"author":2,"featured_media":106663,"comment_status":"","ping_status":"","sticky":false,"template":"","format":"standard","meta":{"footnotes":""},"categories":[5],"tags":[20,21,24,25,15,19,22,23,17,18,13,30,28,29,14,16,26,27],"class_list":{"0":"post-106662","1":"post","2":"type-post","3":"status-publish","4":"format-standard","5":"has-post-thumbnail","7":"category-overskrifter","8":"tag-breaking-news","9":"tag-breakingnews","10":"tag-featured-news","11":"tag-featurednews","12":"tag-headlines","13":"tag-hovedoppslag","14":"tag-latest-news","15":"tag-latestnews","16":"tag-main-news","17":"tag-mainnews","18":"tag-news","19":"tag-no","20":"tag-norge","21":"tag-norway","22":"tag-nyheter","23":"tag-overskrifter","24":"tag-top-stories","25":"tag-topstories"},"share_on_mastodon":{"url":"https:\/\/pubeurope.com\/@no\/115679020203926002","error":""},"_links":{"self":[{"href":"https:\/\/www.europesays.com\/no\/wp-json\/wp\/v2\/posts\/106662","targetHints":{"allow":["GET"]}}],"collection":[{"href":"https:\/\/www.europesays.com\/no\/wp-json\/wp\/v2\/posts"}],"about":[{"href":"https:\/\/www.europesays.com\/no\/wp-json\/wp\/v2\/types\/post"}],"author":[{"embeddable":true,"href":"https:\/\/www.europesays.com\/no\/wp-json\/wp\/v2\/users\/2"}],"replies":[{"embeddable":true,"href":"https:\/\/www.europesays.com\/no\/wp-json\/wp\/v2\/comments?post=106662"}],"version-history":[{"count":0,"href":"https:\/\/www.europesays.com\/no\/wp-json\/wp\/v2\/posts\/106662\/revisions"}],"wp:featuredmedia":[{"embeddable":true,"href":"https:\/\/www.europesays.com\/no\/wp-json\/wp\/v2\/media\/106663"}],"wp:attachment":[{"href":"https:\/\/www.europesays.com\/no\/wp-json\/wp\/v2\/media?parent=106662"}],"wp:term":[{"taxonomy":"category","embeddable":true,"href":"https:\/\/www.europesays.com\/no\/wp-json\/wp\/v2\/categories?post=106662"},{"taxonomy":"post_tag","embeddable":true,"href":"https:\/\/www.europesays.com\/no\/wp-json\/wp\/v2\/tags?post=106662"}],"curies":[{"name":"wp","href":"https:\/\/api.w.org\/{rel}","templated":true}]}}