{"id":106664,"date":"2025-12-07T15:41:11","date_gmt":"2025-12-07T15:41:11","guid":{"rendered":"https:\/\/www.europesays.com\/no\/106664\/"},"modified":"2025-12-07T15:41:11","modified_gmt":"2025-12-07T15:41:11","slug":"asker-nyheter-matte-advare-naboer-etter-husbrann-sto-flammer-opp-av-taket","status":"publish","type":"post","link":"https:\/\/www.europesays.com\/no\/106664\/","title":{"rendered":"Asker, Nyheter | M\u00e5tte advare naboer etter husbrann: \u2013 Sto flammer opp av taket"},"content":{"rendered":"\n<p><b>ASKER:<\/b> S\u00f8ndag ettermiddag rykket n\u00f8detatene ut til Glein\u00e5sveien i R\u00f8yken, der det ble meldt om brann i en enebolig. Forbipasserende varslet brannvesenet, og opplyste samtidig at det ble observert b\u00e5de flammer og r\u00f8yk ut av huset.<\/p>\n<p><b>\u2013 Det var r\u00f8ykfylt da vi kom, og det sto flammer opp av taket, sier innsatsleder i brannvesenet, Erlend Systad til <a href=\"https:\/\/www.budstikka.no\/rykker-ut-til-brann-i-enebolig\/s\/5-55-2157754\" rel=\"Follow nofollow noopener\" target=\"_blank\">Budstikka<\/a>.<\/b><\/p>\n<p>   <img decoding=\"async\" width=\"1200\" height=\"899\" fetchpriority=\"low\"  loading=\"lazy\"  src=\"https:\/\/www.europesays.com\/no\/wp-content\/uploads\/2025\/12\/Image_20251207_135347_113.jpg\" alt=\"\" class=\"brick-c-cFOWSL\" style=\"--brick-image-ratio: 1200 \/ 899;\"\/><\/p>\n<p>      Innsatsleder Erlend Systad i brannvesenet.<br \/>\n      Foto: Adrian Sollund\n    <\/p>\n<p>Meldingen om brannen kom klokka 12.47. Litt over en halvtime senere ble det bekreftet at brannen var slokket.<\/p>\n<p>Det er forel\u00f8pig usikkert hva som har fors\u00e5rsaket brannen, men en teori er at det har startet i en en bod eller et vaskerom.<\/p>\n<p>Innledningsvis meldte politiet at n\u00e6rliggende boliger burde holde vinduene lukket, grunnet mye r\u00f8yk fra huset.<\/p>\n<p>   <img decoding=\"async\" width=\"2048\" height=\"1365\" fetchpriority=\"low\"  loading=\"lazy\"  src=\"https:\/\/www.europesays.com\/no\/wp-content\/uploads\/2025\/12\/f1086a9c-03bd-4661-82c0-5b009612e3ec.jpg\" alt=\"\" class=\"brick-c-cFOWSL\" style=\"--brick-image-ratio: 2048 \/ 1365;\"\/><\/p>\n<p>  \u2013 Lukk vinduene<\/p>\n<p>Brannvesenet rykket ut med store styrker, og det er syv biler p\u00e5 stedet. De har kommet fra Bekkestua, Asker, R\u00f8yken og Drammen.<\/p>\n<p>\u2013 Slukkingsarbeidet er godt i gang, og det er i hovedsak etterslukking vi driver med n\u00e5, sa vaktkommand\u00f8r Glenn Gulbrandsen hos 110-sentralen like over klokka 13.<\/p>\n<p>Brannvesenet fikk raskt kontakt med huseier, som bekreftet at det ikke var personer i boligen.<\/p>\n<p>   <img decoding=\"async\" width=\"2048\" height=\"1365\" fetchpriority=\"low\"  loading=\"lazy\"  src=\"https:\/\/www.europesays.com\/no\/wp-content\/uploads\/2025\/12\/ba1fdd38-ea16-4840-8d8b-42c5d02041ad.jpg\" alt=\"\" class=\"brick-c-cFOWSL\" style=\"--brick-image-ratio: 2048 \/ 1365;\"\/><\/p>\n","protected":false},"excerpt":{"rendered":"ASKER: S\u00f8ndag ettermiddag rykket n\u00f8detatene ut til Glein\u00e5sveien i R\u00f8yken, der det ble meldt om brann i en&hellip;\n","protected":false},"author":2,"featured_media":106665,"comment_status":"","ping_status":"","sticky":false,"template":"","format":"standard","meta":{"footnotes":""},"categories":[10],"tags":[36,996,367,20,21,24,25,15,22,23,13,30,28,29,14,16,1510,26,27],"class_list":{"0":"post-106664","1":"post","2":"type-post","3":"status-publish","4":"format-standard","5":"has-post-thumbnail","7":"category-norge","8":"tag-art","9":"tag-asker","10":"tag-brann","11":"tag-breaking-news","12":"tag-breakingnews","13":"tag-featured-news","14":"tag-featurednews","15":"tag-headlines","16":"tag-latest-news","17":"tag-latestnews","18":"tag-news","19":"tag-no","20":"tag-norge","21":"tag-norway","22":"tag-nyheter","23":"tag-overskrifter","24":"tag-story","25":"tag-top-stories","26":"tag-topstories"},"share_on_mastodon":{"url":"https:\/\/pubeurope.com\/@no\/115679047811966547","error":""},"_links":{"self":[{"href":"https:\/\/www.europesays.com\/no\/wp-json\/wp\/v2\/posts\/106664","targetHints":{"allow":["GET"]}}],"collection":[{"href":"https:\/\/www.europesays.com\/no\/wp-json\/wp\/v2\/posts"}],"about":[{"href":"https:\/\/www.europesays.com\/no\/wp-json\/wp\/v2\/types\/post"}],"author":[{"embeddable":true,"href":"https:\/\/www.europesays.com\/no\/wp-json\/wp\/v2\/users\/2"}],"replies":[{"embeddable":true,"href":"https:\/\/www.europesays.com\/no\/wp-json\/wp\/v2\/comments?post=106664"}],"version-history":[{"count":0,"href":"https:\/\/www.europesays.com\/no\/wp-json\/wp\/v2\/posts\/106664\/revisions"}],"wp:featuredmedia":[{"embeddable":true,"href":"https:\/\/www.europesays.com\/no\/wp-json\/wp\/v2\/media\/106665"}],"wp:attachment":[{"href":"https:\/\/www.europesays.com\/no\/wp-json\/wp\/v2\/media?parent=106664"}],"wp:term":[{"taxonomy":"category","embeddable":true,"href":"https:\/\/www.europesays.com\/no\/wp-json\/wp\/v2\/categories?post=106664"},{"taxonomy":"post_tag","embeddable":true,"href":"https:\/\/www.europesays.com\/no\/wp-json\/wp\/v2\/tags?post=106664"}],"curies":[{"name":"wp","href":"https:\/\/api.w.org\/{rel}","templated":true}]}}