{"id":106668,"date":"2025-12-07T15:48:22","date_gmt":"2025-12-07T15:48:22","guid":{"rendered":"https:\/\/www.europesays.com\/no\/106668\/"},"modified":"2025-12-07T15:48:22","modified_gmt":"2025-12-07T15:48:22","slug":"vinnaren-av-luke-6-er-trekt","status":"publish","type":"post","link":"https:\/\/www.europesays.com\/no\/106668\/","title":{"rendered":"Vinnaren av luke 6 er trekt"},"content":{"rendered":"<p data-testid=\"textWithMarkup-markup\" data-v-62d58f52=\"\">I luke 5 skulle vi fram til <strong>Grod\u00e5s (Grod\u00e5ssanden)<\/strong>. Vi godtek ogs\u00e5 Hornindal.<\/p>\n<p data-testid=\"textWithMarkup-markup\" data-v-62d58f52=\"\">Ein av dei som visste svaret, og som er den heldige vinnaren av eit Flax-lodd, er <strong>Tove Bredesen Drageset fr\u00e5 Loen<\/strong>.<\/p>\n<p data-testid=\"textWithMarkup-text\" data-v-ca17de6b=\"\" data-v-62d58f52=\"\">Vi gratulerer!<\/p>\n<p data-testid=\"textWithMarkup-markup\" data-v-62d58f52=\"\">Lurer du p\u00e5 kva som skjuler seg bak luke 7? <a href=\"https:\/\/www.fjordingen.no\/nyhende\/n\/gkaom5\/fjordingen-sin-julekalender-luke-7\" rel=\"noopener nofollow\" target=\"_blank\">Trykk her<\/a><\/p>\n<p data-testid=\"textWithMarkup-text\" data-v-ca17de6b=\"\" data-v-62d58f52=\"\">Vinnar luke 1: Edvard Hartvigsen, Stryn<\/p>\n<p data-testid=\"textWithMarkup-text\" data-v-ca17de6b=\"\" data-v-62d58f52=\"\">Vinnar luke 2: Jens Kristiansen, Stryn<\/p>\n<p data-testid=\"textWithMarkup-text\" data-v-ca17de6b=\"\" data-v-62d58f52=\"\">Vinnar luke 3: Reidar Vonheim, St\u00e5rheim<\/p>\n<p data-testid=\"textWithMarkup-text\" data-v-ca17de6b=\"\" data-v-62d58f52=\"\">Vinnar luke 4: Jan Skaare, Stryn<\/p>\n<p data-testid=\"textWithMarkup-text\" data-v-ca17de6b=\"\" data-v-62d58f52=\"\">Vinnar luke 5: Rebekka Fredheim Urne, Olden<\/p>\n","protected":false},"excerpt":{"rendered":"I luke 5 skulle vi fram til Grod\u00e5s (Grod\u00e5ssanden). Vi godtek ogs\u00e5 Hornindal. Ein av dei som visste&hellip;\n","protected":false},"author":2,"featured_media":106669,"comment_status":"","ping_status":"","sticky":false,"template":"","format":"standard","meta":{"footnotes":""},"categories":[10],"tags":[20,21,24,25,15,22,23,13,30,28,29,14,16,26,27],"class_list":{"0":"post-106668","1":"post","2":"type-post","3":"status-publish","4":"format-standard","5":"has-post-thumbnail","7":"category-norge","8":"tag-breaking-news","9":"tag-breakingnews","10":"tag-featured-news","11":"tag-featurednews","12":"tag-headlines","13":"tag-latest-news","14":"tag-latestnews","15":"tag-news","16":"tag-no","17":"tag-norge","18":"tag-norway","19":"tag-nyheter","20":"tag-overskrifter","21":"tag-top-stories","22":"tag-topstories"},"share_on_mastodon":{"url":"https:\/\/pubeurope.com\/@no\/115679074898516857","error":""},"_links":{"self":[{"href":"https:\/\/www.europesays.com\/no\/wp-json\/wp\/v2\/posts\/106668","targetHints":{"allow":["GET"]}}],"collection":[{"href":"https:\/\/www.europesays.com\/no\/wp-json\/wp\/v2\/posts"}],"about":[{"href":"https:\/\/www.europesays.com\/no\/wp-json\/wp\/v2\/types\/post"}],"author":[{"embeddable":true,"href":"https:\/\/www.europesays.com\/no\/wp-json\/wp\/v2\/users\/2"}],"replies":[{"embeddable":true,"href":"https:\/\/www.europesays.com\/no\/wp-json\/wp\/v2\/comments?post=106668"}],"version-history":[{"count":0,"href":"https:\/\/www.europesays.com\/no\/wp-json\/wp\/v2\/posts\/106668\/revisions"}],"wp:featuredmedia":[{"embeddable":true,"href":"https:\/\/www.europesays.com\/no\/wp-json\/wp\/v2\/media\/106669"}],"wp:attachment":[{"href":"https:\/\/www.europesays.com\/no\/wp-json\/wp\/v2\/media?parent=106668"}],"wp:term":[{"taxonomy":"category","embeddable":true,"href":"https:\/\/www.europesays.com\/no\/wp-json\/wp\/v2\/categories?post=106668"},{"taxonomy":"post_tag","embeddable":true,"href":"https:\/\/www.europesays.com\/no\/wp-json\/wp\/v2\/tags?post=106668"}],"curies":[{"name":"wp","href":"https:\/\/api.w.org\/{rel}","templated":true}]}}