{"id":106670,"date":"2025-12-07T16:01:12","date_gmt":"2025-12-07T16:01:12","guid":{"rendered":"https:\/\/www.europesays.com\/no\/106670\/"},"modified":"2025-12-07T16:01:12","modified_gmt":"2025-12-07T16:01:12","slug":"far-skylda-verste-noensinne","status":"publish","type":"post","link":"https:\/\/www.europesays.com\/no\/106670\/","title":{"rendered":"F\u00e5r skylda: \u00abVerste noensinne\u00bb"},"content":{"rendered":"<p>  Amerikanere mener prisniv\u00e5et er ute av kontroll og legger skylda p\u00e5 Donald Trump.<\/p>\n<p>\n    STERK MISN\u00d8YE: Nesten \u00e9n av fem Trump-velgere mener prisene er h\u00f8yere enn noen gang, if\u00f8lge en Politico-m\u00e5ling. Det hvite hus avfeier resultatet. Foto: Evelyn Hockstein \/ NTB\n  <\/p>\n<p>    Kort fortalt<\/p>\n<p lang=\"nb-NO\">Donald Trump og republikanerne m\u00f8ter kritikk fra egne velgere.<\/p>\n<p lang=\"nb-NO\">En ny meningsm\u00e5ling fra Politico viser at mange amerikanere mener levekostnadene er ute av kontroll.<\/p>\n<p lang=\"nb-NO\">Nesten halvparten av de spurte skylder p\u00e5 Trump-administrasjonen for de h\u00f8ye prisene.<\/p>\n<p lang=\"nb-NO\">Det hvite hus avviser kritikken og hevder at \u00f8konomien vil forbedres under Trumps ledelse.<\/p>\n<p class=\"italic ai-disclaimer\" data-lab-italic=\"italic\">Sammendraget er laget av ChatGPT og godkjent av B\u00f8rsen.<\/p>\n<p>      Vis mer<br \/>\n      Vis mindre<\/p>\n<p>USAs president Donald Trump og republikanerne opplever n\u00e5 en iskald skulder fra sine egne velgere.\u00a0<\/p>\n<p class=\"font-weight-bold m-font-weight-bold\" data-lab-font_weight=\"font-weight-bold\">I alle fall om man tar utgangpunkt i <a href=\"https:\/\/www.politico.com\/news\/2025\/12\/04\/poll-americans-trump-voters-affordability-crisis-00674747\" rel=\"nofollow noopener\" target=\"_blank\">Politicos<\/a> ferske meningsm\u00e5ling. If\u00f8lge avisa mener mange amerikanere n\u00e5 at levekostnadene i USA er ute av kontroll.\u00a0<\/p>\n<p class=\"font-weight-normal m-font-weight-normal\" data-lab-font_weight=\"font-weight-normal\">Nesten halvparten av de dr\u00f8yt 2000 spurte &#8211; 46 prosent &#8211; mener prisene er p\u00e5 det verste niv\u00e5et de noensinne kan huske, og retter skylda \u00e9n vei: Mot Donald Trump og hans administrasjon.\u00a0<\/p>\n<p>    <a itemprop=\"url\" href=\"https:\/\/borsen.dagbladet.no\/nyheter\/kommer-til-a-svi\/83399181\" rel=\"nofollow noopener\" target=\"_blank\"><\/p>\n<p>      <img loading=\"lazy\" decoding=\"async\" src=\"https:\/\/www.europesays.com\/no\/wp-content\/uploads\/2025\/12\/83396019.webp\" width=\"980\" height=\"441\" title=\"- Kommer til \u00e5 svi\" alt=\"\" class=\"lazyload\" style=\"--aspect-ratio-image: 2.22; \"\/><\/p>\n<p>        &#8211; Kommer til \u00e5 svi<\/p>\n<p>    <\/a><\/p>\n<p>&#8211; Katastrofe\t<\/p>\n<p>Og det er ikke bare demokrater som uttrykker sterk misn\u00f8ye. If\u00f8lge <a href=\"https:\/\/www.politico.com\/news\/2025\/12\/04\/poll-americans-trump-voters-affordability-crisis-00674747\" rel=\"nofollow noopener\" target=\"_blank\">Politico<\/a> opplever nesten \u00e9n av fem Trump-velgere at prisene er h\u00f8yere enn noen gang tidligere og at presidenten har fullt ansvar for tilstanden \u00f8konomien.<\/p>\n<p class=\"font-weight-bold m-font-weight-bold\" data-lab-font_weight=\"font-weight-bold\">Det hvite hus mener imidlertid at meningsm\u00e5lingene ikke gjenspeiler virkeligheten.\u00a0<\/p>\n<p>    <a itemprop=\"url\" href=\"https:\/\/borsen.dagbladet.no\/okonomi\/far-ikke-styrt-trump\/83417559\" rel=\"nofollow noopener\" target=\"_blank\"><\/p>\n<p>      <img loading=\"lazy\" decoding=\"async\" src=\"https:\/\/www.europesays.com\/no\/wp-content\/uploads\/2025\/12\/83391783.webp\" width=\"980\" height=\"441\" title=\"- F\u00e5r ikke styrt ham\" alt=\"\" class=\"lazyload\" style=\"--aspect-ratio-image: 2.22; \"\/><\/p>\n<p>        &#8211; F\u00e5r ikke styrt ham<\/p>\n<p>    <\/a><\/p>\n<p>&#8211; \u00c5 rydde opp i Joe Bidens \u00f8konomiske katastrofe har v\u00e6rt en f\u00f8rsteprioritet fra dag \u00e9n for president Trump. President Trump er bare s\u00e5 vidt i gang med \u00e5 innf\u00f8re politikken som skapte historisk \u00f8konomisk vekst i hans f\u00f8rste periode, og amerikanerne kan v\u00e6re trygge p\u00e5 at det beste enn\u00e5 ligger foran dem, sier talsperson Kush Desai i en uttalelse, gjengitt av Politico. <\/p>\n<p>        \u00abDozy Don\u00bb har blitt et utrykk California-guvern\u00f8r Gavin Newsom har brukt ved flere anledninger. N\u00e5 har han sendt et nytt stikk. Reporter: Marte Nyl\u00f8kken Helseth. <\/p>\n<p>Laveste niv\u00e5 siden januar\t<\/p>\n<p>I begynnelsen av november gjennomf\u00f8rte <a href=\"https:\/\/www.theguardian.com\/us-news\/2025\/nov\/03\/trump-approval-rating\" rel=\"nofollow noopener\" target=\"_blank\">CNN<\/a> ogs\u00e5 en m\u00e5ling som endte med bunnotering for Trump.\u00a0<\/p>\n<p>Her kom det fram at velgernes tilfredshet med Trumps innsats som president var nede p\u00e5 det laveste niv\u00e5et siden han kom tilbake til makta i januar.\u00a0<\/p>\n<p>Nesten to tredeler, alts\u00e5 63 prosent, var misforn\u00f8yd med Trumps innsats. <\/p>\n<p>        KRITISERES: Donald Trumps overd\u00e5dige Halloween-fest med Great Gatsby-tema p\u00e5 Mar-a-Lago har f\u00e5tt kraftig kritikk. Reporter: Jostein Sletten \/ Dagbladet<\/p>\n<p class=\"font-weight-bold m-font-weight-bold\" data-lab-font_weight=\"font-weight-bold\">For noen uker siden skrev NTB at\u00a0amerikaneres \u00f8kende levekostnader kan legge grunnlaget for en av de st\u00f8rste kampsakene f\u00f8r mellomvalget til den amerikanske kongressen neste \u00e5r.\u00a0<\/p>\n<p>Ved siden av \u00f8kte levekostnader, er ogs\u00e5 \u00f8kende str\u00f8mpriser en stor \u00f8konomisk bekymring for amerikanere. \u00c5rsaken til at prisene har skutt i v\u00e6ret, er en kraftig utbygging av KI-datasentre som krever mye str\u00f8m.<\/p>\n<p>    <a itemprop=\"url\" href=\"https:\/\/borsen.dagbladet.no\/nyheter\/usa-taper-mest\/83645319\" rel=\"nofollow noopener\" target=\"_blank\"><\/p>\n<p>      <img loading=\"lazy\" decoding=\"async\" src=\"https:\/\/www.europesays.com\/no\/wp-content\/uploads\/2025\/12\/83390270.webp\" width=\"980\" height=\"441\" title=\"- USA taper mest\" alt=\"\" class=\"lazyload\" style=\"--aspect-ratio-image: 2.22; \"\/><\/p>\n<p>        &#8211; USA taper mest<\/p>\n<p>    <\/a><\/p>\n<p> 36 prosent av voksne amerikanere mener str\u00f8mregningen n\u00e5 f\u00f8rer til vesentlig stress, if\u00f8lge NTB.\u00a0<\/p>\n<p>Samtidig ga Trump lovnader under valgkampen om at at energi- og str\u00f8mprisene skulle halveres. If\u00f8lge\u00a0<a href=\"https:\/\/www.bbc.com\/news\/articles\/ckgkl25734go\" target=\"_blank\" rel=\"nofollow noopener\">BBC<\/a>\u00a0har det motsatte skjedd, og prisene har i stedet steget med over 10 prosent.\u00a0<\/p>\n","protected":false},"excerpt":{"rendered":"Amerikanere mener prisniv\u00e5et er ute av kontroll og legger skylda p\u00e5 Donald Trump. STERK MISN\u00d8YE: Nesten \u00e9n av&hellip;\n","protected":false},"author":2,"featured_media":106671,"comment_status":"","ping_status":"","sticky":false,"template":"","format":"standard","meta":{"footnotes":""},"categories":[12],"tags":[13308,20,21,55,24,25,15,22,23,775,13,30,28,29,14,16,13307,26,27,50,42,43,44,45],"class_list":{"0":"post-106670","1":"post","2":"type-post","3":"status-publish","4":"format-standard","5":"has-post-thumbnail","7":"category-verden","8":"tag-amerikansk-okonomi","9":"tag-breaking-news","10":"tag-breakingnews","11":"tag-donald-trump","12":"tag-featured-news","13":"tag-featurednews","14":"tag-headlines","15":"tag-latest-news","16":"tag-latestnews","17":"tag-meningsmaling","18":"tag-news","19":"tag-no","20":"tag-norge","21":"tag-norway","22":"tag-nyheter","23":"tag-overskrifter","24":"tag-prisniva","25":"tag-top-stories","26":"tag-topstories","27":"tag-usa","28":"tag-verden","29":"tag-world","30":"tag-world-news","31":"tag-worldnews"},"share_on_mastodon":{"url":"https:\/\/pubeurope.com\/@no\/115679126235698259","error":""},"_links":{"self":[{"href":"https:\/\/www.europesays.com\/no\/wp-json\/wp\/v2\/posts\/106670","targetHints":{"allow":["GET"]}}],"collection":[{"href":"https:\/\/www.europesays.com\/no\/wp-json\/wp\/v2\/posts"}],"about":[{"href":"https:\/\/www.europesays.com\/no\/wp-json\/wp\/v2\/types\/post"}],"author":[{"embeddable":true,"href":"https:\/\/www.europesays.com\/no\/wp-json\/wp\/v2\/users\/2"}],"replies":[{"embeddable":true,"href":"https:\/\/www.europesays.com\/no\/wp-json\/wp\/v2\/comments?post=106670"}],"version-history":[{"count":0,"href":"https:\/\/www.europesays.com\/no\/wp-json\/wp\/v2\/posts\/106670\/revisions"}],"wp:featuredmedia":[{"embeddable":true,"href":"https:\/\/www.europesays.com\/no\/wp-json\/wp\/v2\/media\/106671"}],"wp:attachment":[{"href":"https:\/\/www.europesays.com\/no\/wp-json\/wp\/v2\/media?parent=106670"}],"wp:term":[{"taxonomy":"category","embeddable":true,"href":"https:\/\/www.europesays.com\/no\/wp-json\/wp\/v2\/categories?post=106670"},{"taxonomy":"post_tag","embeddable":true,"href":"https:\/\/www.europesays.com\/no\/wp-json\/wp\/v2\/tags?post=106670"}],"curies":[{"name":"wp","href":"https:\/\/api.w.org\/{rel}","templated":true}]}}