{"id":106672,"date":"2025-12-07T16:03:11","date_gmt":"2025-12-07T16:03:11","guid":{"rendered":"https:\/\/www.europesays.com\/no\/106672\/"},"modified":"2025-12-07T16:03:11","modified_gmt":"2025-12-07T16:03:11","slug":"usa-kan-avslutte-stotten-til-ukraina","status":"publish","type":"post","link":"https:\/\/www.europesays.com\/no\/106672\/","title":{"rendered":"USA kan avslutte st\u00f8tten til Ukraina"},"content":{"rendered":"<p class=\"extendedContent hyperion-css-eyn926\" data-test-tag=\"lead-text\">USA kan komme til \u00e5 trekke st\u00f8tten til Ukrainas forsvarskamp mot Russland, sa USAs presidents eldste s\u00f8nn p\u00e5 en konferanse i Midt\u00f8sten i helgen. <\/p>\n<p><img decoding=\"async\" class=\"image-asset hyperion-css-u06ts1\" data-test-tag=\"image-asset\" src=\"https:\/\/www.europesays.com\/no\/wp-content\/uploads\/2025\/12\/f422ee4b-5edd-4f39-9c96-b91abe379428\"  alt=\"Trump jr. har ingen formell rolle i farens administrasjon, men er en sentral skikkelse i Maga-bevegelsen. Bildet er tatt ved en tidligere anledning.\"  loading=\"eager\" fetchpriority=\"high\" style=\"aspect-ratio:2048 \/ 1369\"\/>Trump jr. har ingen formell rolle i farens administrasjon, men er en sentral skikkelse i Maga-bevegelsen. Bildet er tatt ved en tidligere anledning. Foto: Evan Vucci \/ APKortversjonen<\/p>\n<ul class=\"hyperion-css-1wfq1v6\" data-test-tag=\"list\">\n<li class=\"hyperion-css-13wylk3\">Donald Trump jr. antydet at USA kan trekke seg ut av Ukraina-krigen. Han kritiserte Ukrainas ledelse p\u00e5 en konferanse. <\/li>\n<li class=\"hyperion-css-13wylk3\">Trump jr. p\u00e5sto at EU-sanksjoner \u00f8ker oljeprisen og finansierer Russlands krig. <\/li>\n<li class=\"hyperion-css-13wylk3\">Uttalelsene hans gjenspeiler skepsis i Trump-leiren og kommer mens det legges press p\u00e5 Kyiv for \u00e5 avgi territorium.<\/li>\n<\/ul>\n<p data-nosnippet=\"true\" class=\"hyperion-css-1qe9pn0\">Sammendraget er laget ved hjelp av kunstig intelligens (KI) og kvalitetssikret av Aftenpostens journalister.<\/p>\n<p>Vis mer<\/p>\n<p class=\"paywall hyperion-css-1j42uic\">I snart fire \u00e5r har Russland drevet fullskala angrepskrig mot Ukraina, og drept titusenvis av sivile. <\/p>\n<p class=\"paywall hyperion-css-1j42uic\">Men i helgen var det Ukraina og Europa som fikk unngjelde da s\u00f8nnen til USAs president Donald Trump, Donald Trump jr., deltok p\u00e5 en konferanse i Doha i Qatar. <\/p>\n<p class=\"paywall hyperion-css-1j42uic\">I en lang tirade mot krigf\u00f8ringen i Ukraina sa Donald Trump jr. ogs\u00e5 at Ukrainas \u00abkorrupte\u00bb rike hadde flyktet fra landet og latt det de \u00abmente var bondeklassen\u00bb kjempe krigen. <\/p>\n<p class=\"paywall hyperion-css-1j42uic\">Det melder den britiske avisen <a aria-label=\"The Guardian\" class=\"breaking-short hyperion-css-1raymq9\" href=\"https:\/\/www.theguardian.com\/us-news\/2025\/dec\/07\/us-may-end-support-for-ukraine-war-effort-says-donald-trump-jr\" target=\"_blank\" rel=\"noopener nofollow noreferrer\" data-test-tag=\"external-link\">The Guardian<\/a>.<\/p>\n<p class=\"paywall hyperion-css-1j42uic\">Videre sa Trump jr. at Ukrainas president Volodymyr Zelenskyj forlenget krigen fordi han visste at han aldri ville vinne et valg dersom krigen tok slutt. Han hevdet at Zelenskyj n\u00e6rmest var blitt en gudeskikkelse p\u00e5 venstresiden. <\/p>\n<p><img decoding=\"async\" class=\"image-asset hyperion-css-u06ts1\" data-test-tag=\"image-asset\" src=\"https:\/\/www.europesays.com\/no\/wp-content\/uploads\/2025\/12\/bce7ea83-95ac-4cf7-a07f-cb772c7fc5a1\"  alt=\"Titusenvis av sivile ukrainere er drept i Russlands angrepskrig mot nabolandet. I tillegg er hundretusenvis av soldater, b\u00e5de russiske og ukrainske, drept i kamphandlinger. Bildet viser et av ofrene etter et russisk missilangrep mot Dnipro 1. desember. \"  loading=\"eager\" fetchpriority=\"high\" style=\"aspect-ratio:2000 \/ 1333\"\/>Titusenvis av sivile ukrainere er drept i Russlands angrepskrig mot nabolandet. I tillegg er hundretusenvis av soldater, b\u00e5de russiske og ukrainske, drept i kamphandlinger. Bildet viser et av ofrene etter et russisk missilangrep mot Dnipro 1. desember. Foto: Den ukrainske redningstjenesten<\/p>\n<p class=\"paywall hyperion-css-1j42uic\">Han hevdet ogs\u00e5 for at Ukraina er langt mer korrupt enn Russland. Den internasjonale<a aria-label=\" korrupsjonsindeksen\" class=\"breaking-short hyperion-css-1raymq9\" href=\"https:\/\/www.transparency.org\/en\/cpi\/2024\" target=\"_blank\" rel=\"noopener nofollow noreferrer\" data-test-tag=\"external-link\"> korrupsjonsindeksen<\/a> til Transparency internasjonal viser imidlertid at det motsatte er tilfelle. Der er Ukraina p\u00e5 105. plass, men Russland ligger p\u00e5 154. plass. <\/p>\n<p>Angrep EU<\/p>\n<p class=\"paywall hyperion-css-1j42uic\">If\u00f8lge The Guardian gjenspeiler Trump jr.-uttalelsene motviljen enkelte i Trump-leiren har overfor den ukrainske regjeringen. De kommer samtidig som Trumps forhandlingsteam <a data-test-tag=\"internal-link\" href=\"https:\/\/www.aftenposten.no\/verden\/i\/dRodoz\/ber-ukraina-avgi-viktige-landomraader-maalet-er-aa-lande-en-avtale-mener-forsker\" class=\"hyperion-css-1raymq9\" rel=\"nofollow noopener\" target=\"\" aria-label=\"legger press p\u00e5 myndighetene i Kyiv for \u00e5 avgi territorium til Russland. \" theme=\"breaking-short\">legger press p\u00e5 myndighetene i Kyiv for \u00e5 avgi territorium til Russland. <\/a><\/p>\n<p class=\"paywall hyperion-css-1j42uic\">Trump jr. gikk ogs\u00e5 til angrep p\u00e5 EUs utenrikssjef Kaja Kallas og sa at europeiske sanksjoner ikke virket, siden de bare hadde \u00f8kt oljeprisen \u2013 noe som gjorde det mulig for Russland \u00e5 finansiere sin krig. <\/p>\n<p><img decoding=\"async\" class=\"image-asset hyperion-css-u06ts1\" data-test-tag=\"image-asset\" src=\"https:\/\/www.europesays.com\/no\/wp-content\/uploads\/2025\/12\/2eab87e4-e250-4a5e-9d43-8cf60f332820\"  alt=\" EUs utenrikssjef Kaja Kallas sammen med Ukrainas president Volodymyr Zelenskyj under et m\u00f8te i Kyiv i oktober. \"  loading=\"eager\" fetchpriority=\"high\" style=\"aspect-ratio:2048 \/ 1365\"\/>EUs utenrikssjef Kaja Kallas sammen med Ukrainas president Volodymyr Zelenskyj under et m\u00f8te i Kyiv i oktober. Foto: Julia Demaree Nikhinson \/ AP \/ NTB<\/p>\n<p class=\"paywall hyperion-css-1j42uic\">Den amerikanske presidentens s\u00f8nn sa at han under arbeidet med \u00e5 mobilisere velgere til kongressvalget i 2022 bare m\u00f8tte tre personer som mente at krigen i Ukraina var blant de ti viktigste politiske sakene. <\/p>\n<p class=\"paywall hyperion-css-1j42uic\">P\u00e5 sp\u00f8rsm\u00e5l om det var mulig at faren \u2013 som stilte til valg med l\u00f8ftet om at han kunne skape fred i Ukraina \u2013 rett og slett ville trekke seg ut, svarte Trump jr. at det \u00abkanskje\u00bb kunne skje, og la til at faren er en av de mest uforutsigbare menneskene i politikken.<\/p>\n<p class=\"paywall hyperion-css-1j42uic\"><strong> Han lovet at USA ikke lenger kom til \u00e5 v\u00e6re \u00abidioten med sjekkheftet\u00bb.<\/strong><\/p>\n<p class=\"paywall hyperion-css-1j42uic\">USA har v\u00e6rt en avgj\u00f8rende st\u00f8ttespiller for Ukraina. Landet har levert store mengder v\u00e5pen, inkludert luftvernsystemer som er avgj\u00f8rende for beskytte ukrainske byer mot russiske angrep. I tillegg leverer amerikanerne etterretningsinformasjon som er viktig p\u00e5 slagmarken. <\/p>\n<p>Europeiske ledere m\u00f8ter Zelenskyj <\/p>\n<p class=\"paywall hyperion-css-1j42uic\">Russland har den siste tiden rykket frem langs frontlinjen i \u00d8st-Ukraina og gjennomf\u00f8rer stadig massive missil- og droneangrep mot ukrainske byern. <a data-test-tag=\"internal-link\" href=\"https:\/\/www.aftenposten.no\/verden\/i\/JO1bdb\/europeiske-ledere-moeter-zelenskyj-etter-stort-russisk-angrep-mot-ukraina\" class=\"hyperion-css-1raymq9\" rel=\"nofollow noopener\" target=\"\" aria-label=\"29 ulike m\u00e5l i Ukraina ble rammet i russiske angrep natt til l\u00f8rdag. \" theme=\"breaking-short\">29 ulike m\u00e5l i Ukraina ble rammet i russiske angrep natt til l\u00f8rdag. <\/a><\/p>\n<p><img decoding=\"async\" class=\"image-asset hyperion-css-u06ts1\" data-test-tag=\"image-asset\" src=\"https:\/\/www.europesays.com\/no\/wp-content\/uploads\/2025\/12\/042eae3a-11eb-4c30-a585-f651cdb2329b\"  alt=\"Skader etter et russisk angrep mot jernbanestasjonen i byen Fastiv s\u00f8rvest for Kyiv l\u00f8rdag.\"  loading=\"eager\" fetchpriority=\"high\" style=\"aspect-ratio:2048 \/ 1365\"\/>Skader etter et russisk angrep mot jernbanestasjonen i byen Fastiv s\u00f8rvest for Kyiv l\u00f8rdag. Foto: Valentyn Ogirenko \/ Reuters \/ NTB<\/p>\n<p class=\"paywall hyperion-css-1j42uic\">Ukrainas luftforsvar opplyste at det ble brukt 653 droner og 51 missiler, hvorav 585 droner og 30 raketter ble skutt ned. I Kyiv ble tre personer s\u00e5ret.<\/p>\n<p class=\"paywall hyperion-css-1j42uic\">Frankrikes president Emmanuel Macron, den britiske statsministeren Keir Starmer og Tysklands kansler Friedrich Merz vil mandag ha et m\u00f8te med den ukrainske presidenten. M\u00e5let er \u00e5 diskutere situasjonen i Ukraina og de p\u00e5g\u00e5ende forhandlingene under amerikansk megling.<\/p>\n<p class=\"paywall hyperion-css-1j42uic\">\u2013 Ukraina kan regne med v\u00e5r urokkelige st\u00f8tte, skrev Macron p\u00e5 X l\u00f8rdag.<\/p>\n","protected":false},"excerpt":{"rendered":"USA kan komme til \u00e5 trekke st\u00f8tten til Ukrainas forsvarskamp mot Russland, sa USAs presidents eldste s\u00f8nn p\u00e5&hellip;\n","protected":false},"author":2,"featured_media":106673,"comment_status":"","ping_status":"","sticky":false,"template":"","format":"standard","meta":{"footnotes":""},"categories":[5],"tags":[20,21,24,25,15,19,22,23,17,18,13,30,28,29,14,16,26,27],"class_list":{"0":"post-106672","1":"post","2":"type-post","3":"status-publish","4":"format-standard","5":"has-post-thumbnail","7":"category-overskrifter","8":"tag-breaking-news","9":"tag-breakingnews","10":"tag-featured-news","11":"tag-featurednews","12":"tag-headlines","13":"tag-hovedoppslag","14":"tag-latest-news","15":"tag-latestnews","16":"tag-main-news","17":"tag-mainnews","18":"tag-news","19":"tag-no","20":"tag-norge","21":"tag-norway","22":"tag-nyheter","23":"tag-overskrifter","24":"tag-top-stories","25":"tag-topstories"},"share_on_mastodon":{"url":"https:\/\/pubeurope.com\/@no\/115679134166161448","error":""},"_links":{"self":[{"href":"https:\/\/www.europesays.com\/no\/wp-json\/wp\/v2\/posts\/106672","targetHints":{"allow":["GET"]}}],"collection":[{"href":"https:\/\/www.europesays.com\/no\/wp-json\/wp\/v2\/posts"}],"about":[{"href":"https:\/\/www.europesays.com\/no\/wp-json\/wp\/v2\/types\/post"}],"author":[{"embeddable":true,"href":"https:\/\/www.europesays.com\/no\/wp-json\/wp\/v2\/users\/2"}],"replies":[{"embeddable":true,"href":"https:\/\/www.europesays.com\/no\/wp-json\/wp\/v2\/comments?post=106672"}],"version-history":[{"count":0,"href":"https:\/\/www.europesays.com\/no\/wp-json\/wp\/v2\/posts\/106672\/revisions"}],"wp:featuredmedia":[{"embeddable":true,"href":"https:\/\/www.europesays.com\/no\/wp-json\/wp\/v2\/media\/106673"}],"wp:attachment":[{"href":"https:\/\/www.europesays.com\/no\/wp-json\/wp\/v2\/media?parent=106672"}],"wp:term":[{"taxonomy":"category","embeddable":true,"href":"https:\/\/www.europesays.com\/no\/wp-json\/wp\/v2\/categories?post=106672"},{"taxonomy":"post_tag","embeddable":true,"href":"https:\/\/www.europesays.com\/no\/wp-json\/wp\/v2\/tags?post=106672"}],"curies":[{"name":"wp","href":"https:\/\/api.w.org\/{rel}","templated":true}]}}