{"id":106678,"date":"2025-12-07T16:15:25","date_gmt":"2025-12-07T16:15:25","guid":{"rendered":"https:\/\/www.europesays.com\/no\/106678\/"},"modified":"2025-12-07T16:15:25","modified_gmt":"2025-12-07T16:15:25","slug":"boomerangen-nord-korea-om-vesten-og-immigrasjonen","status":"publish","type":"post","link":"https:\/\/www.europesays.com\/no\/106678\/","title":{"rendered":"Boomerangen \u2013 Nord-Korea om Vesten og immigrasjonen"},"content":{"rendered":"<p>            <img loading=\"lazy\" decoding=\"async\" width=\"696\" height=\"393\" class=\"entry-thumb\" src=\"https:\/\/www.europesays.com\/no\/wp-content\/uploads\/2025\/12\/kim-jongun-med-kikkert.jpg\"   alt=\"\" title=\"kim jongun med kikkert\"\/>Kim Jong-un betrakter milit\u00e6r\u00f8velse.<\/p>\n<p>Nesten ingen i Norge, og vi m\u00e5 innr\u00f8mme heller ikke vi, f\u00f8lger med i nordkoreansk presse. For \u00e5 b\u00f8te litt p\u00e5 dette har vi bedt Lars Birkelund om \u00e5 f\u00f8lge litt med p\u00e5 det statlige <a href=\"http:\/\/pyongyangtimes.com.kp\/\" rel=\"nofollow noopener\" target=\"_blank\">Pyongyang Times<\/a>. Denne artikkelen har eksempler p\u00e5 hvordan Nord-Koreas myndigheter ser p\u00e5 verden.<\/p>\n<p>Den er basert p\u00e5 \u00e5rets nr. 47, som ble publisert 22. november, her oversatt fra engelsk. Hovedtemaet er Nord-Koreas syn p\u00e5 migrasjonen til Vesten:<\/p>\n<p><img data-recalc-dims=\"1\" fetchpriority=\"high\" decoding=\"async\" width=\"619\" height=\"150\" src=\"https:\/\/www.europesays.com\/no\/wp-content\/uploads\/2025\/12\/image-4.png\" alt=\"\" class=\"wp-image-154854\"  \/><\/p>\n<p>Immigrasjonsproblemet for\u00e5rsaker alvorlige sosiale motsetninger i vestlige land. Innvandreres opphold og sysselsetting og andre problemer vedvarer som alvorlige problemer for dem, og mishandlingen av dem blir alvorlig.<\/p>\n<p>Noen vestlige politikere insisterer \u00e5pent p\u00e5 at innvandrere b\u00f8r utvises i mengder og at en familieseparasjonspolitikk b\u00f8r h\u00e5ndheves, og hevder at de er en trussel mot sikkerheten til vestlige land.<\/p>\n<p>Forf\u00f8lgelsen av innvandrere er den mest alvorlige i USA, hvor innvandrere st\u00e5r for 72 prosent av ofrene for menneskehandel. Men det er ingen ringere enn vestlige land som har for\u00e5rsaket innvandrerproblemet. If\u00f8lge tilgjengelige data br\u00f8t det ut 15 nye konflikter over hele verden i de f\u00f8rste fem \u00e5rene av 2010-tallet, og det overveldende flertallet av dem ble utl\u00f8st av \u2019globaliserings\u2019-bevegelsene i vestlige land. Som et resultat var antallet migranter 244 millioner i 2015.<\/p>\n<p>Omr\u00e5dene som produserer flest migranter er Afrika og Midt\u00f8sten. Det er fordi de USA-ledede vestlige styrkene er oppslukt av innblanding i interne anliggender, milit\u00e6r invasjon og stedfortrederkrig med sikte p\u00e5 \u00e5 kontrollere de regionale landene, som er rike p\u00e5 ressurser og med strategisk geopolitisk beliggenhet.<\/p>\n<p>Et typisk eksempel er den n\u00e5v\u00e6rende situasjonen i Gaza. Til tross for det internasjonale samfunnets vedvarende krav om v\u00e5penhvile p\u00e5 Gazastripen, egger USA Israel til konfrontasjon med de regionale landene, samtidig som de gir enorm milit\u00e6r hjelp. F\u00f8lgelig mister mange palestinske sivile livet mens de overlevende blir tvunget til \u00e5 vandre fra sted til sted. Mange mennesker i nabolandene blir ogs\u00e5 redusert til flyktninger.<\/p>\n<p>Det er ogs\u00e5 p\u00e5 grunn av \u2019fargerevolusjonen\u2019 orkestrert av Vesten at konflikter nylig har eskalert og flyktninger ustanselig dukker opp i forskjellige afrikanske land, inkludert Sudan. Innf\u00f8ringen av vestlig demokrati i afrikanske land har skjerpet motsetningene mellom politiske krefter, mellom stammer og mellom sekter, noe som har f\u00f8rt til konflikter og v\u00e6pnede konflikter og produsert et stort antall flyktninger.<\/p>\n<p>Ofrene som mistet sine kj\u00e6re hjem og hjemsteder str\u00f8mmer inn i Europa og andre vestlige land for \u00e5 s\u00f8ke tilflukt fra kriger. Tross alt er immigrantproblemet som plager vestlige land et produkt av hegemoniet de fortsatt s\u00f8ker. Boomerangen som ble kastet av dem kom tilbake til dem.<\/p>\n<p>\u2014\u2014\u2014\u2014\u2014\u2014\u2014\u2014\u2014\u2014\u2014\u2014\u2014\u2014\u2014\u2014\u2014\u2014-<\/p>\n<p>En kommentar til det som skjer mellom USA og Venezuela:<\/p>\n<p>Mens USA planlegger nye milit\u00e6r\u00f8velser i Karibia, oppfordret den venezuelanske presidenten til<br \/>konsekvent \u00f8kt \u00e5rv\u00e5kenhet og opprettholdelse av en mobilisert holdning i den \u00f8stlige delen av landet 15. november.<\/p>\n<p>I en tale til et arrangement i Miranda, appellerte han igjen til \u00e5 opprettholde perfekt enhet mellom<br \/>innbyggere, h\u00e6r og politi, \u00f8ke \u00e5rv\u00e5kenheten og marsjere i gatene med det venezuelanske flagget i<br \/>hendene i de \u00f8stlige provinsene av landet.<\/p>\n<p>\u2014\u2014\u2014\u2014\u2014\u2014\u2014\u2014\u2014\u2014\u2014\u2014\u2014\u2014\u2014\u2014\u2014\u2013<\/p>\n<p>Italia og Ukraina<\/p>\n<p>Italias visestatsminister hevdet 14. november at den ekstra st\u00f8tten til Ukraina ikke ville bidra til \u00e5 avslutte krigen med Russland, men bare ville fremme korrupsjon og uregelmessigheter. Med henvisning til den nylige korrupsjonsskandalen som rystet den ukrainske regjeringen, sa han at han ikke \u00f8nsker at midlene til arbeiderne og pensjonistene i landet hans skal brukes til \u00e5 oppmuntre til korrupsjon. Han understreket at det \u00e5 sende flere v\u00e5pen til Ukraina ikke er l\u00f8sningen p\u00e5 problemet.<\/p>\n<p>Oversatt og tilrettelagt av Lars Birkelund.<\/p>\n","protected":false},"excerpt":{"rendered":"Kim Jong-un betrakter milit\u00e6r\u00f8velse. Nesten ingen i Norge, og vi m\u00e5 innr\u00f8mme heller ikke vi, f\u00f8lger med i&hellip;\n","protected":false},"author":2,"featured_media":106679,"comment_status":"","ping_status":"","sticky":false,"template":"","format":"standard","meta":{"footnotes":""},"categories":[12],"tags":[20,21,24,25,15,22,23,13,30,28,29,14,16,26,27,42,43,44,45],"class_list":{"0":"post-106678","1":"post","2":"type-post","3":"status-publish","4":"format-standard","5":"has-post-thumbnail","7":"category-verden","8":"tag-breaking-news","9":"tag-breakingnews","10":"tag-featured-news","11":"tag-featurednews","12":"tag-headlines","13":"tag-latest-news","14":"tag-latestnews","15":"tag-news","16":"tag-no","17":"tag-norge","18":"tag-norway","19":"tag-nyheter","20":"tag-overskrifter","21":"tag-top-stories","22":"tag-topstories","23":"tag-verden","24":"tag-world","25":"tag-world-news","26":"tag-worldnews"},"share_on_mastodon":{"url":"https:\/\/pubeurope.com\/@no\/115679181390017613","error":""},"_links":{"self":[{"href":"https:\/\/www.europesays.com\/no\/wp-json\/wp\/v2\/posts\/106678","targetHints":{"allow":["GET"]}}],"collection":[{"href":"https:\/\/www.europesays.com\/no\/wp-json\/wp\/v2\/posts"}],"about":[{"href":"https:\/\/www.europesays.com\/no\/wp-json\/wp\/v2\/types\/post"}],"author":[{"embeddable":true,"href":"https:\/\/www.europesays.com\/no\/wp-json\/wp\/v2\/users\/2"}],"replies":[{"embeddable":true,"href":"https:\/\/www.europesays.com\/no\/wp-json\/wp\/v2\/comments?post=106678"}],"version-history":[{"count":0,"href":"https:\/\/www.europesays.com\/no\/wp-json\/wp\/v2\/posts\/106678\/revisions"}],"wp:featuredmedia":[{"embeddable":true,"href":"https:\/\/www.europesays.com\/no\/wp-json\/wp\/v2\/media\/106679"}],"wp:attachment":[{"href":"https:\/\/www.europesays.com\/no\/wp-json\/wp\/v2\/media?parent=106678"}],"wp:term":[{"taxonomy":"category","embeddable":true,"href":"https:\/\/www.europesays.com\/no\/wp-json\/wp\/v2\/categories?post=106678"},{"taxonomy":"post_tag","embeddable":true,"href":"https:\/\/www.europesays.com\/no\/wp-json\/wp\/v2\/tags?post=106678"}],"curies":[{"name":"wp","href":"https:\/\/api.w.org\/{rel}","templated":true}]}}