{"id":106704,"date":"2025-12-07T16:51:09","date_gmt":"2025-12-07T16:51:09","guid":{"rendered":"https:\/\/www.europesays.com\/no\/106704\/"},"modified":"2025-12-07T16:51:09","modified_gmt":"2025-12-07T16:51:09","slug":"trafikk-trafikkuhell-tre-personer-til-sykehus-etter-trafikkulykke","status":"publish","type":"post","link":"https:\/\/www.europesays.com\/no\/106704\/","title":{"rendered":"Trafikk, Trafikkuhell | Tre personer til sykehus etter trafikkulykke"},"content":{"rendered":"\n<p><b>S\u00f8ndag klokka 12:19 melder politiet at n\u00f8detatene rykker til Rauland i Vinje etter melding et trafikkuhell.<\/b><\/p>\n<p>\u2013 En bil har kj\u00f8rt av veien. Tre personer er ute av bilen og framst\u00e5r uskadd, melder operasjonsleder Jan Kristian Johnsrud.<\/p>\n<p><b>Tre personer blir kj\u00f8rt til sykehus for unders\u00f8kelser. De fremst\u00e5r ikke hardt skadd, if\u00f8lge operasjonslederen.<\/b><\/p>\n<p>I en oppdatering klokka 13:34 opplyser Johnsrund at de tre i bilen ikke er skadet, og at n\u00f8detatene avslutter p\u00e5 stedet. Bilen er hentet av bilberger.<\/p>\n","protected":false},"excerpt":{"rendered":"S\u00f8ndag klokka 12:19 melder politiet at n\u00f8detatene rykker til Rauland i Vinje etter melding et trafikkuhell. \u2013 En&hellip;\n","protected":false},"author":2,"featured_media":1273,"comment_status":"","ping_status":"","sticky":false,"template":"","format":"standard","meta":{"footnotes":""},"categories":[10],"tags":[36,20,21,24,25,15,22,23,13,30,28,29,14,16,3126,1510,26,27,224,2889,3127],"class_list":{"0":"post-106704","1":"post","2":"type-post","3":"status-publish","4":"format-standard","5":"has-post-thumbnail","7":"category-norge","8":"tag-art","9":"tag-breaking-news","10":"tag-breakingnews","11":"tag-featured-news","12":"tag-featurednews","13":"tag-headlines","14":"tag-latest-news","15":"tag-latestnews","16":"tag-news","17":"tag-no","18":"tag-norge","19":"tag-norway","20":"tag-nyheter","21":"tag-overskrifter","22":"tag-rauland","23":"tag-story","24":"tag-top-stories","25":"tag-topstories","26":"tag-trafikk","27":"tag-trafikkuhell","28":"tag-vinje"},"share_on_mastodon":{"url":"https:\/\/pubeurope.com\/@no\/115679322631234698","error":""},"_links":{"self":[{"href":"https:\/\/www.europesays.com\/no\/wp-json\/wp\/v2\/posts\/106704","targetHints":{"allow":["GET"]}}],"collection":[{"href":"https:\/\/www.europesays.com\/no\/wp-json\/wp\/v2\/posts"}],"about":[{"href":"https:\/\/www.europesays.com\/no\/wp-json\/wp\/v2\/types\/post"}],"author":[{"embeddable":true,"href":"https:\/\/www.europesays.com\/no\/wp-json\/wp\/v2\/users\/2"}],"replies":[{"embeddable":true,"href":"https:\/\/www.europesays.com\/no\/wp-json\/wp\/v2\/comments?post=106704"}],"version-history":[{"count":0,"href":"https:\/\/www.europesays.com\/no\/wp-json\/wp\/v2\/posts\/106704\/revisions"}],"wp:featuredmedia":[{"embeddable":true,"href":"https:\/\/www.europesays.com\/no\/wp-json\/wp\/v2\/media\/1273"}],"wp:attachment":[{"href":"https:\/\/www.europesays.com\/no\/wp-json\/wp\/v2\/media?parent=106704"}],"wp:term":[{"taxonomy":"category","embeddable":true,"href":"https:\/\/www.europesays.com\/no\/wp-json\/wp\/v2\/categories?post=106704"},{"taxonomy":"post_tag","embeddable":true,"href":"https:\/\/www.europesays.com\/no\/wp-json\/wp\/v2\/tags?post=106704"}],"curies":[{"name":"wp","href":"https:\/\/api.w.org\/{rel}","templated":true}]}}