{"id":106709,"date":"2025-12-07T16:58:12","date_gmt":"2025-12-07T16:58:12","guid":{"rendered":"https:\/\/www.europesays.com\/no\/106709\/"},"modified":"2025-12-07T16:58:12","modified_gmt":"2025-12-07T16:58:12","slug":"lofoten-svolvaer-alt-i-orden-i-promillekontroll","status":"publish","type":"post","link":"https:\/\/www.europesays.com\/no\/106709\/","title":{"rendered":"Lofoten, Svolv\u00e6r | Alt i orden i promillekontroll"},"content":{"rendered":"\n<p>Politiet har gjennomf\u00f8rt en promillekontroll p\u00e5 E10 i omr\u00e5det Svolv\u00e6r-Kabelv\u00e5g s\u00f8ndag morgen. Av de 35 kontrollerte f\u00f8rerne, var det ingen overtredelser. <\/p>\n<p>Politiet stanset et utenlandsk kj\u00f8ret\u00f8y i omr\u00e5det ved Badebukta i <b>Svolv\u00e6r <\/b>natt til s\u00f8ndag. F\u00f8reren var mistenkt for fyllekj\u00f8ring, og det viste seg \u00e5 stemme.<\/p>\n<p>\u2013 F\u00f8rer bl\u00e5ser over lovlig verdi. Tas med for bevissikring. Sak opprettes og f\u00f8rerkort tas i beslag, opplyser Ina Kristin Selfors ved Nordland politidistrikt ved 01-tiden.<\/p>\n<p>Plaget vakter p\u00e5 utested<\/p>\n<p>Litt senere p\u00e5 natten melder Selfors at politiet har v\u00e6rt p\u00e5 et oppdrag p\u00e5 <b>Leknes<\/b>.<\/p>\n<p>\u2013 En utenlandsk person er bortvist fra Leknes sentrum fram til klokka 10 s\u00f8ndag. Han har v\u00e6rt en plage for vakter p\u00e5 et utested, opplyser hun.<\/p>\n<p>Personen h\u00f8rte ikke p\u00e5 politiet, og blir anmeldt for dette. Vedkommende blir ogs\u00e5 anmeldt for \u00e5 ikke ha  p\u00e5 seg.<\/p>\n<p>Kj\u00f8rte med r\u00f8de lykter<\/p>\n<p>Politiet melder ikke om flere hendelser fra Lofoten, men har hatt flere lignende oppdrag i natt andre steder i Nordland og Troms:<\/p>\n<p>I <b>Narvikomr\u00e5det<\/b> ble tre bilf\u00f8rere tatt for \u00e5 ha kj\u00f8rt i beruset tilstand. I det ene tilfellet hadde en bil kj\u00f8rt av veien og truffet en str\u00f8mmast. Bilen var forlatt, men politiet fant f\u00f8reren, som bl\u00e5ste over lovlig verdi og siktes for promillekj\u00f8ring.<\/p>\n<p>I <b>Bod\u00f8 <\/b>var det flere tilfeller av br\u00e5k og bortvisning fra sentrum.<\/p>\n<p>P\u00e5 <b>Sortland <\/b>stanset politiet et kj\u00f8ret\u00f8y med r\u00f8de lykter i sentrum.<\/p>\n<p>\u2013 F\u00f8rer hadde en fjernkontroll i bilen der han kunne endre fargen p\u00e5 lyktene. F\u00f8rer er ilagt et forenklet forelegg for feil lysbruk. I tillegg er det skrevet en mangellapp slik at eier m\u00e5 framstille bilen for kontroll, melder Ina Kristin Selfors.<\/p>\n","protected":false},"excerpt":{"rendered":"Politiet har gjennomf\u00f8rt en promillekontroll p\u00e5 E10 i omr\u00e5det Svolv\u00e6r-Kabelv\u00e5g s\u00f8ndag morgen. Av de 35 kontrollerte f\u00f8rerne, var&hellip;\n","protected":false},"author":2,"featured_media":9634,"comment_status":"","ping_status":"","sticky":false,"template":"","format":"standard","meta":{"footnotes":""},"categories":[10],"tags":[36,20,21,24,25,15,22,23,1458,803,13,30,28,29,14,16,254,1510,1457,26,27],"class_list":{"0":"post-106709","1":"post","2":"type-post","3":"status-publish","4":"format-standard","5":"has-post-thumbnail","7":"category-norge","8":"tag-art","9":"tag-breaking-news","10":"tag-breakingnews","11":"tag-featured-news","12":"tag-featurednews","13":"tag-headlines","14":"tag-latest-news","15":"tag-latestnews","16":"tag-leknes","17":"tag-lofoten","18":"tag-news","19":"tag-no","20":"tag-norge","21":"tag-norway","22":"tag-nyheter","23":"tag-overskrifter","24":"tag-politi","25":"tag-story","26":"tag-svolvaer","27":"tag-top-stories","28":"tag-topstories"},"share_on_mastodon":{"url":"https:\/\/pubeurope.com\/@no\/115679350240039265","error":""},"_links":{"self":[{"href":"https:\/\/www.europesays.com\/no\/wp-json\/wp\/v2\/posts\/106709","targetHints":{"allow":["GET"]}}],"collection":[{"href":"https:\/\/www.europesays.com\/no\/wp-json\/wp\/v2\/posts"}],"about":[{"href":"https:\/\/www.europesays.com\/no\/wp-json\/wp\/v2\/types\/post"}],"author":[{"embeddable":true,"href":"https:\/\/www.europesays.com\/no\/wp-json\/wp\/v2\/users\/2"}],"replies":[{"embeddable":true,"href":"https:\/\/www.europesays.com\/no\/wp-json\/wp\/v2\/comments?post=106709"}],"version-history":[{"count":0,"href":"https:\/\/www.europesays.com\/no\/wp-json\/wp\/v2\/posts\/106709\/revisions"}],"wp:featuredmedia":[{"embeddable":true,"href":"https:\/\/www.europesays.com\/no\/wp-json\/wp\/v2\/media\/9634"}],"wp:attachment":[{"href":"https:\/\/www.europesays.com\/no\/wp-json\/wp\/v2\/media?parent=106709"}],"wp:term":[{"taxonomy":"category","embeddable":true,"href":"https:\/\/www.europesays.com\/no\/wp-json\/wp\/v2\/categories?post=106709"},{"taxonomy":"post_tag","embeddable":true,"href":"https:\/\/www.europesays.com\/no\/wp-json\/wp\/v2\/tags?post=106709"}],"curies":[{"name":"wp","href":"https:\/\/api.w.org\/{rel}","templated":true}]}}