{"id":106712,"date":"2025-12-07T17:00:12","date_gmt":"2025-12-07T17:00:12","guid":{"rendered":"https:\/\/www.europesays.com\/no\/106712\/"},"modified":"2025-12-07T17:00:12","modified_gmt":"2025-12-07T17:00:12","slug":"simen-hegstad-kruger-innrommer-at-ol-plassen-henger-i-en-tynn-trad-etter-svake-renn-i-verdenscupen-i-trondheim","status":"publish","type":"post","link":"https:\/\/www.europesays.com\/no\/106712\/","title":{"rendered":"Simen Hegstad Kr\u00fcger innr\u00f8mmer at OL-plassen henger i en tynn tr\u00e5d etter svake renn i verdenscupen i Trondheim"},"content":{"rendered":"\n<ul class=\"_list_o9xde_3 _list_64s2r_85 _unordered_o9xde_106 text-sans-m\">\n<li class=\"_item_o9xde_30\">Simen Hegstad Kr\u00fcger kan miste OL-plassen etter skuffende resultater s\u00e5 langt denne sesongen.<\/li>\n<li class=\"_item_o9xde_30\">S\u00f8ndag endte han p\u00e5 17. plass p\u00e5 10 kilometer fristil, langt bak vinneren Einar Hedegart.<\/li>\n<li class=\"_item_o9xde_30\">Troen p\u00e5 OL-deltakelse minker, men Kr\u00fcger h\u00e5per p\u00e5 bedre resultater i kommende renn.<\/li>\n<\/ul>\n<p>Vis mer <\/p>\n<p class=\"_paragraph_o9xde_4 _paragraph_xtcu6_10 layout-component text-serif-m layout-normal text-serif-m layout-padded\">Lyn-l\u00f8peren var helt fortvilet etter m\u00e5lgang i Gran\u00e5sen i Trondheim s\u00f8ndag. <\/p>\n<p class=\"_paragraph_o9xde_4 _paragraph_xtcu6_10 layout-component text-serif-m layout-normal text-serif-m layout-padded\">Han var akkurat ferdig med det som egentlig er hans dr\u00f8mmedistanse, nemlig OL-\u00f8velsen 10 kilometer fristil.<\/p>\n<p class=\"_paragraph_o9xde_4 _paragraph_xtcu6_10 layout-component text-serif-m layout-normal text-serif-m layout-padded\"><strong class=\"_strong_o9xde_25\">\u2013 Henger OL-plassen din i en syltynn tr\u00e5d n\u00e5?<\/strong><\/p>\n<p><img decoding=\"async\" alt=\"Bilde av Simen Hegstad Kr\u00fcger\" class=\"_image_ygndg_42\" height=\"27\" itemprop=\"image\" loading=\"lazy\"  src=\"https:\/\/www.europesays.com\/no\/wp-content\/uploads\/2025\/12\/df28aa28-c73b-4e19-971c-3a7f4698e058\"  width=\"40\"\/><strong class=\"_name_ygndg_51 title-serif-xs\">Simen Hegstad Kr\u00fcger<\/strong><\/p>\n<p class=\"_paragraph_o9xde_4 text-sans-m _description_ygndg_56\">Landslagsl\u00f8per i langrenn<\/p>\n<p class=\"_paragraph_o9xde_4 _paragraph_xtcu6_10 layout-component text-serif-m layout-normal text-serif-m layout-padded\">\u2013 Per dags dato gj\u00f8r den det. Det er ikke kj\u00f8rt, men dette var en veldig god mulighet til \u00e5 styrke kandidaturet sitt. S\u00e5 gj\u00f8r jeg det motsatte. Da er jeg veldig avhengig av \u00e5 g\u00e5 styggfort p\u00e5 et senere tidspunkt for \u00e5 g\u00e5 meg inn, sier han til VG.<\/p>\n<p class=\"_paragraph_o9xde_4 _paragraph_xtcu6_10 layout-component text-serif-m layout-normal text-serif-m layout-padded\">Han har for vane \u00e5 ta medalje i nesten hvert mesterskap han stiller opp ifor vane \u00e5 ta medalje i nesten hvert mesterskap han stiller opp iKr\u00fcger har tatt individuell medalje i nesten samtlige mesterskap siden OL i Pyeongchang i 2018. Det eneste mesterskapet han ikke har medalje fra er VM i Seefeld i 2019. Men VM i b\u00e5de Oberstdorf, Planica og Trondheim (2021, 2023 og 2025), samt OL i Beijing i 2022 har han medalje..<\/p>\n<ul class=\"_list_o9xde_3 _list_xtcu6_9 _unordered_o9xde_106 layout-component text-serif-m layout-normal text-serif-m layout-padded\">\n<li class=\"_item_o9xde_30\">Men bare to m\u00e5neder f\u00f8r OL i Italia st\u00e5r han uten et toppresultat i verdenscupen.<\/li>\n<li class=\"_item_o9xde_30\">S\u00f8ndag endte han til slutt p\u00e5 en 17. plass, <a href=\"https:\/\/www.vg.no\/sport\/i\/V6RgJl\/norsk-thriller-i-granaasen-einar-hedegart-tideler-foran-andreas-ree\" data-track-element-type=\"Link\" data-track-id=\"link:V6RgJl\" class=\"_link_o9xde_39\" rel=\"nofollow noopener\" target=\"_blank\">hele 48,5 sekunder bak seierherre Einar Hedegart<\/a>.<\/li>\n<li class=\"_item_o9xde_30\">P\u00e5 l\u00f8rdagens 20 kilometer med skibytte ble han nummer ti, men var i realiteten ikke med p\u00e5 \u00e5 kjempe om seieren mot slutten.<\/li>\n<li class=\"_item_o9xde_30\">Dette var Kr\u00fcgers to f\u00f8rste verdenscuprenn denne sesongen etter at han ble syk til verdenscup\u00e5pningen i finske Ruka.<\/li>\n<\/ul>\n<p class=\"_paragraph_o9xde_4 _paragraph_xtcu6_10 layout-component text-serif-m layout-normal text-serif-m layout-padded\">Kr\u00fcger sier det er kjipt \u00e5 ikke f\u00e5 det til p\u00e5 en s\u00e5 viktig dag.<\/p>\n<p class=\"_paragraph_o9xde_4 _paragraph_xtcu6_10 layout-component text-serif-m layout-normal text-serif-m layout-padded\">\u2013 Man f\u00f8ler seg tom. Det er bekm\u00f8rkt, rett og slett, sier han s\u00f8ndag.<\/p>\n<p class=\"_paragraph_o9xde_4 _paragraph_xtcu6_10 layout-component text-serif-m layout-normal text-serif-m layout-padded\">\u2013 Jeg vet ikke hva som skjer.<\/p>\n<p class=\"_paragraph_o9xde_4 _paragraph_xtcu6_10 layout-component text-serif-m layout-normal text-serif-m layout-padded\">Dette gjorde vinneren av s\u00f8ndagens 10 kilometer, Einar Hedegart, etter at han gikk i m\u00e5l:<\/p>\n<p class=\"_paragraph_o9xde_4 _paragraph_xtcu6_10 layout-component text-serif-m layout-normal text-serif-m layout-padded\"><strong class=\"_strong_o9xde_25\">\u2013 Hva tenker du n\u00e5r du g\u00e5r i m\u00e5l?<\/strong><\/p>\n<p class=\"_paragraph_o9xde_4 _paragraph_xtcu6_10 layout-component text-serif-m layout-normal text-serif-m layout-padded\">\u2013 Det er et d\u00e5rlig l\u00f8p. Ikke representativt for det niv\u00e5et jeg har. Jeg hadde trengt et godt resultat. Vi f\u00e5r se hvilke sjanser som byr seg de neste ukene.<\/p>\n<p class=\"_paragraph_o9xde_4 _paragraph_xtcu6_10 layout-component text-serif-m layout-normal text-serif-m layout-padded\">Allerede neste helg kommer f\u00f8rste anledning i verdenscupen.<\/p>\n<p class=\"_paragraph_o9xde_4 _paragraph_xtcu6_10 layout-component text-serif-m layout-normal text-serif-m layout-padded\">Da kommer det nok et uttaksrenn til OL p\u00e5 10 kilometer fristil i Davos, Sveits.<\/p>\n<p class=\"_paragraph_o9xde_4 _paragraph_xtcu6_10 layout-component text-serif-m layout-normal text-serif-m layout-padded\">Et renn i h\u00f8yden, noe som passer Kr\u00fcger sv\u00e6rt godt. Der har han for vane \u00e5 prestere bedre enn de fleste.<\/p>\n<p class=\"_paragraph_o9xde_4 _paragraph_xtcu6_10 layout-component text-serif-m layout-normal text-serif-m layout-padded\">Iver Tildheim Andersen vurderer en annen idrett etter rennet i Gran\u00e5sen s\u00f8ndag:<\/p>\n<p class=\"_paragraph_o9xde_4 _paragraph_xtcu6_10 layout-component text-serif-m layout-normal text-serif-m layout-padded\">Men det er ikke sikkert han kommer seg dit engang, i hvert fall hvis man skal tro NRKs eksperter.<\/p>\n<p class=\"_paragraph_o9xde_4 _paragraph_xtcu6_10 layout-component text-serif-m layout-normal text-serif-m layout-padded\">De fleste tenker at fem mann er sikre til DavosDe fleste tenker at fem mann er sikre til DavosJohannes H\u00f8sflot Kl\u00e6bo og Mattis Stenshagen har friplass til verdenscupen f\u00f8r jul fordi de vant verdenscupen og Skandinavisk cup sammenlagt sist sesong. Til Davos-rennet har Norge en kvote p\u00e5 seks ut\u00f8vere. Andreas Fjorden Ree, Martin L\u00f8wstr\u00f8m Nyenget, Harald \u00d8stberg Amundsen, Einar Hedegart og Iver Tildheim Andersen har alle gode fristilsresultater.. Da gjenst\u00e5r \u00e9n plass.<\/p>\n<p class=\"_paragraph_o9xde_4 _paragraph_xtcu6_10 layout-component text-serif-m layout-normal text-serif-m layout-padded\">Den st\u00e5r trolig mellom Kr\u00fcger og Emil Iversen. Sistnevnte er i storform <a href=\"https:\/\/www.vg.no\/sport\/i\/9pm35E\/klaebo-tok-sin-101-verdenscupseier-amundsen-nummer-to\" data-track-element-type=\"Link\" data-track-id=\"link:9pm35E\" class=\"_link_o9xde_39\" rel=\"nofollow noopener\" target=\"_blank\">etter pallplass p\u00e5 20 kilometer med skibytte l\u00f8rdag<\/a> og en fjerdeplass p\u00e5 s\u00f8ndagens 10 kilometer fristil.<\/p>\n<p class=\"_paragraph_o9xde_4 _paragraph_xtcu6_10 layout-component text-serif-m layout-normal text-serif-m layout-padded\">\u2013 Det er s\u00e5 mange som g\u00e5r fort. Kr\u00fcger er den som ikke har levert i \u00e5r, selv om han har v\u00e6rt syk. De andre har levert p\u00e5 s\u00e5 h\u00f8yt niv\u00e5. Hvor lenge kan han leve p\u00e5 gamle meritter? sp\u00f8r Fredrik Aukland.<\/p>\n<p><img decoding=\"async\" alt=\"Bilde av Fredrik Aukland\" class=\"_image_ygndg_42\" height=\"27\" itemprop=\"image\" loading=\"lazy\"  src=\"https:\/\/www.europesays.com\/no\/wp-content\/uploads\/2025\/12\/938ccc23-d304-4b29-be7b-adbd8400a7db\"  width=\"40\"\/><strong class=\"_name_ygndg_51 title-serif-xs\">Fredrik Aukland<\/strong><\/p>\n<p class=\"_paragraph_o9xde_4 text-sans-m _description_ygndg_56\">Langrennsekspert<\/p>\n<p class=\"_paragraph_o9xde_4 _paragraph_xtcu6_10 layout-component text-serif-m layout-normal text-serif-m layout-padded\">\u2013 Slik jeg ser det, s\u00e5 ryker enten han eller Emil Iversen. Det kan bli helt avgj\u00f8rende. Toget kan g\u00e5 for Kr\u00fcger n\u00e5. Dette er dramatisk for ham. Uansett vil noen bli skuffet.<\/p>\n<p class=\"_paragraph_o9xde_4 _paragraph_xtcu6_10 layout-component text-serif-m layout-normal text-serif-m layout-padded\">Ekspertkollega i NRK, P\u00e5l Golberg, mener Norges Skiforbunds sesonginformasjonNorges Skiforbunds sesonginformasjonSesonginformasjonen skal v\u00e6re et f\u00f8rende dokument for hvem som skal prioriteres i uttak til verdenscupen. F\u00f8r jul heter det at eliteut\u00f8vere p\u00e5 landslag skal prioriteres. Kr\u00fcger er p\u00e5 landslag, det er for eksempel ikke en ut\u00f8ver som Emil Iversen. i praksis gir landslagsledelsen mulighet til \u00e5 gj\u00f8re hva de vil f\u00f8r jul.<\/p>\n<p><img decoding=\"async\" alt=\"Bilde av P\u00e5l Golberg\" class=\"_image_ygndg_42\" height=\"27\" itemprop=\"image\" loading=\"lazy\"  src=\"https:\/\/www.europesays.com\/no\/wp-content\/uploads\/2025\/12\/ac8c8bec-d343-4b82-9873-157f9e8c303b\"  width=\"40\"\/><strong class=\"_name_ygndg_51 title-serif-xs\">P\u00e5l Golberg<\/strong><\/p>\n<p class=\"_paragraph_o9xde_4 text-sans-m _description_ygndg_56\">Langrennsekspert<\/p>\n<p class=\"_paragraph_o9xde_4 _paragraph_xtcu6_10 layout-component text-serif-m layout-normal text-serif-m layout-padded\">\u2013 Men Kr\u00fcgers form gir hodebry. Davos er et v\u00e6re eller ikke v\u00e6re for ham med tanke p\u00e5 OL, sier Golberg.<\/p>\n<p class=\"_paragraph_o9xde_4 _paragraph_xtcu6_10 layout-component text-serif-m layout-normal text-serif-m layout-padded\">Han tror at Kr\u00fcgers sykdom i innledningen av sesongen gj\u00f8r at han f\u00e5r en sjanse til.<\/p>\n<p class=\"_paragraph_o9xde_4 _paragraph_xtcu6_10 layout-component text-serif-m layout-normal text-serif-m layout-padded\">\u2013 Men jeg synes det er vanskelig \u00e5 forsvare at de utelater Emil nok en gang, at de utelater Emil nok en gang,Emil Iversen ble utelatt fra verdenscup\u00e5pningen, noe han reagerte sterkt p\u00e5.  sier Golberg.<\/p>\n<p class=\"_paragraph_o9xde_4 _paragraph_xtcu6_10 layout-component text-serif-m layout-normal text-serif-m layout-padded\">Da VG sp\u00f8r Kr\u00fcger hvordan det er \u00e5 kjenne p\u00e5 at OL-plassen henger i en tynn tr\u00e5d, svarer han slik:<\/p>\n<p class=\"_paragraph_o9xde_4 _paragraph_xtcu6_10 layout-component text-serif-m layout-normal text-serif-m layout-padded\">\u2013 Det er klart det er kjipt. Det er \u00e5rets store m\u00e5l og det jeg har trent mot hele veien. Jeg har ikke gitt opp enn\u00e5. Jeg skal ikke ta det p\u00e5 forskudd. Jeg vet jeg kan veldig mye bedre.<\/p>\n<p class=\"_paragraph_o9xde_4 _paragraph_xtcu6_10 layout-component text-serif-m layout-normal text-serif-m layout-padded\">Frida Karlsson hadde ingen god oppladning til verdenscupen i Trondheim:<\/p>\n<p class=\"_paragraph_o9xde_4 _paragraph_xtcu6_10 layout-component text-serif-m layout-normal text-serif-m layout-padded\"><strong class=\"_strong_o9xde_25\">\u2013 Aukland sier at det sp\u00f8ker for mer verdenscup &#8230;<\/strong><\/p>\n<p class=\"_paragraph_o9xde_4 _paragraph_xtcu6_10 layout-component text-serif-m layout-normal text-serif-m layout-padded\">\u2013 Jeg f\u00e5r bare se. Jeg h\u00e5per \u00e5 f\u00e5 g\u00e5. Men det er litt ute av mine hender n\u00e5.\u00a0<\/p>\n<p class=\"_paragraph_o9xde_4 _paragraph_xtcu6_10 layout-component text-serif-m layout-normal text-serif-m layout-padded\">Neste helg \u2013 samtidig som verdenscupen i Davos \u2013 er det ogs\u00e5 Skandinavisk cup. Det er niv\u00e5et under verdenscupen.<\/p>\n<p class=\"_paragraph_o9xde_4 _paragraph_xtcu6_10 layout-component text-serif-m layout-normal text-serif-m layout-padded\">\u2013 Jeg skal g\u00e5 skirenn, men jeg hadde innstilt meg p\u00e5 Davos. Men det f\u00e5r vi vel svar p\u00e5 i l\u00f8pet av kvelden. Enn s\u00e5 lenge h\u00e5per jeg p\u00e5 en mulighet.<\/p>\n<p class=\"_paragraph_o9xde_4 _paragraph_xtcu6_10 layout-component text-serif-m layout-normal text-serif-m layout-padded\">Da VG sp\u00f8r om han er knust n\u00e5, svarer Kr\u00fcger slik:<\/p>\n<p class=\"_paragraph_o9xde_4 _paragraph_xtcu6_10 layout-component text-serif-m layout-normal text-serif-m layout-padded\">\u2013 Jeg er nedfor. S\u00e5 vet jeg at jeg kommer tilbake, men jeg bare h\u00e5per det er tidsnok. <\/p>\n<p class=\"_paragraph_o9xde_4 _paragraph_xtcu6_10 layout-component text-serif-m layout-normal text-serif-m layout-padded\">Det gikk ikke like bra for alle de norske kvinnene p\u00e5 s\u00f8ndagens 10 kilometer fristil i Trondheim:<\/p>\n","protected":false},"excerpt":{"rendered":"Simen Hegstad Kr\u00fcger kan miste OL-plassen etter skuffende resultater s\u00e5 langt denne sesongen. S\u00f8ndag endte han p\u00e5 17.&hellip;\n","protected":false},"author":2,"featured_media":106713,"comment_status":"","ping_status":"","sticky":false,"template":"","format":"standard","meta":{"footnotes":""},"categories":[59],"tags":[13297,398,30,28,29,11960,83,82,399],"class_list":{"0":"post-106712","1":"post","2":"type-post","3":"status-publish","4":"format-standard","5":"has-post-thumbnail","7":"category-sport","8":"tag-fredrik-aukland","9":"tag-langrenn","10":"tag-no","11":"tag-norge","12":"tag-norway","13":"tag-simen-hegstad-kruger","14":"tag-sport","15":"tag-sports","16":"tag-vintersport"},"share_on_mastodon":{"url":"https:\/\/pubeurope.com\/@no\/115679358137636588","error":""},"_links":{"self":[{"href":"https:\/\/www.europesays.com\/no\/wp-json\/wp\/v2\/posts\/106712","targetHints":{"allow":["GET"]}}],"collection":[{"href":"https:\/\/www.europesays.com\/no\/wp-json\/wp\/v2\/posts"}],"about":[{"href":"https:\/\/www.europesays.com\/no\/wp-json\/wp\/v2\/types\/post"}],"author":[{"embeddable":true,"href":"https:\/\/www.europesays.com\/no\/wp-json\/wp\/v2\/users\/2"}],"replies":[{"embeddable":true,"href":"https:\/\/www.europesays.com\/no\/wp-json\/wp\/v2\/comments?post=106712"}],"version-history":[{"count":0,"href":"https:\/\/www.europesays.com\/no\/wp-json\/wp\/v2\/posts\/106712\/revisions"}],"wp:featuredmedia":[{"embeddable":true,"href":"https:\/\/www.europesays.com\/no\/wp-json\/wp\/v2\/media\/106713"}],"wp:attachment":[{"href":"https:\/\/www.europesays.com\/no\/wp-json\/wp\/v2\/media?parent=106712"}],"wp:term":[{"taxonomy":"category","embeddable":true,"href":"https:\/\/www.europesays.com\/no\/wp-json\/wp\/v2\/categories?post=106712"},{"taxonomy":"post_tag","embeddable":true,"href":"https:\/\/www.europesays.com\/no\/wp-json\/wp\/v2\/tags?post=106712"}],"curies":[{"name":"wp","href":"https:\/\/api.w.org\/{rel}","templated":true}]}}