{"id":106717,"date":"2025-12-07T17:05:17","date_gmt":"2025-12-07T17:05:17","guid":{"rendered":"https:\/\/www.europesays.com\/no\/106717\/"},"modified":"2025-12-07T17:05:17","modified_gmt":"2025-12-07T17:05:17","slug":"nyhet-nyheter-haerverk-pa-biler-pa-landas-fikk-sjokk","status":"publish","type":"post","link":"https:\/\/www.europesays.com\/no\/106717\/","title":{"rendered":"Nyhet, Nyheter | H\u00e6rverk p\u00e5 biler p\u00e5 Land\u00e5s: \u2013 Fikk sjokk"},"content":{"rendered":"\n<p>Fredag etter jobb parkerte Reneza Basera \u00d8stervold sin Nissan Leaf ved en parkeringsplass ved Adolph Bergs vei p\u00e5 Land\u00e5s. <\/p>\n<p>   <img decoding=\"async\" width=\"4032\" height=\"3024\" fetchpriority=\"low\"  loading=\"lazy\"  src=\"https:\/\/www.europesays.com\/no\/wp-content\/uploads\/2025\/12\/IMG_7692.jpg\" alt=\"\" class=\"brick-c-cFOWSL\" style=\"--brick-image-ratio: 4032 \/ 3024;\"\/><\/p>\n<p>      Bilrutene er helt smadret.<br \/>\n      Foto: Privat\n    <\/p>\n<p>Etter s\u00f8nnen hennes gikk forbi bilen l\u00f8rdag kveld oppdaget han at flere vinduer p\u00e5 bilen var knust.<\/p>\n<p>   <img decoding=\"async\" width=\"4284\" height=\"5712\" fetchpriority=\"low\"  loading=\"lazy\"  src=\"https:\/\/www.europesays.com\/no\/wp-content\/uploads\/2025\/12\/IMG_7734.jpg\" alt=\"\" class=\"brick-c-cFOWSL\" style=\"--brick-image-ratio: 4284 \/ 5712;\"\/><\/p>\n<p>      Reneza Brasera \u00d8stervold er frustrert etter bilen hennes har blitt utsatt for h\u00e6rverk.<br \/>\n      Foto: Privat\n    <\/p>\n<p>\u2013 Jeg fikk sjokk. Noen har sl\u00e5tt hardt mot rutene og jeg aner ikke hva de kan ha brukt. Jeg er utrolig lei meg og veldig stresset, forteller hun.<\/p>\n<p>\u00d8stervold uttrykker stor frustrasjon over h\u00e6rverket. Frontruten, siderutene, og bakruten er helt knust og \u00f8delagt.<\/p>\n<p>\u2013 N\u00e5 har jeg ingen bil. Jeg kommer meg ikke til kirken, jeg bruker bilen hver dag til \u00e5 komme meg til jobb p\u00e5 B\u00f8nes, og til \u00e5 levere barna mine p\u00e5 aktiviteter, og dette skjer like f\u00f8r jul, sier alenemoren, og legger til:<\/p>\n<p>\u2013 Jeg forst\u00e5r ikke hvordan noen kan gj\u00f8re noe slikt?<\/p>\n<p>\u2013 F\u00f8les ikke trykt<\/p>\n<p>Nabo Didar Saado hadde ogs\u00e5 sin Nissan Leaf parkert like ved Renezas. Han ble gjort oppmerksom p\u00e5 skadene sent l\u00f8rdag kveld.<\/p>\n<p>Saado forteller at bakruten p\u00e5 bilen er knust og at dekkene p\u00e5 bilen har blitt sk\u00e5ret opp.<\/p>\n<p>\u2013 Jeg lurer p\u00e5 hvem som kan gj\u00f8re s\u00e5nt? Det er utrolig kjedelig.<\/p>\n<p>BA har tidligere skrevet om at<a href=\"https:\/\/www.ba.no\/en-rekke-bildekk-blir-skaret-opp-det-er-kjempefrustrerende-og-dyrt\/s\/5-8-3247496?token=-722763652&amp;previewAll=true\" rel=\"Follow nofollow noopener\" target=\"_blank\"> en rekke bildekk har blitt sk\u00e5ret opp p\u00e5 Land\u00e5s.<\/a><\/p>\n<p>Saado hevder at det ikke er f\u00f8rste gang noe skjer med bilen hans n\u00e5r den har st\u00e5tt parkert i Adolph Bergs vei.<\/p>\n<p>   <img decoding=\"async\" width=\"1242\" height=\"2208\" fetchpriority=\"low\"  loading=\"lazy\"  src=\"https:\/\/www.europesays.com\/no\/wp-content\/uploads\/2025\/12\/IMG_0112+%281%29.jpg\" alt=\"\" class=\"brick-c-cFOWSL\" style=\"--brick-image-ratio: 1242 \/ 2208;\"\/><\/p>\n<p>      Dekkene har blitt sk\u00e5ret opp.<br \/>\n      Foto: Privat\n    <\/p>\n<p>   <img decoding=\"async\" width=\"1242\" height=\"2208\" fetchpriority=\"low\"  loading=\"lazy\"  src=\"https:\/\/www.europesays.com\/no\/wp-content\/uploads\/2025\/12\/IMG_0113.jpg\" alt=\"\" class=\"brick-c-cFOWSL\" style=\"--brick-image-ratio: 1242 \/ 2208;\"\/><\/p>\n<p>      Bakruten p\u00e5 bilen til Didar Saado har ogs\u00e5 blitt utsatt for h\u00e6rverk.<br \/>\n      Foto: Privat\n    <\/p>\n<p>\u2013 Dekkene mine har blitt punktert to ganger f\u00f8r, og i fjor ble glasset p\u00e5 bilen min ogs\u00e5 knust. Dette kan ikke fortsette, mener han.<\/p>\n<p>\u00d8stervold er like bekymret over h\u00e6rverket p\u00e5 biler i nabolaget.<\/p>\n<p>\u2013 Jeg \u00f8nsker ikke at dette skal skje igjen. Det f\u00f8les ikke trygt.<\/p>\n<p>H\u00e5per h\u00e6rverket tar slutt<\/p>\n<p>\u00d8stervold og Saado sier til BA at de begge kontaktet politiet natt til s\u00f8ndag etter de hadde oppdaget skadene.<\/p>\n<p>Operasjonsleder Bjarte Rebnord bekrefter at de har mottatt samtalene.<\/p>\n<p>\u2013 Det var mange hendelser og vi har ikke kapasitet til \u00e5 rykke p\u00e5 alt. Dette var ogs\u00e5 noe som hadde skjedd og ikke p\u00e5g\u00e5ende, og politiet har anbefalt dem \u00e5 anmelde forholdet, sier Rebnord.<\/p>\n<p>   <img decoding=\"async\" width=\"3024\" height=\"4032\" fetchpriority=\"low\"  loading=\"lazy\"  src=\"https:\/\/www.europesays.com\/no\/wp-content\/uploads\/2025\/12\/IMG_4199.jpg\" alt=\"\" class=\"brick-c-cFOWSL\" style=\"--brick-image-ratio: 3024 \/ 4032;\"\/><\/p>\n<p>      Slik s\u00e5 innsiden av bilen til \u00d8stervold ut.<br \/>\n      Foto: Privat\n    <\/p>\n<p>De to naboene forteller begge at de er skuffet over at politiet ikke dukket opp.<\/p>\n<p>\u2013 Jeg hadde h\u00e5pet at de kunne komme for \u00e5 se p\u00e5 det og hjelpe, sier \u00d8stervold, og legger til at hun oppfordrer alle som kan ha sett noe da h\u00e6rverket skjedde om \u00e5 kontakte politiet.<\/p>\n<p>\u2013 Jeg h\u00e5per virkelig politiet kan finner de eller den som holder p\u00e5 s\u00e5nn, mener Saabo.<\/p>\n","protected":false},"excerpt":{"rendered":"Fredag etter jobb parkerte Reneza Basera \u00d8stervold sin Nissan Leaf ved en parkeringsplass ved Adolph Bergs vei p\u00e5&hellip;\n","protected":false},"author":2,"featured_media":106718,"comment_status":"","ping_status":"","sticky":false,"template":"","format":"standard","meta":{"footnotes":""},"categories":[10],"tags":[36,20,21,24,25,2758,15,22,23,13,30,28,29,447,14,16,1510,26,27],"class_list":{"0":"post-106717","1":"post","2":"type-post","3":"status-publish","4":"format-standard","5":"has-post-thumbnail","7":"category-norge","8":"tag-art","9":"tag-breaking-news","10":"tag-breakingnews","11":"tag-featured-news","12":"tag-featurednews","13":"tag-haerverk","14":"tag-headlines","15":"tag-latest-news","16":"tag-latestnews","17":"tag-news","18":"tag-no","19":"tag-norge","20":"tag-norway","21":"tag-nyhet","22":"tag-nyheter","23":"tag-overskrifter","24":"tag-story","25":"tag-top-stories","26":"tag-topstories"},"share_on_mastodon":{"url":"https:\/\/pubeurope.com\/@no\/115679378163676565","error":""},"_links":{"self":[{"href":"https:\/\/www.europesays.com\/no\/wp-json\/wp\/v2\/posts\/106717","targetHints":{"allow":["GET"]}}],"collection":[{"href":"https:\/\/www.europesays.com\/no\/wp-json\/wp\/v2\/posts"}],"about":[{"href":"https:\/\/www.europesays.com\/no\/wp-json\/wp\/v2\/types\/post"}],"author":[{"embeddable":true,"href":"https:\/\/www.europesays.com\/no\/wp-json\/wp\/v2\/users\/2"}],"replies":[{"embeddable":true,"href":"https:\/\/www.europesays.com\/no\/wp-json\/wp\/v2\/comments?post=106717"}],"version-history":[{"count":0,"href":"https:\/\/www.europesays.com\/no\/wp-json\/wp\/v2\/posts\/106717\/revisions"}],"wp:featuredmedia":[{"embeddable":true,"href":"https:\/\/www.europesays.com\/no\/wp-json\/wp\/v2\/media\/106718"}],"wp:attachment":[{"href":"https:\/\/www.europesays.com\/no\/wp-json\/wp\/v2\/media?parent=106717"}],"wp:term":[{"taxonomy":"category","embeddable":true,"href":"https:\/\/www.europesays.com\/no\/wp-json\/wp\/v2\/categories?post=106717"},{"taxonomy":"post_tag","embeddable":true,"href":"https:\/\/www.europesays.com\/no\/wp-json\/wp\/v2\/tags?post=106717"}],"curies":[{"name":"wp","href":"https:\/\/api.w.org\/{rel}","templated":true}]}}