{"id":106721,"date":"2025-12-07T17:07:17","date_gmt":"2025-12-07T17:07:17","guid":{"rendered":"https:\/\/www.europesays.com\/no\/106721\/"},"modified":"2025-12-07T17:07:17","modified_gmt":"2025-12-07T17:07:17","slug":"du-ma-tale-temperatur","status":"publish","type":"post","link":"https:\/\/www.europesays.com\/no\/106721\/","title":{"rendered":"\u00abDu m\u00e5 t\u00e5le temperatur\u00bb"},"content":{"rendered":"\n<p class=\"_paragraph_o9xde_4 _paragraph_xtcu6_10 layout-component text-serif-m layout-normal text-serif-m layout-padded\">\u2013 Jeg er ganske kjapp i beslutningene. Det er du ogs\u00e5, sier Ole Gustav (58) til samboeren Katrine H\u00f8yland (46).<\/p>\n<p class=\"_paragraph_o9xde_4 _paragraph_xtcu6_10 layout-component text-serif-m layout-normal text-serif-m layout-padded\">\u2013 Skal vi dra til Afrika i to uker?<\/p>\n<p class=\"_paragraph_o9xde_4 _paragraph_xtcu6_10 layout-component text-serif-m layout-normal text-serif-m layout-padded\">Han knipser med fingrene og svarer selv:<\/p>\n<p class=\"_paragraph_o9xde_4 _paragraph_xtcu6_10 layout-component text-serif-m layout-normal text-serif-m layout-padded\">\u2013 Ja, vi gj\u00f8r det!<\/p>\n<p class=\"_paragraph_o9xde_4 _paragraph_xtcu6_10 layout-component text-serif-m layout-normal text-serif-m layout-padded\">Han er kjent som en handlingens mann i jobben som h\u00e5ndballtrener. VM er i ferd med \u00e5 bli en ny suksess med den nye sjefen. Norge er allerede klare for kvartfinalen. I kveld venter Brasil (kl. 20.30 TV3 \/Viaplay)<\/p>\n<p class=\"_paragraph_o9xde_4 _paragraph_xtcu6_10 layout-component text-serif-m layout-normal text-serif-m layout-padded\">Gjekstad er klar i talen som lagleder. Han setter raskt taktiske vurderinger ut i spill.<\/p>\n<p class=\"_paragraph_o9xde_4 _paragraph_xtcu6_10 layout-component text-serif-m layout-normal text-serif-m layout-padded\">\u2013 Katrine er impulsiv, og jeg er kjapp i beslutningene. Vi m\u00e5 ikke tenke oss om i m\u00e5nedsvis. Vi kj\u00f8pte hus i Kristiansand, pusset opp og flyttet inn. Etter to m\u00e5neder fant vi ut at vi ikke \u00f8nsket \u00e5 bo der. Vi flyttet ut igjen, forklarer han.<\/p>\n<p class=\"_paragraph_o9xde_4 _paragraph_xtcu6_10 layout-component text-serif-m layout-normal text-serif-m layout-padded\"><strong class=\"_strong_o9xde_25\">\u2013 Det var kanskje litt for kjapt, svarer hun.<\/strong><\/p>\n<p><img alt=\"\" class=\"_image_qp4xg_65 layout-component layout-normal\" data-fullscreen- data-track-element-type=\"Article image fullscreen\" data-track-name=\"ImageFullscreen\" decoding=\"async\" loading=\"lazy\" height=\"5404\" itemprop=\"image\"  src=\"https:\/\/www.europesays.com\/no\/wp-content\/uploads\/2025\/12\/f1213a48-fd6e-4393-ac80-7b86fb443171\"  style=\"object-position:0% 0%\" width=\"7205\"\/><\/p>\n<p class=\"_paragraph_o9xde_4 _paragraph_xtcu6_10 layout-component text-serif-m layout-normal text-serif-m layout-padded\">Men historien gjentok seg da paret kj\u00f8pte leiligheten i Oslo. Katrine var p\u00e5 jobben som psykiatrisk sykepleier i Kristiansand. Ole Gustav hadde med seg s\u00f8nnen Hermann (29) p\u00e5 visning.<\/p>\n<p class=\"_paragraph_o9xde_4 _paragraph_xtcu6_10 layout-component text-serif-m layout-normal text-serif-m layout-padded\">\u2013 Markedet gikk opp og jeg hadde ikke tid til \u00e5 v\u00e6re lenge i Oslo. Jeg var kjapp i beslutningen, forklarer han.<\/p>\n<p class=\"_paragraph_o9xde_4 _paragraph_xtcu6_10 layout-component text-serif-m layout-normal text-serif-m layout-padded\">\u2013 Det er en leilighet og ikke en genser!<\/p>\n<p class=\"_paragraph_o9xde_4 _paragraph_xtcu6_10 layout-component text-serif-m layout-normal text-serif-m layout-padded\">Minner Katrine om, med et smil.<\/p>\n<p><img alt=\"\" class=\"_image_qp4xg_65 layout-component layout-normal\" data-fullscreen- data-track-element-type=\"Article image fullscreen\" data-track-name=\"ImageFullscreen\" decoding=\"async\" loading=\"lazy\" height=\"5202\" itemprop=\"image\"  src=\"https:\/\/www.europesays.com\/no\/wp-content\/uploads\/2025\/12\/dc8f212f-e381-4e60-92e0-e98aacadf856\"  style=\"object-position:0% 0%\" width=\"6938\"\/><\/p>\n<p class=\"_paragraph_o9xde_4 _paragraph_xtcu6_10 layout-component text-serif-m layout-normal text-serif-m layout-padded\"><strong class=\"_strong_o9xde_25\">\u2013 Vi utfyller hverandre fint, mener hun.<\/strong><\/p>\n<p class=\"_paragraph_o9xde_4 _paragraph_xtcu6_10 layout-component text-serif-m layout-normal text-serif-m layout-padded\">Ole Gustav tar armen rundt samboeren. Vi er i deres nye hjem, nye livssituasjon, i Oslo.<\/p>\n<p class=\"_paragraph_o9xde_4 _paragraph_xtcu6_10 layout-component text-serif-m layout-normal text-serif-m layout-padded\">\u2013 Jeg blir veldig fort ferdig med ting. Katrine er flinkere til \u00e5 feire og sette pris p\u00e5 det som skjer. Hun er mye flinkere med omgivelsene. Hun skaper det sosiale, sier han.<\/p>\n<p class=\"_paragraph_o9xde_4 _paragraph_xtcu6_10 layout-component text-serif-m layout-normal text-serif-m layout-padded\">H\u00f8stt\u00e5ken siger inn utenfor den nyoppussede leiligheten ved foten av Holmenkoll\u00e5sen. Det n\u00e6rmer seg f\u00f8rjulstid. <\/p>\n<p class=\"_paragraph_o9xde_4 _paragraph_xtcu6_10 layout-component text-serif-m layout-normal text-serif-m layout-padded\">Og n\u00e5r dette leses, er h\u00e5ndball-VM for kvinner godt i gang.<\/p>\n<p><img alt=\"Foto: Beate Oma Dahle \/ NTB\" class=\"_image_qp4xg_65 layout-component layout-normal\" data-fullscreen- data-track-element-type=\"Article image fullscreen\" data-track-name=\"ImageFullscreen\" decoding=\"async\" loading=\"lazy\" height=\"5702\" itemprop=\"image\"  src=\"https:\/\/www.europesays.com\/no\/wp-content\/uploads\/2025\/12\/40d625bf-4d2c-4e29-a0a4-fcc40815cfe6\"  style=\"object-position:0% 0%\" width=\"7603\"\/>Foto: Beate Oma Dahle \/ NTB<\/p>\n<p class=\"_paragraph_o9xde_4 _paragraph_xtcu6_10 layout-component text-serif-m layout-normal text-serif-m layout-padded\"><strong class=\"_strong_o9xde_25\">For f\u00f8rste gang leder Thorir HergeirssonsThorir HergeirssonsIslendingen var trener for kvinnelandslaget i h\u00e5ndball fra 2009 til 2024. Hergeirsson ledet Norges lag i 20 mesterskap og tok elleve mesterskapsgull. etterf\u00f8lger Norge i et mesterskap. <\/strong><\/p>\n<ul class=\"_list_o9xde_3 _list_xtcu6_9 _unordered_o9xde_106 layout-component text-serif-m layout-normal text-serif-m layout-padded\">\n<li class=\"_item_o9xde_30\">I arenaen er Ole Gustav Gjekstad en slags h\u00e5ndballens Magnus Carlsen. Etter eget utsagn kan treneren i l\u00f8pet av ett sekund se hundre l\u00f8sninger p\u00e5 et problem.<\/li>\n<li class=\"_item_o9xde_30\">Hjemme i sofaen kan han h\u00f8re p\u00e5 lydbok mens han f\u00f8lger med p\u00e5 en TV-serie. Mer om det senere<\/li>\n<li class=\"_item_o9xde_30\">Vi er inne p\u00e5 den nye landslagssjefens virkelige hjemmebane. Her er Ole Gustav if\u00f8lge samboeren b\u00e5de mesterkokk og bokorm.<\/li>\n<\/ul>\n<p><img alt=\"Med kongepokalen som Sandefjord-kaptein i 1990.  Foto: Bjerke, Knut \/ NTB\" class=\"_image_qp4xg_65 layout-component layout-normal\" data-fullscreen- data-track-element-type=\"Article image fullscreen\" data-track-name=\"ImageFullscreen\" decoding=\"async\" loading=\"lazy\" height=\"3160\" itemprop=\"image\"  src=\"https:\/\/www.europesays.com\/no\/wp-content\/uploads\/2025\/12\/3179d676-7175-4218-884b-a42574aa0d11\"  style=\"object-position:0% 0%\" width=\"4214\"\/>Med kongepokalen som Sandefjord-kaptein i 1990.  Foto: Bjerke, Knut \/ NTB<\/p>\n<p class=\"_paragraph_o9xde_4 _paragraph_xtcu6_10 layout-component text-serif-m layout-normal text-serif-m layout-padded\"><a href=\"https:\/\/www.vg.no\/tag\/ole-gustav-gjekstad?utm_source=vg-article&amp;utm_medium=auto-tagger&amp;utm_campaign=yEegzR\" class=\"_link_o9xde_39\" rel=\"nofollow noopener\" target=\"_blank\">Ole Gustav Gjekstad<\/a> debuterte som landslagsspiller allerede f\u00f8r h\u00e5ndballjentene slo gjennom for snart 40 \u00e5r siden.<\/p>\n<p class=\"_paragraph_o9xde_4 _paragraph_xtcu6_10 layout-component text-serif-m layout-normal text-serif-m layout-padded\">N\u00e5 debuterer han som landslagssjef, men har opplevd det aller meste p\u00e5 40 x 20 meter.40 x 20 meter.St\u00f8rrelsen p\u00e5 en h\u00e5ndballbane. Gjekstad har totalt 51 titler nasjonalt og internasjonalt. Han har trent fire forskjellige klubberfire forskjellige klubberLarvik, Vipers Kristiansand og Odense p\u00e5 kvinnesiden &#8211; pluss Drammens menn. til gull.<\/p>\n<p class=\"_paragraph_o9xde_4 _paragraph_xtcu6_10 layout-component text-serif-m layout-normal text-serif-m layout-padded\">Det finnes ikke et spor av triumfene i stuen. Veggene er preget av kunst og samboerens foto av vakker natur. Ikke av hans fire seire i Champions League.<\/p>\n<p class=\"_paragraph_o9xde_4 _paragraph_xtcu6_10 layout-component text-serif-m layout-normal text-serif-m layout-padded\">\u2013 Jeg har spart p\u00e5 Champions League-medaljene. Men har gitt bort stort sett alt det andre av medaljer p\u00e5 kampdag. Jeg har ikke noe behov for dem. Ikke se p\u00e5 dem eller \u00e5 ta dem frem. Du vet s\u00e5nn noenlunde hva du har v\u00e6rt med p\u00e5, smiler Ole Gustav.<\/p>\n<p><img alt=\"\" class=\"_image_qp4xg_65 layout-component layout-normal\" data-fullscreen- data-track-element-type=\"Article image fullscreen\" data-track-name=\"ImageFullscreen\" decoding=\"async\" loading=\"lazy\" height=\"4870\" itemprop=\"image\"  src=\"https:\/\/www.europesays.com\/no\/wp-content\/uploads\/2025\/12\/a25820d8-8b00-4c0b-9e61-cbc21a2113ad\"  style=\"object-position:0% 0%\" width=\"6497\"\/><\/p>\n<p class=\"_paragraph_o9xde_4 _paragraph_xtcu6_10 layout-component text-serif-m layout-normal text-serif-m layout-padded\">Men Katrine drar frem mobilen. Hun viser Instagram-bildet hun la ut etter Vipers Kristiansand vant den st\u00f8rste europacupen for to \u00e5r siden. <\/p>\n<p class=\"_paragraph_o9xde_4 _paragraph_xtcu6_10 layout-component text-serif-m layout-normal text-serif-m layout-padded\">Kj\u00e6resten nyter den f\u00f8rste dagen i sommerferien til teksten: <\/p>\n<p class=\"_paragraph_o9xde_4 _paragraph_xtcu6_10 layout-component text-serif-m layout-normal text-serif-m layout-padded\"><strong class=\"_strong_o9xde_25\">\u00abNeida, jeg bryr meg ikke om medaljer &#8230;\u00bb<\/strong><\/p>\n<p><img alt=\"\" class=\"_image_qp4xg_65 layout-component layout-normal\" data-fullscreen- data-track-element-type=\"Article image fullscreen\" data-track-name=\"ImageFullscreen\" decoding=\"async\" loading=\"lazy\" height=\"4645\" itemprop=\"image\"  src=\"https:\/\/www.europesays.com\/no\/wp-content\/uploads\/2025\/12\/c1a806e0-44a9-4bd9-a547-4de00bc9ff94\"  style=\"object-position:0% 0%\" width=\"3484\"\/><\/p>\n<p class=\"_paragraph_o9xde_4 _paragraph_xtcu6_10 layout-component text-serif-m layout-normal text-serif-m layout-padded\">\u2013 Hun legger jo ut dette uten at jeg vet det, fleiper han tilbake.<\/p>\n<p class=\"_paragraph_o9xde_4 _paragraph_xtcu6_10 layout-component text-serif-m layout-normal text-serif-m layout-padded\">Katrine H\u00f8yland er ikke noe ukjent navn i norsk topph\u00e5ndball. Hun har bakgrunn som keeper og kaptein i den n\u00e5 nedlagte Kristiansand-klubbennedlagte Kristiansand-klubbenVipers Kristiansand gikk konkurs sist vinter.. Han visste veldig godt hvem hun var.<\/p>\n<p class=\"_paragraph_o9xde_4 _paragraph_xtcu6_10 layout-component text-serif-m layout-normal text-serif-m layout-padded\">Hun hadde lagt opp da Ole Gustav Gjekstad ankom S\u00f8rlandet for syv \u00e5r siden, men hadde som frivillig ansvaret for flere ting i klubben.<\/p>\n<p> I 2020 smalt det mellom dem. Siden har de v\u00e6rt et par.<img alt=\"Foto: Privat\" class=\"_image_qp4xg_65 layout-component layout-fullscreen\" data-fullscreen- data-track-element-type=\"Article image fullscreen\" data-track-name=\"ImageFullscreen\" decoding=\"async\" loading=\"lazy\" height=\"1799\" itemprop=\"image\"  src=\"https:\/\/www.europesays.com\/no\/wp-content\/uploads\/2025\/12\/3ae414be-c4ef-40ef-baa3-df78e9aec4ca\"  style=\"object-position:45.93023255813954% 34.35241801000556%\" width=\"1290\"\/>Foto: Privat<\/p>\n<p class=\"_paragraph_o9xde_4 _paragraph_xtcu6_10 layout-component text-serif-m layout-normal text-serif-m layout-padded\">\u2013 Han var en kjekk kar \u00e5 se til. Vi pratet godt sammen og liker mange av de samme tingene. Som reiser og fjellet. Vi fikk god kontakt, forklarer hun og bruker beskrivelsen \u00absnill og raus\u00bb p\u00e5 naboen i sofaen.<\/p>\n<p class=\"_paragraph_o9xde_4 _paragraph_xtcu6_10 layout-component text-serif-m layout-normal text-serif-m layout-padded\">N\u00e5r kvelden faller p\u00e5 hjemme, roer Ole Gustav ned tempoet.<\/p>\n<p class=\"_paragraph_o9xde_4 _paragraph_xtcu6_10 layout-component text-serif-m layout-normal text-serif-m layout-padded\">\u2013 Jeg burde ha trent mer. Men jeg leser ekstremt mye og h\u00f8rer n\u00e5 p\u00e5 lydbok. Jeg g\u00e5r gjennom en bok i uken. Jeg har v\u00e6rt gjennom et klassiker-kj\u00f8r. Det var Ibsen, Hamsun, Hemingway, Dostojevskij \u2013 hele den gjengen der \u2013 det var 15\u201316 klassikere. Det er mye enklere med lydbok. Veldig givende. Men Ibsen f\u00e5r jeg ikke helt til. Resten var bra, mener han.<\/p>\n<p class=\"_paragraph_o9xde_4 _paragraph_xtcu6_10 layout-component text-serif-m layout-normal text-serif-m layout-padded\"><strong class=\"_strong_o9xde_25\">\u2013 N\u00e5 er jeg midt i \u00abUlysses\u00bb av James Joyce. Den sliter jeg ogs\u00e5 litt med.<\/strong><\/p>\n<p class=\"_paragraph_o9xde_4 _paragraph_xtcu6_10 layout-component text-serif-m layout-normal text-serif-m layout-padded\">Det er her samboeren forteller historien om mannen som h\u00f8rer p\u00e5 lydbok samtidig som paret ser p\u00e5 en TV-serie.<\/p>\n<p class=\"_paragraph_o9xde_4 _paragraph_xtcu6_10 layout-component text-serif-m layout-normal text-serif-m layout-padded\">\u2013 Jeg sp\u00f8r om han f\u00f8lger med \u2013 og han gj\u00f8r jo det, smiler hun.<\/p>\n<p class=\"_paragraph_o9xde_4 _paragraph_xtcu6_10 layout-component text-serif-m layout-normal text-serif-m layout-padded\">Ole Gustav forst\u00e5r at noen kan synes at kombinasjonen virker litt rar.<\/p>\n<p class=\"_paragraph_o9xde_4 _paragraph_xtcu6_10 layout-component text-serif-m layout-normal text-serif-m layout-padded\">\u2013 Jeg vet ikke om det er smart. Men jeg er s\u00e5nn. Jeg kan f\u00e5 med meg mye samtidig, forklarer han.<\/p>\n<p class=\"_paragraph_o9xde_4 _paragraph_xtcu6_10 layout-component text-serif-m layout-normal text-serif-m layout-padded\">Av og til merker hun at han soner ut i sofaen. Tankene hans er p\u00e5 et helt annet sted.<\/p>\n<p class=\"_paragraph_o9xde_4 _paragraph_xtcu6_10 layout-component text-serif-m layout-normal text-serif-m layout-padded\">\u2013 Jeg ser at han er langt vekke, og jeg kan si hva som helst. Hvis jeg hadde hoppet utfor et stup, hadde du bare sagt: \u00abGj\u00f8r det\u00bb, beskriver hun og fortsetter:<\/p>\n<p class=\"_paragraph_o9xde_4 _paragraph_xtcu6_10 layout-component text-serif-m layout-normal text-serif-m layout-padded\">\u2013 Du assosierer helt fritt.<\/p>\n<p class=\"_paragraph_o9xde_4 _paragraph_xtcu6_10 layout-component text-serif-m layout-normal text-serif-m layout-padded\">Han forklarer:<\/p>\n<p class=\"_paragraph_o9xde_4 _paragraph_xtcu6_10 layout-component text-serif-m layout-normal text-serif-m layout-padded\">\u2013 Det ramler s\u00e5 mange ting inn i hodet mitt p\u00e5 \u00e9n gang. Det opplever Katrine som litt slitsomt. Men jeg f\u00e5r ikke gjort noe med det. Jeg kan ikke forklare helt hvorfor. Det skjer i h\u00e5ndball ogs\u00e5. Jeg kan f\u00e5 hundre l\u00f8sninger inn i hodet i l\u00f8pet av et tiendedels sekund. <\/p>\n<p><img alt=\"\" class=\"_image_qp4xg_65 layout-component layout-normal\" data-fullscreen- data-track-element-type=\"Article image fullscreen\" data-track-name=\"ImageFullscreen\" decoding=\"async\" loading=\"lazy\" height=\"4909\" itemprop=\"image\"  src=\"https:\/\/www.europesays.com\/no\/wp-content\/uploads\/2025\/12\/9d3b80e7-4058-42b7-b8bb-dadb81d8b591\"  style=\"object-position:0% 0%\" width=\"6545\"\/><\/p>\n<p class=\"_paragraph_o9xde_4 _paragraph_xtcu6_10 layout-component text-serif-m layout-normal text-serif-m layout-padded\">\u2013 Diskuterer dere h\u00e5ndball?<\/p>\n<p class=\"_paragraph_o9xde_4 _paragraph_xtcu6_10 layout-component text-serif-m layout-normal text-serif-m layout-padded\">\u2013 Vi gj\u00f8r av og til det, men du er ikke s\u00e5 veldig interessert, sier hun henvendt til Ole Gustav.<\/p>\n<p class=\"_paragraph_o9xde_4 _paragraph_xtcu6_10 layout-component text-serif-m layout-normal text-serif-m layout-padded\">\u2013 Jeg blir veldig lei av h\u00e5ndball n\u00e5r det er mange kamper p\u00e5 kort tid. Hvis jeg skal f\u00e5 h\u00e5ndball hjemme ogs\u00e5. Jeg sier av og til at vi ikke kan diskutere h\u00e5ndball. Jeg orker ikke mer. Det kan skje, sier han.<\/p>\n<p class=\"_paragraph_o9xde_4 _paragraph_xtcu6_10 layout-component text-serif-m layout-normal text-serif-m layout-padded\">En avgj\u00f8rende VM-kamp vil absolutt gi Ole Gustav alle muligheter til \u00e5 ha flere tanker i hodet samtidig.<\/p>\n<p> Han liker ogs\u00e5 \u00e5 jakte p\u00e5 andre ting enn VM-gull.<img alt=\"Foto: Privat\" class=\"_image_qp4xg_65 layout-component layout-fullscreen\" data-fullscreen- data-track-element-type=\"Article image fullscreen\" data-track-name=\"ImageFullscreen\" decoding=\"async\" loading=\"lazy\" height=\"1250\" itemprop=\"image\"  src=\"https:\/\/www.europesays.com\/no\/wp-content\/uploads\/2025\/12\/c85cd0e7-72d1-4043-b51a-675d885ef284\"  style=\"object-position:40.50387596899225% 8.48%\" width=\"1032\"\/>Foto: Privat<\/p>\n<p class=\"_paragraph_o9xde_4 _paragraph_xtcu6_10 layout-component text-serif-m layout-normal text-serif-m layout-padded\">Ole Gustav har noen av sine fineste stunder ute i naturen. I tett samarbeid med haglen eller fiskestangen. Paret bruker mye tid p\u00e5 hytta i Numedal.<\/p>\n<p class=\"_paragraph_o9xde_4 _paragraph_xtcu6_10 layout-component text-serif-m layout-normal text-serif-m layout-padded\">\u2013 Jeg er jeger og fisker og er glad for \u00e5 tilberede det jeg fanger selv. Fra sopp og b\u00e6r til fugl og fisk. Jeg driver med sport, men er veldig opptatt av vin og mat, forteller han.<\/p>\n<p class=\"_paragraph_o9xde_4 _paragraph_xtcu6_10 layout-component text-serif-m layout-normal text-serif-m layout-padded\">\u2013 Vi har hatt to lag i l\u00f8pet av h\u00f8sten som vi kaller \u00abhunt- and roadkills\u00bb. Alts\u00e5, det vi skyter og kj\u00f8rer over i l\u00f8pet av h\u00f8sten, legges p\u00e5 bordet. Sist var det seks retter. Jeg slapper veldig av n\u00e5r jeg lager mat. Det er kjempeg\u00f8y, beskriver han.<\/p>\n<p class=\"_paragraph_o9xde_4 _paragraph_xtcu6_10 layout-component text-serif-m layout-normal text-serif-m layout-padded\">\u2013 Jeg lager ingenting. Jeg sp\u00f8r hva jeg skal gj\u00f8re, men vet jo svaret f\u00f8r jeg sp\u00f8r. Svaret er alltid nei, men Ole er veldig god p\u00e5 \u00e5 servere meg et glass vin, sier Katrine.<\/p>\n<p class=\"_paragraph_o9xde_4 _paragraph_xtcu6_10 layout-component text-serif-m layout-normal text-serif-m layout-padded\">\u2013 Svaret er egentlig: \u00abHold deg unna kj\u00f8kkenet\u00bb, humrer Ole Gustav.<\/p>\n<p class=\"_paragraph_o9xde_4 _paragraph_xtcu6_10 layout-component text-serif-m layout-normal text-serif-m layout-padded\">\u2013 Han er usedvanlig god til \u00e5 lage mat. Han er master chef. Helt fantastisk! Jeg har aldri spist s\u00e5 mye godt som etter at jeg traff Ole, sier Katrine. <\/p>\n<p class=\"_paragraph_o9xde_4 _paragraph_xtcu6_10 layout-component text-serif-m layout-normal text-serif-m layout-padded\">Hun mener at landslagssjefen kan \u00ab\u00e5pne et tomt kj\u00f8leskap og trylle frem noe\u00bb.<\/p>\n<p><img alt=\"\" class=\"_image_qp4xg_65 layout-component layout-normal\" data-fullscreen- data-track-element-type=\"Article image fullscreen\" data-track-name=\"ImageFullscreen\" decoding=\"async\" loading=\"lazy\" height=\"4355\" itemprop=\"image\"  src=\"https:\/\/www.europesays.com\/no\/wp-content\/uploads\/2025\/12\/ee0c6ae2-a032-4ff5-8061-bd63e8324af4\"  style=\"object-position:0% 0%\" width=\"5807\"\/><\/p>\n<p class=\"_paragraph_o9xde_4 _paragraph_xtcu6_10 layout-component text-serif-m layout-normal text-serif-m layout-padded\">\u2013 Gjekstad er detaljorientert og n\u00f8ye i jobben, er han slik hjemme ogs\u00e5?<\/p>\n<p class=\"_paragraph_o9xde_4 _paragraph_xtcu6_10 layout-component text-serif-m layout-normal text-serif-m layout-padded\">\u2013 Nei, der g\u00e5r det et skille, smiler hun. Ryddejobben blir ofte reservert henne.<\/p>\n<p class=\"_paragraph_o9xde_4 _paragraph_xtcu6_10 layout-component text-serif-m layout-normal text-serif-m layout-padded\">\u2013 Jeg er glad i \u00e5 lage mat, men det ser ikke bra ut etter meg. Jeg er ikke god til \u00e5 rydde, erkjenner han. <\/p>\n<p class=\"_paragraph_o9xde_4 _paragraph_xtcu6_10 layout-component text-serif-m layout-normal text-serif-m layout-padded\">Men summen av samboerparet er begge godt forn\u00f8yde med.<\/p>\n<p class=\"_paragraph_o9xde_4 _paragraph_xtcu6_10 layout-component text-serif-m layout-normal text-serif-m layout-padded\">\u2013 Vi er et veldig fint par. Katrine er utrolig god p\u00e5 \u00e5 f\u00e5 alt annet i stand. Pynte, dekke opp og holde orden p\u00e5 gjestene. Vi er et godt team der, mener han.<\/p>\n<p><img alt=\"Som Larvik-trener i 2015.  Foto: Trond Reidar Teigen \/ NTB\" class=\"_image_qp4xg_65 layout-component layout-normal\" data-fullscreen- data-track-element-type=\"Article image fullscreen\" data-track-name=\"ImageFullscreen\" decoding=\"async\" loading=\"lazy\" height=\"2325\" itemprop=\"image\"  src=\"https:\/\/www.europesays.com\/no\/wp-content\/uploads\/2025\/12\/e27cba27-2404-4993-a34a-0531c85e18c0\"  style=\"object-position:0% 0%\" width=\"3099\"\/>Som Larvik-trener i 2015.  Foto: Trond Reidar Teigen \/ NTB<\/p>\n<p class=\"_paragraph_o9xde_4 _paragraph_xtcu6_10 layout-component text-serif-m layout-normal text-serif-m layout-padded\">Egentlig var Ole Gustav Gjekstad ferdig med all h\u00e5ndball for ti \u00e5r siden. Han hadde fullf\u00f8rt sin andre periode som Larvik-trener. Og hadde f\u00e5tt nok.<\/p>\n<p class=\"_paragraph_o9xde_4 _paragraph_xtcu6_10 layout-component text-serif-m layout-normal text-serif-m layout-padded\"><strong class=\"_strong_o9xde_25\">\u2013 Jeg var ganske lei h\u00e5ndball, sier han. <\/strong><\/p>\n<p class=\"_paragraph_o9xde_4 _paragraph_xtcu6_10 layout-component text-serif-m layout-normal text-serif-m layout-padded\">Ole Gustav ble i stedet direkt\u00f8r for prestasjonsutvikling i Protektor Forsikring.<\/p>\n<p class=\"_paragraph_o9xde_4 _paragraph_xtcu6_10 layout-component text-serif-m layout-normal text-serif-m layout-padded\">\u2013 Jeg har skapt mange lederprogrammer. Jeg har mange hyllemeter med ledelsesb\u00f8ker og har jobbet med dette siden 1997. Jeg har mange knagger \u00e5 henge det p\u00e5 utenfor idretten. Jeg har godt teoretisk grunnlag for en god del prosesser. Jeg pr\u00f8ver \u00e5 forankre alt jeg gj\u00f8r i litteratur, sier han \u2013 og kommer med f\u00f8lgende p\u00e5stand:<\/p>\n<p class=\"_paragraph_o9xde_4 _paragraph_xtcu6_10 layout-component text-serif-m layout-normal text-serif-m layout-padded\"><strong class=\"_strong_o9xde_25\">\u2013 Jeg har l\u00e6rt mer av n\u00e6ringslivet enn av idrett.<\/strong><\/p>\n<p><img alt=\"\" class=\"_image_qp4xg_65 layout-component layout-normal\" data-fullscreen- data-track-element-type=\"Article image fullscreen\" data-track-name=\"ImageFullscreen\" decoding=\"async\" loading=\"lazy\" height=\"4627\" itemprop=\"image\"  src=\"https:\/\/www.europesays.com\/no\/wp-content\/uploads\/2025\/12\/fa06c0e1-bd54-43d9-bb3b-8995d8be3a5f\"  style=\"object-position:0% 0%\" width=\"6171\"\/><\/p>\n<p class=\"_paragraph_o9xde_4 _paragraph_xtcu6_10 layout-component text-serif-m layout-normal text-serif-m layout-padded\">Landslagssjefen forklarer:<\/p>\n<p class=\"_paragraph_o9xde_4 _paragraph_xtcu6_10 layout-component text-serif-m layout-normal text-serif-m layout-padded\">\u2013 Jeg opplever at du st\u00f8ter p\u00e5 mer komplekse problemstillinger og et annet perspektiv i n\u00e6ringslivet. Det handler om \u00e5 bruke dokumenterte metoder. Idretten er mye mer subjektiv. Det gir meg mange fordeler som leder. Det blir ganske smalt hvis du bare skal basere deg p\u00e5 idrett, sier han og fortsetter:<\/p>\n<p class=\"_paragraph_o9xde_4 _paragraph_xtcu6_10 layout-component text-serif-m layout-normal text-serif-m layout-padded\">\u2013 I idretten hevdes det at \u00abteam\u00bb er l\u00f8sningen p\u00e5 alt, s\u00e5 sier forskningen noe helt annet. Team er fint det, men det kan v\u00e6re kontraproduktivtkontraproduktivtN\u00e5r noe virker mot sin hensikt.. Det er godt dokumentert, sier han.<\/p>\n<p class=\"_paragraph_o9xde_4 _paragraph_xtcu6_10 layout-component text-serif-m layout-normal text-serif-m layout-padded\">Men jobben som trener i Vipers Kristiansand hentet ham tilbake til h\u00e5ndballen tre \u00e5r senere. De vant Champions League tre sesonger p\u00e5 rad f\u00f8r Gjekstad dro videre til nye titler og en tapt CL-finale med danske Odense.<\/p>\n<p><img alt=\"Med Vipers etter \u00e5 ha vunnet Champions League i 2022.  Foto: Nikola Krstic \/ NTB\" class=\"_image_qp4xg_65 layout-component layout-normal\" data-fullscreen- data-track-element-type=\"Article image fullscreen\" data-track-name=\"ImageFullscreen\" decoding=\"async\" loading=\"lazy\" height=\"1925\" itemprop=\"image\"  src=\"https:\/\/www.europesays.com\/no\/wp-content\/uploads\/2025\/12\/727fbfeb-236d-4a32-a95c-a42902052eed\"  style=\"object-position:0% 0%\" width=\"2567\"\/>Med Vipers etter \u00e5 ha vunnet Champions League i 2022.  Foto: Nikola Krstic \/ NTB<\/p>\n<p class=\"_paragraph_o9xde_4 _paragraph_xtcu6_10 layout-component text-serif-m layout-normal text-serif-m layout-padded\">\u2013 Det har v\u00e6rt fine \u00e5r. Jeg er glad jeg kom tilbake. Men det er litt tilfeldig. Jeg er ingen h\u00e5ndballidiot som bare tenker h\u00e5ndball. Jeg er interessert i veldig mange ting, understreker han.<\/p>\n<p class=\"_paragraph_o9xde_4 _paragraph_xtcu6_10 layout-component text-serif-m layout-normal text-serif-m layout-padded\">\u2013 Hva gj\u00f8r Ole Gustav til en suksessfull trener?<\/p>\n<p class=\"_paragraph_o9xde_4 _paragraph_xtcu6_10 layout-component text-serif-m layout-normal text-serif-m layout-padded\">\u2013 Han g\u00e5r \u00aball in\u00bb i ting, er opptatt av detaljer og er n\u00f8ye. Han er veldig tydelig p\u00e5 hva som gjelder. Har fokus p\u00e5 de riktige tingene. Han g\u00e5r alltid videre og henger seg ikke opp i ting. Han tenker neste steg, beskriver Katrine.<\/p>\n<p class=\"_paragraph_o9xde_4 _paragraph_xtcu6_10 layout-component text-serif-m layout-normal text-serif-m layout-padded\">\u2013 Jeg er fokusert p\u00e5 det jeg mener er viktig. Det er mange ting i et h\u00e5ndballmilj\u00f8 som jeg mener ikke betyr noe for resultatet. Masse rutiner og t\u00f8ys som blir \u00abhang ups\u00bb. De pr\u00f8ver jeg ikke \u00e5 bruke tid p\u00e5, sier Ole Gustav og avskyr det han kaller \u00abh\u00e5ndballboblen\u00bb.<\/p>\n<p> Han vil skrelle vekk det uvesentlige. Inn til kjernen, der prestasjonene skapes.<img alt=\"Foto: Beate Oma Dahle \/ NTB\" class=\"_image_qp4xg_65 layout-component layout-fullscreen\" data-fullscreen- data-track-element-type=\"Article image fullscreen\" data-track-name=\"ImageFullscreen\" decoding=\"async\" loading=\"lazy\" height=\"5760\" itemprop=\"image\"  src=\"https:\/\/www.europesays.com\/no\/wp-content\/uploads\/2025\/12\/38b8192a-8056-461f-8a8f-a3b3f8f0277c\"  style=\"object-position:57.15277777777777% 27.03125%\" width=\"8640\"\/>Foto: Beate Oma Dahle \/ NTB<\/p>\n<p class=\"_paragraph_o9xde_4 _paragraph_xtcu6_10 layout-component text-serif-m layout-normal text-serif-m layout-padded\">\u2013 I spillerbussen har nesten alle faste seter. Men for meg spiller det ingen rolle hvor jeg sitter, sier han.<\/p>\n<p class=\"_paragraph_o9xde_4 _paragraph_xtcu6_10 layout-component text-serif-m layout-normal text-serif-m layout-padded\">\u2013 Jeg m\u00e5 ikke ta p\u00e5 den venstre sokken f\u00f8r den h\u00f8yre. Jeg har ingen tullerutiner som tar mye tid. Jeg vil ikke at laget skal ha dem heller. Jeg pr\u00f8ver \u00e5 avvikle alle tidstyver spillerne tror betyr noe, men som ikke gj\u00f8r det.<\/p>\n<p class=\"_paragraph_o9xde_4 _paragraph_xtcu6_10 layout-component text-serif-m layout-normal text-serif-m layout-padded\"><strong class=\"_strong_o9xde_25\">Han er heller ikke redd for at det koker litt.<\/strong><\/p>\n<p class=\"_paragraph_o9xde_4 _paragraph_xtcu6_10 layout-component text-serif-m layout-normal text-serif-m layout-padded\">\u2013 Du m\u00e5 respektere menneskene, men s\u00e5 m\u00e5 du kj\u00f8re en ganske hard linje p\u00e5 fag. Alle skal ikke presses inn i en trakt der de skal v\u00e6re kliss like. Det tror jeg ikke noe p\u00e5. Mangfoldet er veldig interessant, sier han.<\/p>\n<p class=\"_paragraph_o9xde_4 _paragraph_xtcu6_10 layout-component text-serif-m layout-normal text-serif-m layout-padded\">\u2013 Og s\u00e5 m\u00e5 du t\u00e5le temperatur. Jeg lar meg ikke stresse av noen konflikter her og der, og s\u00e5nt sm\u00e5tteri.<\/p>\n<p><img alt=\"\" class=\"_image_qp4xg_65 layout-component layout-normal\" data-fullscreen- data-track-element-type=\"Article image fullscreen\" data-track-name=\"ImageFullscreen\" decoding=\"async\" loading=\"lazy\" height=\"5002\" itemprop=\"image\"  src=\"https:\/\/www.europesays.com\/no\/wp-content\/uploads\/2025\/12\/301f650d-ad96-4ec3-bf31-f3e9c9660020\"  style=\"object-position:0% 0%\" width=\"6670\"\/><\/p>\n<p class=\"_paragraph_o9xde_4 _paragraph_xtcu6_10 layout-component text-serif-m layout-normal text-serif-m layout-padded\">\u2013 Du st\u00e5r ogs\u00e5 i konflikter med spillere?<\/p>\n<p class=\"_paragraph_o9xde_4 _paragraph_xtcu6_10 layout-component text-serif-m layout-normal text-serif-m layout-padded\">\u2013 Ja, det m\u00e5 jo skje. Hvis ikke, legger du ikke listen h\u00f8yt nok. Du kan krangle om alt det h\u00e5ndballfaglige, men du m\u00e5 respektere mennesket. I det \u00f8yeblikket du begynner \u00e5 tr\u00e5kke p\u00e5 folk, river du ned listen uansett.<\/p>\n<p class=\"_paragraph_o9xde_4 _paragraph_xtcu6_10 layout-component text-serif-m layout-normal text-serif-m layout-padded\">N\u00e5 er Norges m\u00e5lsetting VM-medalje i Nederland 14. desember. Men Ole Gustav Gjekstad kan gj\u00f8re det forgjengerne Thorir Hergeirsson, Marit Breivik og Sven Tore Jacobsen aldri klarte.<\/p>\n<p class=\"_paragraph_o9xde_4 _paragraph_xtcu6_10 layout-component text-serif-m layout-normal text-serif-m layout-padded\"><strong class=\"_strong_o9xde_25\">Han kan ta gull i f\u00f8rste fors\u00f8k.<\/strong><\/p>\n<p> Jostein Overvik<\/p>\n<p class=\"text-sans-s\">Journalist<\/p>\n<p><img decoding=\"async\" alt=\"Jostein Overvik\" class=\"_image_uv074_179\" src=\"https:\/\/www.europesays.com\/no\/wp-content\/uploads\/2025\/12\/1765127237_10_9167fa6a-7320-4d6f-b3c9-6c4ecb8beb8c\" width=\"480\"\/>Bj\u00f8rn S. Delebekk (foto)<\/p>\n<p class=\"text-sans-s\">Journalist<\/p>\n<p><img decoding=\"async\" alt=\"Bj\u00f8rn S. Delebekk (foto)\" class=\"_image_uv074_179\" src=\"https:\/\/www.europesays.com\/no\/wp-content\/uploads\/2025\/12\/1765127237_657_0951ae87-c959-48ff-9f15-211b75525be1\" width=\"480\"\/>Kontakt Bj\u00f8rn S. Delebekk (foto)     <\/p>\n","protected":false},"excerpt":{"rendered":"\u2013 Jeg er ganske kjapp i beslutningene. Det er du ogs\u00e5, sier Ole Gustav (58) til samboeren Katrine&hellip;\n","protected":false},"author":2,"featured_media":106722,"comment_status":"","ping_status":"","sticky":false,"template":"","format":"standard","meta":{"footnotes":""},"categories":[59],"tags":[105,9443,1528,30,28,29,1527,83,82],"class_list":{"0":"post-106721","1":"post","2":"type-post","3":"status-publish","4":"format-standard","5":"has-post-thumbnail","7":"category-sport","8":"tag-handball","9":"tag-handball-vm","10":"tag-kvinnelandslaget-handball","11":"tag-no","12":"tag-norge","13":"tag-norway","14":"tag-ole-gustav-gjekstad","15":"tag-sport","16":"tag-sports"},"share_on_mastodon":{"url":"https:\/\/pubeurope.com\/@no\/115679386023990369","error":""},"_links":{"self":[{"href":"https:\/\/www.europesays.com\/no\/wp-json\/wp\/v2\/posts\/106721","targetHints":{"allow":["GET"]}}],"collection":[{"href":"https:\/\/www.europesays.com\/no\/wp-json\/wp\/v2\/posts"}],"about":[{"href":"https:\/\/www.europesays.com\/no\/wp-json\/wp\/v2\/types\/post"}],"author":[{"embeddable":true,"href":"https:\/\/www.europesays.com\/no\/wp-json\/wp\/v2\/users\/2"}],"replies":[{"embeddable":true,"href":"https:\/\/www.europesays.com\/no\/wp-json\/wp\/v2\/comments?post=106721"}],"version-history":[{"count":0,"href":"https:\/\/www.europesays.com\/no\/wp-json\/wp\/v2\/posts\/106721\/revisions"}],"wp:featuredmedia":[{"embeddable":true,"href":"https:\/\/www.europesays.com\/no\/wp-json\/wp\/v2\/media\/106722"}],"wp:attachment":[{"href":"https:\/\/www.europesays.com\/no\/wp-json\/wp\/v2\/media?parent=106721"}],"wp:term":[{"taxonomy":"category","embeddable":true,"href":"https:\/\/www.europesays.com\/no\/wp-json\/wp\/v2\/categories?post=106721"},{"taxonomy":"post_tag","embeddable":true,"href":"https:\/\/www.europesays.com\/no\/wp-json\/wp\/v2\/tags?post=106721"}],"curies":[{"name":"wp","href":"https:\/\/api.w.org\/{rel}","templated":true}]}}