{"id":106725,"date":"2025-12-07T17:13:14","date_gmt":"2025-12-07T17:13:14","guid":{"rendered":"https:\/\/www.europesays.com\/no\/106725\/"},"modified":"2025-12-07T17:13:14","modified_gmt":"2025-12-07T17:13:14","slug":"verre-enn-noen-gang","status":"publish","type":"post","link":"https:\/\/www.europesays.com\/no\/106725\/","title":{"rendered":"&#8211; Verre enn noen gang"},"content":{"rendered":"<p class=\"kicker bg-cyan color_mobile_bg-cyan hasTextPadding mobile-hasTextPadding\" style=\"\">Reise:<\/p>\n<p>  Turistguider i norsk feireparadis sl\u00e5r lommetyvalarm.\u00a0<\/p>\n<p>\n    FORSVINNER: Folk som skal slikke sol p\u00e5 Gran Canaria n\u00e5, m\u00e5 passe ekstra godt p\u00e5 verdisakene sine. Foto: Reuters\n  <\/p>\n<p>Med vinter og kulde valfarter mange av oss til Gran Canaria med sine strender og solskinn. N\u00e5 advares det imidlertid om stor \u00f8kning lommetyverier.\u00a0<\/p>\n<p>Det er visepresident i foreningen for turistguider, Maria Lezanco forteller dette til avisa <a href=\"https:\/\/www.laprovincia.es\/gran-canaria\/2025\/12\/01\/guias-turisticos-carteristas-gran-canaria-124325731.html\" rel=\"nofollow noopener\" target=\"_blank\">La Provincia<\/a>.\u00a0<\/p>\n<p>        Krigen om solsenger har n\u00e5dd nye h\u00f8yder. Reporter: Helena Ringheim \/ Dagbladet TV. Video: Francesco Emilio Borrelli <\/p>\n<p class=\"font-weight-bold m-font-weight-bold\" data-lab-font_weight=\"font-weight-bold\">&#8211; Det er verre enn noen gang. Vi har hatt flere slike sesonger, men aldri s\u00e5nn som i november, sier hun if\u00f8lge avisa.\u00a0<\/p>\n<p>Guider forteller at tyvene ofte utgir seg for \u00e5 v\u00e6re turister med ryggsekker, hatter og solbriller, og at de ofte opererer i par.\u00a0<\/p>\n<p>Ogs\u00e5 visepresident Lezanco skal ha f\u00e5tt kjenne dette p\u00e5 kroppen.\u00a0<\/p>\n<p>    <a itemprop=\"url\" href=\"https:\/\/dinside.dagbladet.no\/reise\/klart-billigst\/83830926\" rel=\"nofollow noopener\" target=\"_blank\"><\/p>\n<p>      <img loading=\"lazy\" decoding=\"async\" src=\"https:\/\/www.europesays.com\/no\/wp-content\/uploads\/2025\/12\/83831293.webp\" width=\"980\" height=\"441\" title=\"Tusenvis \u00e5 spare\" alt=\"\" class=\"lazyload\" style=\"--aspect-ratio-image: 2.22; \"\/><\/p>\n<p>        Tusenvis \u00e5 spare<\/p>\n<p>    <\/a><\/p>\n<p>&#8211; Forrige uke fors\u00f8kte fire lommetyver \u00e5 rane meg p\u00e5 bare 30 minutter, forteller hun til La Provincia.\u00a0<\/p>\n<p>Ogs\u00e5 politiet advarer etter \u00e5 ha anholdt tre personer som skal ha innr\u00f8mmet at de hadde reist til ferie\u00f8ya for \u00e5 beg\u00e5 tyverier.\u00a0<\/p>\n<p>Det er ikke bare p\u00e5 Gran Canaria det varsles om tyverier om dagen, ogs\u00e5 p\u00e5 Mallorca, og det popul\u00e6re El Arenal-omr\u00e5det, forsyner u\u00e6rlige sjeler seg av folks verdisaker.\u00a0<\/p>\n<p> &#8211; Denne sommeren har v\u00e6rt den verste, og det blir bare verre, sa\u00a0visepresident i en av nabolagsforeningene, Ra\u00fal Espigares til den spanske avisa <a href=\"https:\/\/www.ultimahora.es\/sucesos\/ultimas\/2025\/10\/23\/2496685\/hay-tanto-miedo-los-vecinos-del-arenal-hacen-grupos-para-salir-juntos-ser-asaltados.html\" rel=\"nofollow noopener\" target=\"_blank\">Ultima Hora<\/a> nylig.<\/p>\n","protected":false},"excerpt":{"rendered":"Reise: Turistguider i norsk feireparadis sl\u00e5r lommetyvalarm.\u00a0 FORSVINNER: Folk som skal slikke sol p\u00e5 Gran Canaria n\u00e5, m\u00e5&hellip;\n","protected":false},"author":2,"featured_media":106726,"comment_status":"","ping_status":"","sticky":false,"template":"","format":"standard","meta":{"footnotes":""},"categories":[12],"tags":[20,21,24,25,1991,15,22,23,3998,13,30,28,29,14,16,1992,4062,26,27,42,43,44,45],"class_list":{"0":"post-106725","1":"post","2":"type-post","3":"status-publish","4":"format-standard","5":"has-post-thumbnail","7":"category-verden","8":"tag-breaking-news","9":"tag-breakingnews","10":"tag-featured-news","11":"tag-featurednews","12":"tag-ferie","13":"tag-headlines","14":"tag-latest-news","15":"tag-latestnews","16":"tag-metadz","17":"tag-news","18":"tag-no","19":"tag-norge","20":"tag-norway","21":"tag-nyheter","22":"tag-overskrifter","23":"tag-reise","24":"tag-syden","25":"tag-top-stories","26":"tag-topstories","27":"tag-verden","28":"tag-world","29":"tag-world-news","30":"tag-worldnews"},"share_on_mastodon":{"url":"https:\/\/pubeurope.com\/@no\/115679409485197989","error":""},"_links":{"self":[{"href":"https:\/\/www.europesays.com\/no\/wp-json\/wp\/v2\/posts\/106725","targetHints":{"allow":["GET"]}}],"collection":[{"href":"https:\/\/www.europesays.com\/no\/wp-json\/wp\/v2\/posts"}],"about":[{"href":"https:\/\/www.europesays.com\/no\/wp-json\/wp\/v2\/types\/post"}],"author":[{"embeddable":true,"href":"https:\/\/www.europesays.com\/no\/wp-json\/wp\/v2\/users\/2"}],"replies":[{"embeddable":true,"href":"https:\/\/www.europesays.com\/no\/wp-json\/wp\/v2\/comments?post=106725"}],"version-history":[{"count":0,"href":"https:\/\/www.europesays.com\/no\/wp-json\/wp\/v2\/posts\/106725\/revisions"}],"wp:featuredmedia":[{"embeddable":true,"href":"https:\/\/www.europesays.com\/no\/wp-json\/wp\/v2\/media\/106726"}],"wp:attachment":[{"href":"https:\/\/www.europesays.com\/no\/wp-json\/wp\/v2\/media?parent=106725"}],"wp:term":[{"taxonomy":"category","embeddable":true,"href":"https:\/\/www.europesays.com\/no\/wp-json\/wp\/v2\/categories?post=106725"},{"taxonomy":"post_tag","embeddable":true,"href":"https:\/\/www.europesays.com\/no\/wp-json\/wp\/v2\/tags?post=106725"}],"curies":[{"name":"wp","href":"https:\/\/api.w.org\/{rel}","templated":true}]}}