{"id":106727,"date":"2025-12-07T17:15:19","date_gmt":"2025-12-07T17:15:19","guid":{"rendered":"https:\/\/www.europesays.com\/no\/106727\/"},"modified":"2025-12-07T17:15:19","modified_gmt":"2025-12-07T17:15:19","slug":"jubler-etter-trumps-kursendring","status":"publish","type":"post","link":"https:\/\/www.europesays.com\/no\/106727\/","title":{"rendered":"Jubler etter Trumps kursendring"},"content":{"rendered":"<p class=\"kicker \" style=\"\">Trump Jr:<\/p>\n<p>  En avtale for Ukraina-krigen skal v\u00e6re \u00absv\u00e6rt n\u00e6r\u00bb, if\u00f8lge USA-utsending. Trump jr. sier imidlertid at faren kan komme til \u00e5 trekke seg fra prosessen.\u00a0<\/p>\n<p>\n    VIL BLI HUSKET: Donald Trump h\u00e5per \u00e5 bli husket som en \u00abfredsskapende\u00bb president, men \u00e5 f\u00e5 en slutt p\u00e5 krigen i Ukraina har v\u00e6rt vanskeligere enn han hadde trodd. Her med Ukrainas president Volodymyr Zelenskyj. Foto: Alex Brandon \/ AP \/ NTB\n  <\/p>\n<p> USAs avtroppende Ukraina-utsending, Keith Kellogg, sier at en avtale for \u00e5 f\u00e5 slutt p\u00e5 Ukraina-krigen er \u00absv\u00e6rt n\u00e6r\u00bb. If\u00f8lge Kellogg gjenst\u00e5r det n\u00e5 bare \u00e5 l\u00f8se to hovedsp\u00f8rsm\u00e5l, f\u00f8r planen er i boks.\u00a0<\/p>\n<p>Kreml sier imidlertid at det m\u00e5 gj\u00f8res grunnleggende endringer i noen av de amerikanske fredsforslagene f\u00f8r avtalen kan signeres, melder <a href=\"https:\/\/www.reuters.com\/world\/europe\/us-envoy-kellogg-says-ukraine-peace-deal-is-really-close-2025-12-07\/\" target=\"_blank\" rel=\"nofollow noopener\">Reuters<\/a>.\u00a0<\/p>\n<p> Kellogg, som g\u00e5r av i januar, sa under Reagan National Defense Forum at arbeidet med \u00e5 l\u00f8se konflikten n\u00e5 er \u00abp\u00e5 oppl\u00f8pssiden\u00bb &#8211; den vanskeligste fasen, if\u00f8lge ham. <\/p>\n<p>    <a itemprop=\"url\" href=\"https:\/\/www.dagbladet.no\/nyheter\/jubler-etter-trumps-kursendring\/83949610\" rel=\"nofollow noopener\" target=\"_blank\"><\/p>\n<p>      <img loading=\"lazy\" decoding=\"async\" src=\"https:\/\/www.europesays.com\/no\/wp-content\/uploads\/2025\/12\/83929224.webp\" width=\"980\" height=\"441\" title=\"Jubler etter Trumps kursendring\" alt=\"\" class=\"lazyload\" style=\"--aspect-ratio-image: 2.22; \"\/><\/p>\n<p>        Jubler etter Trumps kursendring<\/p>\n<p>    <\/a><\/p>\n<p>&#8211; Nesten i m\u00e5l  <\/p>\n<p>If\u00f8lge Kellogg er det sp\u00f8rsm\u00e5l om territorium det n\u00e5 st\u00e5r og faller p\u00e5, for \u00e5 dra en avtale i havn. Dette gjelder s\u00e6rlig sp\u00f8rsm\u00e5let om framtida til den russiskokkuperte regionen Donbas, samt framtida til Europas st\u00f8rste atomkraftverk Zaporizjzja, som i lang tid har v\u00e6rt under russernes kontroll, skriver Reuters.\u00a0<\/p>\n<p>        TR\u00d8TT? Her \u00abdupper\u00bb tilsynelatende president Donald Trump under et m\u00f8te. Video: AP \/ Reporter: Nicolai Alcaniz<\/p>\n<p class=\"font-weight-bold m-font-weight-bold\" data-lab-font_weight=\"font-weight-bold\">&#8211;\u00a0 Hvis vi f\u00e5r l\u00f8st de to sp\u00f8rsm\u00e5lene, tror jeg resten vil falle p\u00e5 plass. Vi er nesten i m\u00e5l. Vi er virkelig, virkelig n\u00e6re, p\u00e5st\u00e5r Kellogg, if\u00f8lge Reuters.\u00a0<\/p>\n<p> Putin har sagt at han st\u00e5r fast p\u00e5 at Russland skal ha kontroll over hele Donbas-regionen \u00f8st i Ukraina, ogs\u00e5 de omr\u00e5dene som russiske styrker ikke har greid \u00e5 okkupere. <\/p>\n<p>          <img loading=\"lazy\" decoding=\"async\" src=\"https:\/\/www.europesays.com\/no\/wp-content\/uploads\/2025\/12\/83950716.webp\" width=\"980\" height=\"559\" title=\"I FORHANDLINGER: USAs avtroppende Ukraina-utsending, Keith Kellogg, hilser p\u00e5 Ukrainas Volodymyr Zelenskyj tidligere i \u00e5r. Foto: Ukrainian Presidential Press Office \/ AP \/ NTB\" alt=\"\" class=\"\" style=\"--aspect-ratio-image: 1.75; \"\/><\/p>\n<p>\n          I FORHANDLINGER: USAs avtroppende Ukraina-utsending, Keith Kellogg, hilser p\u00e5 Ukrainas Volodymyr Zelenskyj tidligere i \u00e5r. Foto: Ukrainian Presidential Press Office \/ AP \/ NTB\n      <\/p>\n<p>Amerikanske utsendinger har den siste tiden hatt m\u00f8ter med b\u00e5de Russlands president Vladimir Putin og Ukrainas forhandlingsleder Rustem Umerov.<\/p>\n<p>M\u00f8tet mellom Putin, Trumps spesialutsending Steve Witkoff og Trumps svigers\u00f8nn Jared Kushner tidligere denne uka, varte i flere timer. Etter m\u00f8tet sa Putins utenrikspolitiske r\u00e5dgiver,\u00a0 Jurij Usjakov, at \u00abterritoriale problemer\u00bb hadde v\u00e6rt p\u00e5 agendaen.\u00a0<\/p>\n<p> Usjakov sa s\u00f8ndag til russiske medier at det var behov for \u00abradikale endringer\u00bb i USAs plan, uten \u00e5 g\u00e5 noe n\u00e6rmere inn p\u00e5 hva slags endringer det var snakk om, if\u00f8lge Reuters.\u00a0<\/p>\n<p>USAs fredsplan har ogs\u00e5 m\u00f8tt kritikk fra europeiske ledere. Flere mener at planen inneb\u00e6rer at Ukraina kapitulerer.\u00a0<\/p>\n<p>          <img loading=\"lazy\" decoding=\"async\" src=\"https:\/\/www.europesays.com\/no\/wp-content\/uploads\/2025\/12\/83950675.webp\" width=\"980\" height=\"559\" title=\"- VET ALDRI: Donald Trump jr. sier det er \u00abbra og unikt\u00bb at man aldri vet hva faren hans kan komme til \u00e5 finne p\u00e5. Foto: Alex Brandon \/ AP \/ NTB\" alt=\"\" class=\"\" style=\"--aspect-ratio-image: 1.75; \"\/><\/p>\n<p>\n          &#8211; VET ALDRI: Donald Trump jr. sier det er \u00abbra og unikt\u00bb at man aldri vet hva faren hans kan komme til \u00e5 finne p\u00e5. Foto: Alex Brandon \/ AP \/ NTB\n      <\/p>\n<p>&#8211; Langt mer korrupt  <\/p>\n<p>Donald Trump har satt fred i Ukraina som et av sine utenrikspolitiske m\u00e5l, og sier han \u00f8nsker \u00e5 bli husket som en \u00abfredsskapende\u00bb president. Arbeidet har imidlertid vist seg \u00e5 v\u00e6re langt vanskeligere enn han hadde trodd.\u00a0<\/p>\n<p>    <a itemprop=\"url\" href=\"https:\/\/www.dagbladet.no\/nyheter\/temmelig-oppsiktsvekkende\/83947821\" rel=\"nofollow noopener\" target=\"_blank\"><\/p>\n<p>      <img loading=\"lazy\" decoding=\"async\" src=\"https:\/\/www.europesays.com\/no\/wp-content\/uploads\/2025\/12\/1765127717_15_83948002.webp\" width=\"980\" height=\"441\" title=\"- Temmelig oppsiktsvekkende\" alt=\"\" class=\"lazyload\" style=\"--aspect-ratio-image: 2.22; \"\/><\/p>\n<p>        &#8211; Temmelig oppsiktsvekkende<\/p>\n<p>    <\/a><\/p>\n<p>S\u00f8ndag sier hans eldste s\u00f8nn,\u00a0Donald Trump jr. til <a href=\"https:\/\/news.sky.com\/story\/president-trump-may-walk-away-from-ukraine-peace-process-his-eldest-son-says-13480476\" target=\"_blank\" rel=\"nofollow noopener\">Sky News<\/a> at faren hans kan komme til \u00e5 trekke seg fra fredsprosessen i Ukraina, fordi saken \u00abikke er en prioritet for amerikanerne\u00bb, og at Europa m\u00e5 legge en bedre plan. <\/p>\n<p class=\"font-weight-bold m-font-weight-bold\" data-lab-font_weight=\"font-weight-bold\">&#8211;\u00a0\u00a0Jeg tror han kan gj\u00f8re det. Det som er bra og unikt med faren min, er at du aldri vet hva han vil gj\u00f8re. Han er uforutsigbar, sier Trump jr.\u00a0<\/p>\n<p>        TRUMP-VITS: Da prins Harry gjestet \u00abThe Late Show with Stephen Colbert\u00ab fikk en vits publikummet til \u00e5 bue. Video: The Late Show With Stephen Colbert \/ Danny Son To \/ R\u00f8d L\u00f8per<\/p>\n<p>Under intervjuet med Sky News sa Trump-s\u00f8nnen ogs\u00e5 at han mente at Ukraina var \u00abet langt mer korrupt land enn Russland\u00bb, og karakteriserte president Volodymyr Zelenskyj som \u00aben av de beste markedsf\u00f8rerne i historien, som har blitt \u00abn\u00e6rmest en gudeskikkelse, s\u00e6rlig for venstresiden\u00bb, skriver kanalen.\u00a0<\/p>\n<p>          <img loading=\"lazy\" decoding=\"async\" src=\"https:\/\/www.europesays.com\/no\/wp-content\/uploads\/2025\/12\/83950754.webp\" width=\"980\" height=\"559\" title=\"ANGREPET: Byen Slobozjanske i Dnipro-regionen etter et russisk angrep denne uka. Foto: Mykola Synelnykov \/ Reuters \/ NTB\" alt=\"\" class=\"\" style=\"--aspect-ratio-image: 1.75; \"\/><\/p>\n<p>\n          ANGREPET: Byen Slobozjanske i Dnipro-regionen etter et russisk angrep denne uka. Foto: Mykola Synelnykov \/ Reuters \/ NTB\n      <\/p>\n<p>Til tross for at det i flere uker har p\u00e5g\u00e5tt forhandlinger og samtaler mellom partene om en mulig fredsavtale, har angrepene fortsatt i stor skala.\u00a0<\/p>\n<p> I november trappet Russland opp droneangrepene, if\u00f8lge tall fra det ukrainske luftforsvaret. Det ble avfyrt 5445 droner med lang rekkevidde. <\/p>\n<p>    <a itemprop=\"url\" href=\"https:\/\/www.dagbladet.no\/nyheter\/stort-russisk-angrep-i-natt\/83947508\" rel=\"nofollow noopener\" target=\"_blank\"><\/p>\n<p>      <img loading=\"lazy\" decoding=\"async\" src=\"https:\/\/www.europesays.com\/no\/wp-content\/uploads\/2025\/12\/1765127719_755_83947516.webp\" width=\"980\" height=\"441\" title=\"Stort russisk angrep i natt\" alt=\"\" class=\"lazyload\" style=\"--aspect-ratio-image: 2.22; \"\/><\/p>\n<p>        Stort russisk angrep i natt<\/p>\n<p>    <\/a><\/p>\n<p>Natt til s\u00f8ndag f\u00f8rte angrep mot infrastrukturen i den\u00a0ukrainske byen Krementsjuk til str\u00f8mbrudd og kutt i vannforsyningen, skriver NTB.\u00a0<\/p>\n<p> Det er fjerde vinter p\u00e5 rad at\u00a0Russland\u00a0ser ut til \u00e5 angripe str\u00f8mnettet m\u00e5lrettet. Angrepene har gjort titusener str\u00f8ml\u00f8se. Ukrainske myndigheter mener dette er en bevisst strategi for \u00e5 svekke motstanden blant sivilbefolkningen. <\/p>\n","protected":false},"excerpt":{"rendered":"Trump Jr: En avtale for Ukraina-krigen skal v\u00e6re \u00absv\u00e6rt n\u00e6r\u00bb, if\u00f8lge USA-utsending. Trump jr. sier imidlertid at faren&hellip;\n","protected":false},"author":2,"featured_media":106728,"comment_status":"","ping_status":"","sticky":false,"template":"","format":"standard","meta":{"footnotes":""},"categories":[5],"tags":[20,21,24,25,15,19,22,23,17,18,13,30,28,29,14,16,26,27,412],"class_list":{"0":"post-106727","1":"post","2":"type-post","3":"status-publish","4":"format-standard","5":"has-post-thumbnail","7":"category-overskrifter","8":"tag-breaking-news","9":"tag-breakingnews","10":"tag-featured-news","11":"tag-featurednews","12":"tag-headlines","13":"tag-hovedoppslag","14":"tag-latest-news","15":"tag-latestnews","16":"tag-main-news","17":"tag-mainnews","18":"tag-news","19":"tag-no","20":"tag-norge","21":"tag-norway","22":"tag-nyheter","23":"tag-overskrifter","24":"tag-top-stories","25":"tag-topstories","26":"tag-utenriks"},"share_on_mastodon":{"url":"https:\/\/pubeurope.com\/@no\/115679417300688641","error":""},"_links":{"self":[{"href":"https:\/\/www.europesays.com\/no\/wp-json\/wp\/v2\/posts\/106727","targetHints":{"allow":["GET"]}}],"collection":[{"href":"https:\/\/www.europesays.com\/no\/wp-json\/wp\/v2\/posts"}],"about":[{"href":"https:\/\/www.europesays.com\/no\/wp-json\/wp\/v2\/types\/post"}],"author":[{"embeddable":true,"href":"https:\/\/www.europesays.com\/no\/wp-json\/wp\/v2\/users\/2"}],"replies":[{"embeddable":true,"href":"https:\/\/www.europesays.com\/no\/wp-json\/wp\/v2\/comments?post=106727"}],"version-history":[{"count":0,"href":"https:\/\/www.europesays.com\/no\/wp-json\/wp\/v2\/posts\/106727\/revisions"}],"wp:featuredmedia":[{"embeddable":true,"href":"https:\/\/www.europesays.com\/no\/wp-json\/wp\/v2\/media\/106728"}],"wp:attachment":[{"href":"https:\/\/www.europesays.com\/no\/wp-json\/wp\/v2\/media?parent=106727"}],"wp:term":[{"taxonomy":"category","embeddable":true,"href":"https:\/\/www.europesays.com\/no\/wp-json\/wp\/v2\/categories?post=106727"},{"taxonomy":"post_tag","embeddable":true,"href":"https:\/\/www.europesays.com\/no\/wp-json\/wp\/v2\/tags?post=106727"}],"curies":[{"name":"wp","href":"https:\/\/api.w.org\/{rel}","templated":true}]}}