{"id":106731,"date":"2025-12-07T17:17:16","date_gmt":"2025-12-07T17:17:16","guid":{"rendered":"https:\/\/www.europesays.com\/no\/106731\/"},"modified":"2025-12-07T17:17:16","modified_gmt":"2025-12-07T17:17:16","slug":"adventshilsen-fra-torbjorn-prest","status":"publish","type":"post","link":"https:\/\/www.europesays.com\/no\/106731\/","title":{"rendered":"Adventshilsen fra Torbj\u00f8rn prest"},"content":{"rendered":"<p class=\"kicker \" style=\"\">Trollheimspodden<\/p>\n<p>\n        Pensjonert prest Torbj\u00f8rn Br\u00f8ske og podkastvert Gunn Elin R\u00f8en i vakre omgivelser i Stangvik.<br \/>\n        Foto: Rannveig Br\u00f8ske\n    <\/p>\n<p>    Torbj\u00f8rn Br\u00f8ske fra Stangvik var ferdigutdannet teolog i Oslo i 1972. Han underviste i tilsammen 13 \u00e5r p\u00e5 ungdomsskole og videreg\u00e5ende skole f\u00f8r han startet p\u00e5 sin lange karriere som prest i b\u00e5de inn- og utland. I dagens episode f\u00e5r vi h\u00f8re fine historier fra hans arbeidsliv, juleminner og -tradisjoner.<\/p>\n<p>I november kj\u00f8rte Trollheimspodden til Stangvik for en adventsprat. Sn\u00f8en l\u00e5 fint p\u00e5 bakken, og utsikten var up\u00e5klagelig. I stuen hos Torbj\u00f8rn Br\u00f8ske og kona varmet det godt fra peisen, og solen skinte inn gjennom vinduet.<\/p>\n<p>Br\u00f8ske er &#8211; som han selv sier &#8211; pensjonist, 81 \u00e5r, slagpasient og har v\u00e6rt prest. Han gikk av til pensjon som 70-\u00e5ring, men har etter det vikarert b\u00e5de p\u00e5 Nordm\u00f8re og ute i Sj\u00f8mannskirken, hvor han tidligere har jobbet fast.<\/p>\n<p>Lang reise<\/p>\n<p>Stangvikgardingen har pr\u00f8vd forskjellig som prest p\u00e5 mange ulike steder. Han startet her hjemme, som sogneprest i Surnadal fra 1987 til 1996. Deretter ble det flytting til Stockholm og jobb som sj\u00f8mannsprest. Det ble jobb b\u00e5de i San Francisco og Paris, f\u00f8r han kom tilbake til Norge, n\u00e6rmere bestemt Kristiansund.<\/p>\n<p>I pensjonstiden har det blitt mange vikariat b\u00e5de i Tingvoll, Surnadal og Halsa, og han har jobbet i Spania i El Campanario pluss tre vintre helt p\u00e5 kysten av Gran Canaria i byen Arguineguin.<\/p>\n<p>P\u00e5 denne fantastiske reisen har han opplevd mye han kan se tilbake p\u00e5, og han avsluttet karrieren hvor han startet, her hjemme. Den siste konfirmasjonsseremonien han holdt var i Todalen kyrkje i fjor.<\/p>\n<p>Mange sp\u00f8rsm\u00e5l<\/p>\n<p>Det er mange sp\u00f8rsm\u00e5l man kan stille en s\u00e5 erfaren og utreist prest. Hva er hans fineste juleminne? Hva spiser han julekvelden, og hva er hans yndlingsjulesalme? Hvordan er hans erfaringer med \u00e5 jobbe som prest i utlandet i forhold til her hjemme, og blir det julestemning uten sn\u00f8?<\/p>\n<p>Dette er noen av sp\u00f8rsm\u00e5lene du f\u00e5r svar p\u00e5 i ukas episode av Trollheimspodden.<\/p>\n<p>Julestemning<\/p>\n<p> Etter innspillingen fortsatte praten f\u00f8r Br\u00f8ske satte seg ned ved pianoet i stuen og spilte en julesang til Trollheimsporten sin utsendtes store begeistring. Dermed var julestemningen satt. <\/p>\n<p>Som Br\u00f8ske hilser lytterne p\u00e5 slutten av podkasten:<\/p>\n<p>&#8211; God jul til alle sammen &#8211; b\u00e5de kjente og ukjente &#8211; og bruk tiden godt. Og ha det riktig bra!<\/p>\n<p> Ha fortsatt en riktig god adventstid! <\/p>\n<p>                <img decoding=\"async\" src=\"https:\/\/www.europesays.com\/no\/wp-content\/uploads\/2025\/12\/367220.webp\" width=\"480\" height=\"332\" title=\"Torbj\u00f8rn Br\u00f8ske satte julestemningen med \u00e5 trylle frem en julesang p\u00e5 pianoet etter podkastinnspillingen.\" alt=\"En mann med rutete skjorte og med lite h\u00e5r sitter ved et piano og snur seg mot kameraet. En dame med dungeribukse, maskinstrikket genser og med langt, utsl\u00e5tt h\u00e5r st\u00e5r bak han.\" loading=\"lazy\" style=\"\"\/><\/p>\n<p>\n            Torbj\u00f8rn Br\u00f8ske satte julestemningen med \u00e5 trylle frem en julesang p\u00e5 pianoet etter podkastinnspillingen.<br \/>\n            Foto: Rannveig Br\u00f8ske\n        <\/p>\n","protected":false},"excerpt":{"rendered":"Trollheimspodden Pensjonert prest Torbj\u00f8rn Br\u00f8ske og podkastvert Gunn Elin R\u00f8en i vakre omgivelser i Stangvik. Foto: Rannveig Br\u00f8ske&hellip;\n","protected":false},"author":2,"featured_media":106732,"comment_status":"","ping_status":"","sticky":false,"template":"","format":"standard","meta":{"footnotes":""},"categories":[58],"tags":[71,30,28,29,72],"class_list":{"0":"post-106731","1":"post","2":"type-post","3":"status-publish","4":"format-standard","5":"has-post-thumbnail","7":"category-underholdning","8":"tag-entertainment","9":"tag-no","10":"tag-norge","11":"tag-norway","12":"tag-underholdning"},"share_on_mastodon":{"url":"https:\/\/pubeurope.com\/@no\/115679425041281809","error":""},"_links":{"self":[{"href":"https:\/\/www.europesays.com\/no\/wp-json\/wp\/v2\/posts\/106731","targetHints":{"allow":["GET"]}}],"collection":[{"href":"https:\/\/www.europesays.com\/no\/wp-json\/wp\/v2\/posts"}],"about":[{"href":"https:\/\/www.europesays.com\/no\/wp-json\/wp\/v2\/types\/post"}],"author":[{"embeddable":true,"href":"https:\/\/www.europesays.com\/no\/wp-json\/wp\/v2\/users\/2"}],"replies":[{"embeddable":true,"href":"https:\/\/www.europesays.com\/no\/wp-json\/wp\/v2\/comments?post=106731"}],"version-history":[{"count":0,"href":"https:\/\/www.europesays.com\/no\/wp-json\/wp\/v2\/posts\/106731\/revisions"}],"wp:featuredmedia":[{"embeddable":true,"href":"https:\/\/www.europesays.com\/no\/wp-json\/wp\/v2\/media\/106732"}],"wp:attachment":[{"href":"https:\/\/www.europesays.com\/no\/wp-json\/wp\/v2\/media?parent=106731"}],"wp:term":[{"taxonomy":"category","embeddable":true,"href":"https:\/\/www.europesays.com\/no\/wp-json\/wp\/v2\/categories?post=106731"},{"taxonomy":"post_tag","embeddable":true,"href":"https:\/\/www.europesays.com\/no\/wp-json\/wp\/v2\/tags?post=106731"}],"curies":[{"name":"wp","href":"https:\/\/api.w.org\/{rel}","templated":true}]}}