{"id":106742,"date":"2025-12-07T17:32:15","date_gmt":"2025-12-07T17:32:15","guid":{"rendered":"https:\/\/www.europesays.com\/no\/106742\/"},"modified":"2025-12-07T17:32:15","modified_gmt":"2025-12-07T17:32:15","slug":"nordmennene-ble-statister-pa-hjemmebane","status":"publish","type":"post","link":"https:\/\/www.europesays.com\/no\/106742\/","title":{"rendered":"Nordmennene ble statister p\u00e5 hjemmebane"},"content":{"rendered":"\n<p class=\"_lead_o9xde_2 _lead_xtcu6_50 layout-component text-serif-m layout-normal text-serif-l layout-component layout-wide layout-padded _wide_17hqh_1 layout-padded\">Johannes Lamparter og Franz-Josef Rehrl sikret dobbeltseier for \u00d8sterrike under verdenscuprennet i kombinert i Trondheim s\u00f8ndag. De norske sviktet.<\/p>\n<ul class=\"_gallery_1qa3s_23\" tabindex=\"0\">\n<li class=\"_item_1qa3s_37\" data-index=\"0\"><img fetchpriority=\"high\" decoding=\"async\" class=\"_image_foru8_23 _introGallery_foru8_43\" data-fullscreen- width=\"8192\" height=\"5464\" itemprop=\"image\" loading=\"eager\"  src=\"https:\/\/www.europesays.com\/no\/wp-content\/uploads\/2025\/12\/197373b5-6ea4-4ae4-b70a-9f248219c133\"  style=\"object-position:50% 50%;aspect-ratio:var(--gallery-aspect-ratio, 16 \/ 9)\"\/>\u00d8steriske Johannes Lamparter (til h\u00f8yre) og Franz-Josef Rehrl tok 1.- og 2.-plass i  verdencuprennet i kombinert i Gran\u00e5sen s\u00f8ndag.  Foto: Geir Olsen \/ NTB<\/li>\n<li class=\"_item_1qa3s_37\" data-index=\"1\"><img decoding=\"async\" class=\"_image_foru8_23 _introGallery_foru8_43\" data-fullscreen- width=\"4848\" height=\"3232\" itemprop=\"image\" loading=\"lazy\"  src=\"https:\/\/www.europesays.com\/no\/wp-content\/uploads\/2025\/12\/50d3148d-ca64-4302-b84d-e1f9e47c5558\"  style=\"object-position:50% 50%;aspect-ratio:var(--gallery-aspect-ratio, 16 \/ 9)\"\/>Johannes Lamparter \u00f8kte ledelsen i verdenscupen i kombinert etter s\u00f8ndagens seier i Trondheim.  Foto: Geir Olsen \/ NTB<\/li>\n<\/ul>\n<p>\u00d8steriske Johannes Lamparter (til h\u00f8yre) og Franz-Josef Rehrl tok 1.- og 2.-plass i  verdencuprennet i kombinert i Gran\u00e5sen s\u00f8ndag.  Foto: Geir Olsen \/ NTB<\/p>\n<ul aria-hidden=\"true\" class=\"_images_ntbth_112\">\n<li><a class=\"_link_ntbth_117\" href=\"https:\/\/www.vg.no\/forfatter\/ntb\" style=\"z-index:1\" title=\"NTB\" rel=\"nofollow noopener\" target=\"_blank\"><img alt=\"Bilde av NTB\" class=\"_image_ntbth_93\" fetchpriority=\"low\" loading=\"lazy\" decoding=\"async\" itemprop=\"image\"  src=\"https:\/\/www.europesays.com\/no\/wp-content\/uploads\/2025\/12\/1765128734_471_c33980b0-5d07-4027-84a1-813f90a7c8d6\"  width=\"480\"\/><\/a><\/li>\n<\/ul>\n<p> Oppdatert s\u00f8ndag 7. desember kl. 14:46     <\/p>\n<p class=\"_paragraph_o9xde_4 _paragraph_xtcu6_10 layout-component text-serif-m layout-normal text-serif-m layout-padded\">Rehrl hoppet 137,5 meter og var best i bakken. Han gikk ut 12 sekunder foran landsmannen Lamparter i Gundersen-rennet over 10 kilometer.<\/p>\n<p class=\"_paragraph_o9xde_4 _paragraph_xtcu6_10 layout-component text-serif-m layout-normal text-serif-m layout-padded\">Ganske snart var de en duo alene i tet, og der hang de mer eller mindre helt fram til den siste motbakken inn mot stadion. Da rykket Lamparter kraftig ifra og kom i m\u00e5l 11,6 sekunder foran Rehrl.<\/p>\n<p class=\"_paragraph_o9xde_4 _paragraph_xtcu6_10 layout-component text-serif-m layout-normal text-serif-m layout-padded\">\u2013 Dette ble et veldig godt l\u00f8p, konkluderte Lamparter overfor NRK.<\/p>\n<p class=\"_paragraph_o9xde_4 _paragraph_xtcu6_10 layout-component text-serif-m layout-normal text-serif-m layout-padded\">Lamparter er soleklar favoritt til \u00e5 ta med seg rubbel og bit i OL til vinteren. Lamparter har vunnet tre av fire verdenscuprenn s\u00e5 langt i sesongen.<\/p>\n<p>Ikke med<\/p>\n<p class=\"_paragraph_o9xde_4 _paragraph_xtcu6_10 layout-component text-serif-m layout-normal text-serif-m layout-padded\">De norske var ikke med p\u00e5 notene i det hele tatt i hoppbakken og har kommet skjevt ut denne sesongen. <\/p>\n<p class=\"_paragraph_o9xde_4 _paragraph_xtcu6_10 layout-component text-serif-m layout-normal text-serif-m layout-padded\">Best var Espen Andersen som startet 1.49 minutter bak lederen. Jens Luraas Oftebro gikk ut hele 2.18 minutter bak Rehrl.<\/p>\n<p class=\"_paragraph_o9xde_4 _paragraph_xtcu6_10 layout-component text-serif-m layout-normal text-serif-m layout-padded\">Oftebro hadde tatt inn p\u00e5 50 sekunder p\u00e5 teten etter halvg\u00e5tt l\u00f8p, og han fortsatte \u00e5 ta innp\u00e5. Med 2,5 kilometer var avstanden knappet med til 1.05 minutter, og Oftebro hadde avansert til 7.-plass.<\/p>\n<p class=\"_paragraph_o9xde_4 _paragraph_xtcu6_10 layout-component text-serif-m layout-normal text-serif-m layout-padded\">Mot slutten dabbet Oftebro av igjen, men ble likevel beste norske med 10.-plass og 53,2 sekunder opp til seierherren.<\/p>\n<p class=\"_paragraph_o9xde_4 _paragraph_xtcu6_10 layout-component text-serif-m layout-normal text-serif-m layout-padded\">Andreas Skoglund og Einar Lur\u00e5s Oftebro ble nummer 11 og 12.<\/p>\n<p>Anspente<\/p>\n<p class=\"_paragraph_o9xde_4 _paragraph_xtcu6_10 layout-component text-serif-m layout-normal text-serif-m layout-padded\">\u2013 Jeg synes at de norske ut\u00f8verne ser anspente ut, sa tidligere topput\u00f8ver og n\u00e5v\u00e6rende NRK-ekspert J\u00f8rgen Graabak.<\/p>\n<p class=\"_paragraph_o9xde_4 _paragraph_xtcu6_10 layout-component text-serif-m layout-normal text-serif-m layout-padded\">Han antydet at nordmennene manglet selvtillit i hoppbakken.<\/p>\n<p class=\"_paragraph_o9xde_4 _paragraph_xtcu6_10 layout-component text-serif-m layout-normal text-serif-m layout-padded\">\u2013 Vi skal rett inn i evalueringsm\u00f8ter. Vi har fortsatt god tid til OL, selv om det ikke er noe g\u00f8y \u00e5 starte sesongen slik som dette. Vi m\u00e5 finne ut hva som er feil og satse p\u00e5 at det l\u00f8sner fram til rennene i Ramsau om to uker, sa Oftebro til NRK.<\/p>\n<p class=\"_paragraph_o9xde_4 _paragraph_xtcu6_10 layout-component text-serif-m layout-normal text-serif-m layout-padded\">Det er i bakken at det ikke stemmer for tiden.<\/p>\n<p class=\"_paragraph_o9xde_4 _paragraph_xtcu6_10 layout-component text-serif-m layout-normal text-serif-m layout-padded\">\u2013 Jeg har god tro p\u00e5 at vi fortsatt kan f\u00e5 til en bra sesong, sier eldstebror Einar Lur\u00e5s Oftebro.<\/p>\n","protected":false},"excerpt":{"rendered":"Johannes Lamparter og Franz-Josef Rehrl sikret dobbeltseier for \u00d8sterrike under verdenscuprennet i kombinert i Trondheim s\u00f8ndag. De norske&hellip;\n","protected":false},"author":2,"featured_media":106743,"comment_status":"","ping_status":"","sticky":false,"template":"","format":"standard","meta":{"footnotes":""},"categories":[59],"tags":[2269,30,28,29,83,82,399],"class_list":{"0":"post-106742","1":"post","2":"type-post","3":"status-publish","4":"format-standard","5":"has-post-thumbnail","7":"category-sport","8":"tag-kombinert","9":"tag-no","10":"tag-norge","11":"tag-norway","12":"tag-sport","13":"tag-sports","14":"tag-vintersport"},"share_on_mastodon":{"url":"https:\/\/pubeurope.com\/@no\/115679484244269364","error":""},"_links":{"self":[{"href":"https:\/\/www.europesays.com\/no\/wp-json\/wp\/v2\/posts\/106742","targetHints":{"allow":["GET"]}}],"collection":[{"href":"https:\/\/www.europesays.com\/no\/wp-json\/wp\/v2\/posts"}],"about":[{"href":"https:\/\/www.europesays.com\/no\/wp-json\/wp\/v2\/types\/post"}],"author":[{"embeddable":true,"href":"https:\/\/www.europesays.com\/no\/wp-json\/wp\/v2\/users\/2"}],"replies":[{"embeddable":true,"href":"https:\/\/www.europesays.com\/no\/wp-json\/wp\/v2\/comments?post=106742"}],"version-history":[{"count":0,"href":"https:\/\/www.europesays.com\/no\/wp-json\/wp\/v2\/posts\/106742\/revisions"}],"wp:featuredmedia":[{"embeddable":true,"href":"https:\/\/www.europesays.com\/no\/wp-json\/wp\/v2\/media\/106743"}],"wp:attachment":[{"href":"https:\/\/www.europesays.com\/no\/wp-json\/wp\/v2\/media?parent=106742"}],"wp:term":[{"taxonomy":"category","embeddable":true,"href":"https:\/\/www.europesays.com\/no\/wp-json\/wp\/v2\/categories?post=106742"},{"taxonomy":"post_tag","embeddable":true,"href":"https:\/\/www.europesays.com\/no\/wp-json\/wp\/v2\/tags?post=106742"}],"curies":[{"name":"wp","href":"https:\/\/api.w.org\/{rel}","templated":true}]}}