{"id":106750,"date":"2025-12-07T17:51:11","date_gmt":"2025-12-07T17:51:11","guid":{"rendered":"https:\/\/www.europesays.com\/no\/106750\/"},"modified":"2025-12-07T17:51:11","modified_gmt":"2025-12-07T17:51:11","slug":"brann-ullern-brann-pa-huseby-kommer-til-a-vaere-her-en-god-stund-framover","status":"publish","type":"post","link":"https:\/\/www.europesays.com\/no\/106750\/","title":{"rendered":"Brann, Ullern | Brann p\u00e5 Huseby: \u2013\u00a0Kommer til \u00e5 v\u00e6re her en god stund framover"},"content":{"rendered":"\n<p>\u2013 Brannvesenet har startet innsats, meldte politiets operasjonsleder Rune Hekkelstrand klokken 15:02.<\/p>\n<p>De aktuelle brakkene ligger i S\u00f8rkedalsveien mellom Huseby leir og M\u00e6rradalen.<\/p>\n<p>Vaktkommand\u00f8r Glenn Gulbrandsen i Oslo 110-sentral sa til Avisa Oslo at de sendte to branngrupper til stedet.<\/p>\n<p>   <img decoding=\"async\" width=\"4032\" height=\"3024\" fetchpriority=\"low\"  loading=\"lazy\"  src=\"https:\/\/www.europesays.com\/no\/wp-content\/uploads\/2025\/12\/e11943d8-3427-44b0-9639-77790d3336be\" alt=\"\" class=\"brick-c-cFOWSL\" style=\"--brick-image-ratio: 4032 \/ 3024;\"\/><\/p>\n<p>      Brannvesenet p\u00e5 stedet med store styrker.<br \/>\n      Foto: Christian Fredrik Borg\n    <\/p>\n<p>  Kraftig r\u00f8ykutvikling<\/p>\n<p><b>Det brant i flere brakker som brukes som anleggskontorer for byggeprosjektet med ny vannforsyning til Oslo.<\/b><\/p>\n<p>Gr\u00e5 r\u00f8yk veltet ut fra flere sider av brakkene, og brannmannskaper jobbet med \u00e5 f\u00e5 kontroll p\u00e5 brannen. Brannvesenet brukte flere stigebiler for \u00e5 fors\u00f8ke \u00e5 slukke brannen fra ulike sider. De tilkalte ogs\u00e5 forsterkninger, blant annet fra Asker og B\u00e6rum, meldte AOs reporter p\u00e5 stedet.<\/p>\n<p>\u2013 Brannen har spredt seg til \u00e5tte av ti brakker, sa vaktkommand\u00f8r Gulbrandsen til <a href=\"https:\/\/www.aftenposten.no\/oslo\/i\/M7gAM0\/huseby-brann-paa-anleggsomraadet-til-kommunenes-milliardprosjekt\" rel=\"nofollow noopener\" target=\"_blank\">Aftenposten<\/a>.<\/p>\n<p>Grunnet den kraftige r\u00f8ykutviklingen, r\u00e5der han folk i omr\u00e5det til \u00e5 holde seg unna og lukke vinduer.<\/p>\n<p>\n      Stopp video<br \/>\n      <video data-standalone=\"false\" preload=\"none\" muted=\"\" loop=\"\" playsinline=\"\" autoplay=\"\"><\/p>\n<p>      <\/video>\n    <\/p>\n<p>\u2013 Det er trolig ikke noen inne, men brannvesenet jobber med \u00e5 avklare dette. Det er fortsatt r\u00f8ykutvikling fra brakkene, meldte Hekkelstrand klokken 15:10.<\/p>\n<p><b>Klokka 15.46 meldte brannvesenet at brannen var slukket og at de satte i gang etterslukking.<\/b> <\/p>\n<p><b>\u2013 Det er mindre r\u00f8ykutvikling n\u00e5, enn det var tidligere. Brannvesenet har s\u00f8kt gjennom 2. etasje i brakkene og har ikke funnet noen personer, sa Hekkelstrand.<\/b><\/p>\n<p>   <img decoding=\"async\" width=\"5712\" height=\"4284\" fetchpriority=\"low\"  loading=\"lazy\"  src=\"https:\/\/www.europesays.com\/no\/wp-content\/uploads\/2025\/12\/8a78626a-8f79-40ef-8aa5-9c49cdee829e\" alt=\"\" class=\"brick-c-cFOWSL\" style=\"--brick-image-ratio: 5712 \/ 4284;\"\/><\/p>\n<p>      Store menger r\u00f8yk veltet ut av brakkene.<br \/>\n      Foto: Christian Fredrik Borg\n    <\/p>\n<p>  Ingen skadde<\/p>\n<p><b>Klokka 16.08 meldte operasjonsleder at hele riggen var gjennoms\u00f8kt uten funn av personer.<\/b> <\/p>\n<p>\u2013 Mulig starten p\u00e5 brannen har skjedd ved et t\u00f8rkerom\/vaskerom. Sak opprettes og etterforskes videre, opplyste han.<\/p>\n<p>\u2013 Det har v\u00e6rt brann i 2. etasje p\u00e5 en brakkerigg. Det var mye r\u00f8yk og brannvesenet har gjort en solid innsats og f\u00e5tt kontroll f\u00f8r brannen spredte seg videre, sa innsatsleder i politiet Roy Brandal til Avisa Oslo.<\/p>\n<p><b>\u2013 Ingen personer er skadd, sa han.<\/b><\/p>\n<p>Brandal sa det hadde v\u00e6rt h\u00f8y varmeutvikling og kraftig r\u00f8ykutvikling, men at det ikke var \u00e5pne flammer ut av bygget. <\/p>\n<p>\u2013 Brannvesenet kommer til \u00e5 v\u00e6re her en god stund framover, for \u00e5 forsikre oss om at det ikke blusser opp igjen.<\/p>\n<p>Han sier det er for tidlig \u00e5 uttale seg om \u00e5rsaken til brannen eller om det var personer i brakka da brannen startet. Samtidig bekrefter han at det var aktivitet p\u00e5 byggeplassen da den oppsto.<\/p>\n<p>  <a href=\"https:\/\/www.ao.no\/5-128-1211051\" class=\"related-teaser has-image default-story-teaser article--c-eRUmMG article--c-eRUmMG-jKCPdD-design-default\" rel=\"nofollow noopener\" target=\"_blank\"><\/p>\n<p>    <img decoding=\"async\" loading=\"lazy\"  src=\"https:\/\/www.europesays.com\/no\/wp-content\/uploads\/2025\/12\/photo+(5)_1.jpg\" alt=\"\" class=\"brick-c-cFOWSL\" style=\"\"\/><\/p>\n<p>\n            Les ogs\u00e5<\/p>\n<p>              Politiet advarer: \u2013 De som er p\u00e5 vei med bil b\u00f8r snu\n        <\/p>\n<p>  <\/a><\/p>\n<p>  <a href=\"https:\/\/www.ao.no\/5-128-1211100\" class=\"related-teaser has-image default-story-teaser article--c-eRUmMG article--c-eRUmMG-jKCPdD-design-default\" rel=\"nofollow noopener\" target=\"_blank\"><\/p>\n<p>    <img decoding=\"async\" loading=\"lazy\"  src=\"https:\/\/www.europesays.com\/no\/wp-content\/uploads\/2025\/12\/IMG_0745.JPG\" alt=\"\" class=\"brick-c-cFOWSL\" style=\"\"\/><\/p>\n<p>\n            Les ogs\u00e5<\/p>\n<p>              Hyller det spesielle julemarkedet: \u2013 Langt unna Spikersuppa\n        <\/p>\n<p>  <\/a><\/p>\n","protected":false},"excerpt":{"rendered":"\u2013 Brannvesenet har startet innsats, meldte politiets operasjonsleder Rune Hekkelstrand klokken 15:02. De aktuelle brakkene ligger i S\u00f8rkedalsveien&hellip;\n","protected":false},"author":2,"featured_media":106751,"comment_status":"","ping_status":"","sticky":false,"template":"","format":"standard","meta":{"footnotes":""},"categories":[10],"tags":[36,367,20,21,24,25,15,13317,22,23,13,30,28,29,14,16,1510,26,27,13316],"class_list":{"0":"post-106750","1":"post","2":"type-post","3":"status-publish","4":"format-standard","5":"has-post-thumbnail","7":"category-norge","8":"tag-art","9":"tag-brann","10":"tag-breaking-news","11":"tag-breakingnews","12":"tag-featured-news","13":"tag-featurednews","14":"tag-headlines","15":"tag-huseby","16":"tag-latest-news","17":"tag-latestnews","18":"tag-news","19":"tag-no","20":"tag-norge","21":"tag-norway","22":"tag-nyheter","23":"tag-overskrifter","24":"tag-story","25":"tag-top-stories","26":"tag-topstories","27":"tag-ullern"},"share_on_mastodon":{"url":"https:\/\/pubeurope.com\/@no\/115679558955341187","error":""},"_links":{"self":[{"href":"https:\/\/www.europesays.com\/no\/wp-json\/wp\/v2\/posts\/106750","targetHints":{"allow":["GET"]}}],"collection":[{"href":"https:\/\/www.europesays.com\/no\/wp-json\/wp\/v2\/posts"}],"about":[{"href":"https:\/\/www.europesays.com\/no\/wp-json\/wp\/v2\/types\/post"}],"author":[{"embeddable":true,"href":"https:\/\/www.europesays.com\/no\/wp-json\/wp\/v2\/users\/2"}],"replies":[{"embeddable":true,"href":"https:\/\/www.europesays.com\/no\/wp-json\/wp\/v2\/comments?post=106750"}],"version-history":[{"count":0,"href":"https:\/\/www.europesays.com\/no\/wp-json\/wp\/v2\/posts\/106750\/revisions"}],"wp:featuredmedia":[{"embeddable":true,"href":"https:\/\/www.europesays.com\/no\/wp-json\/wp\/v2\/media\/106751"}],"wp:attachment":[{"href":"https:\/\/www.europesays.com\/no\/wp-json\/wp\/v2\/media?parent=106750"}],"wp:term":[{"taxonomy":"category","embeddable":true,"href":"https:\/\/www.europesays.com\/no\/wp-json\/wp\/v2\/categories?post=106750"},{"taxonomy":"post_tag","embeddable":true,"href":"https:\/\/www.europesays.com\/no\/wp-json\/wp\/v2\/tags?post=106750"}],"curies":[{"name":"wp","href":"https:\/\/api.w.org\/{rel}","templated":true}]}}