{"id":106760,"date":"2025-12-07T18:00:14","date_gmt":"2025-12-07T18:00:14","guid":{"rendered":"https:\/\/www.europesays.com\/no\/106760\/"},"modified":"2025-12-07T18:00:14","modified_gmt":"2025-12-07T18:00:14","slug":"beskjed-han-reiser-til-davos","status":"publish","type":"post","link":"https:\/\/www.europesays.com\/no\/106760\/","title":{"rendered":"beskjed: &#8211; Han reiser til Davos"},"content":{"rendered":"<p>Den russiske skipresidenten Jelena V\u00e4lbe sier til Match TV at Saveliy Korostelev reiser rett til Davos fra konkurranser i Russland, for potensielt \u00e5 delta i verdenscuprennene der neste helg.\u00a0<\/p>\n<p>\u2013 Vi forst\u00e5r at inviterte skil\u00f8pere trenger visum, og ikke alle har det. Men det er noen ut\u00f8vere som har det. Jeg kan si at Saveliy Korostelev vil fly rett til Davos fra Tjumen, sier V\u00e4lbe.<\/p>\n<p>        <img class=\"image__img lazyload\" itemprop=\"image\" title=\"Foto: Terje Pedersen \/ NTB\" alt=\"VERDENSCUP-AKTUELL: Saveliy Korostelev er god b\u00e5de p\u00e5 sprint og i distanse. Neste helg er det mulig at han m\u00e5ler krefter med verdenseliten. Foto: Terje Pedersen \/ NTB\" width=\"978\" height=\"551\" bad-src=\"https:\/\/www.europesays.com\/no\/wp-content\/uploads\/2025\/12\/18361412.webp\" fetchpriority=\"auto\" \/><\/p>\n<p>      VERDENSCUP-AKTUELL: Saveliy Korostelev er god b\u00e5de p\u00e5 sprint og i distanse. Neste helg er det mulig at han m\u00e5ler krefter med verdenseliten.<br \/>\n         Foto: Terje Pedersen \/ NTB<\/p>\n<p>N\u00e6rmer seg godkjenning<\/p>\n<p>Etter at Russland <a href=\"https:\/\/www.tv2.no\/sport\/dramatisk-vending-russland-vant-frem-kan-delta-i-ol\/18342905\/\" rel=\"nofollow noopener\" target=\"_blank\">vant fram hos CAS<\/a>, kan russiske ut\u00f8vere igjen delta i verdenscupen.<\/p>\n<p>Det er imidlertid ikke fritt frem. Tidligere denne uken fikk TV 2 bekreftet at\u00a0FIS har f\u00e5tt et titalls foresp\u00f8rsler fra russiske ut\u00f8vere, st\u00f8tteapparat og trenere.<\/p>\n<p>De m\u00e5 n\u00e5 sende inn en s\u00f8knad, som blir behandlet av et uavhengig panel, f\u00f8r FIS selv gir det endelige svaret.<\/p>\n<p>Slik TV 2 har forst\u00e5tt det, vil de f\u00f8rste russiske s\u00f8knadene bli godkjent i l\u00f8pet av de to neste dagene. Det er forventet at russiske skil\u00f8pere vil kunne konkurrere som n\u00f8ytrale ut\u00f8vere under verdenscupen i Davos.<\/p>\n<p>\u2013 Invitasjonen viktigst<\/p>\n<p>\u2013 N\u00e5r det gjelder potensielle kandidater \u2026 ikke alle har visum. Og vi kan ikke gj\u00f8re noe over natten, selv om vi virkelig \u00f8nsker. Det viktigste er imidlertid \u00e5 ha denne invitasjonen. Da blir det enda enklere \u00e5 dra til konsulatet, sier V\u00e4lbe og legger til:\u00a0<\/p>\n<p>\u2013 Vi venter til mandag, siden FIS ikke jobber i helgene, ikke svarer p\u00e5 eposter og er stille. Hvis de kommuniserer i det hele tatt, er det bare direkte med ut\u00f8verne, sier den russiske skipresidenten.\u00a0<\/p>\n<p>Russerne er n\u00f8dt til \u00e5 oppfylle tre n\u00f8ytralitetskrav for \u00e5 v\u00e6re aktuelle.<\/p>\n<p>1. Ingen frivillig forbindelse med det russiske eller belarusiske milit\u00e6ret eller med noen annen nasjonal sikkerhetsorganisasjon.<\/p>\n<p>2. Ingen kommunikasjon knyttet til Russland eller Belarus.<\/p>\n<p>3. Ingen st\u00f8tte til krigen i Ukraina.<\/p>\n<p>\u2013 Mange problemer<\/p>\n<p>Korostelev er blant de som potensielt oppfyller disse kravene. Mannen som nylig fylte 22 \u00e5r\u00a0tok to gull og ett s\u00f8lv under junior-VM p\u00e5 Lygna i 2022. Han er god b\u00e5de p\u00e5 sprint og distanse, og vant den russiske cupen denne vinteren.<\/p>\n<p>Visum er imidlertid ikke det eneste problemet for de russiske ut\u00f8verne.\u00a0<\/p>\n<p>\u2013 \u00c6rlig talt, i Russland kj\u00f8rer vi p\u00e5 fluor. Vi m\u00e5 raskt rengj\u00f8re skiene v\u00e5re. Minst \u00e9n skibag m\u00e5 rengj\u00f8res. Det er mange problemer, men vi kan h\u00e5ndtere\u00a0det, sier V\u00e4lbe.<\/p>\n","protected":false},"excerpt":{"rendered":"Den russiske skipresidenten Jelena V\u00e4lbe sier til Match TV at Saveliy Korostelev reiser rett til Davos fra konkurranser&hellip;\n","protected":false},"author":2,"featured_media":106761,"comment_status":"","ping_status":"","sticky":false,"template":"","format":"standard","meta":{"footnotes":""},"categories":[59],"tags":[30,28,29,83,82],"class_list":{"0":"post-106760","1":"post","2":"type-post","3":"status-publish","4":"format-standard","5":"has-post-thumbnail","7":"category-sport","8":"tag-no","9":"tag-norge","10":"tag-norway","11":"tag-sport","12":"tag-sports"},"share_on_mastodon":{"url":"https:\/\/pubeurope.com\/@no\/115679593992940412","error":""},"_links":{"self":[{"href":"https:\/\/www.europesays.com\/no\/wp-json\/wp\/v2\/posts\/106760","targetHints":{"allow":["GET"]}}],"collection":[{"href":"https:\/\/www.europesays.com\/no\/wp-json\/wp\/v2\/posts"}],"about":[{"href":"https:\/\/www.europesays.com\/no\/wp-json\/wp\/v2\/types\/post"}],"author":[{"embeddable":true,"href":"https:\/\/www.europesays.com\/no\/wp-json\/wp\/v2\/users\/2"}],"replies":[{"embeddable":true,"href":"https:\/\/www.europesays.com\/no\/wp-json\/wp\/v2\/comments?post=106760"}],"version-history":[{"count":0,"href":"https:\/\/www.europesays.com\/no\/wp-json\/wp\/v2\/posts\/106760\/revisions"}],"wp:featuredmedia":[{"embeddable":true,"href":"https:\/\/www.europesays.com\/no\/wp-json\/wp\/v2\/media\/106761"}],"wp:attachment":[{"href":"https:\/\/www.europesays.com\/no\/wp-json\/wp\/v2\/media?parent=106760"}],"wp:term":[{"taxonomy":"category","embeddable":true,"href":"https:\/\/www.europesays.com\/no\/wp-json\/wp\/v2\/categories?post=106760"},{"taxonomy":"post_tag","embeddable":true,"href":"https:\/\/www.europesays.com\/no\/wp-json\/wp\/v2\/tags?post=106760"}],"curies":[{"name":"wp","href":"https:\/\/api.w.org\/{rel}","templated":true}]}}