{"id":106764,"date":"2025-12-07T18:07:10","date_gmt":"2025-12-07T18:07:10","guid":{"rendered":"https:\/\/www.europesays.com\/no\/106764\/"},"modified":"2025-12-07T18:07:10","modified_gmt":"2025-12-07T18:07:10","slug":"hvilke-politikere-tor-a-si-nei-fotball-vm-2026","status":"publish","type":"post","link":"https:\/\/www.europesays.com\/no\/106764\/","title":{"rendered":"\u2013 Hvilke politikere t\u00f8r \u00e5 si nei? \u2013 Fotball-VM 2026"},"content":{"rendered":"<p>Natt til 23. juni kan Norge potensielt avansere til sluttspillet i VM klokken 4 om natten.<\/p>\n<p><strong>Det kan bli en utfordring for utelivet.<\/strong><\/p>\n<p>\u2013 Unntak akkurat den dagen, det m\u00e5 vi vel f\u00e5 til? sp\u00f8r Sigurd \u00d8stensen som ser Premier League-fotball p\u00e5 Bohemen i Oslo s\u00f8ndag kveld.<\/p>\n<p>\u2013 Selv om det m\u00e5 en lovendring til?<\/p>\n<p>\u2013 Oi, da blir det vanskeligere. M\u00e5 det helt opp til Stortinget? Da f\u00e5r puben v\u00e6re \u00e5pen og s\u00e5 drikker folk vann siste timen, sier \u00d8stensen.<\/p>\n<p>Kamerat Lars West Johnsen tror politikerne vil slite med \u00e5 si nei til folkekravet om skjenking under VM-kampene.<\/p>\n<p>\u2013 Folkekrav om champagne<\/p>\n<p>\u2013 Hvilke politikere t\u00f8r \u00e5 si nei? sp\u00f8r han.<\/p>\n<p>\u2013 Klokken 3 den natten har vi f\u00e5tt nok, men jeg skal like \u00e5 se den politikeren som sier nei til folkekravet om \u00e5 ta seg en \u00f8l til og \u00e5pne champagnen n\u00e5r Norge har g\u00e5tt videre i VM, sier Johnsen.<\/p>\n<p><img decoding=\"async\"   src=\"data:image\/gif;base64,R0lGODlhAQABAIAAAAAAAP\/\/\/yH5BAEAAAAALAAAAAABAAEAAAIBRAA7\" loading=\"eager\" alt=\"To personer sitter med ryggen til kameraet og ser p\u00e5 en fotballkamp p\u00e5 TV. Skjermen viser spillere p\u00e5 en fotballbane, og en dommer i midten. Omgivelsene ser ut til \u00e5 v\u00e6re en bar eller restaurant, med bilder p\u00e5 veggene. Det er tydelig at de f\u00f8lger med p\u00e5 kampen, som er en del av Premier League. (Bildebeskrivelsen er laget av en KI-tjeneste)\" title=\"Foto: Ksenia Novikova \/ NRK\"\/><\/p>\n<p class=\"\">Sigurd \u00d8stensen og Lars West Johnsen f\u00f8lger Premier League s\u00f8ndag ettermiddag.<\/p>\n<p>Foto: Ksenia Novikova \/ NRK<\/p>\n<p>Fremskrittspartiet stiller skriftlig sp\u00f8rsm\u00e5l til helseministeren om unntak fra loven for skjenking av alkohol etter klokken 03.00 p\u00e5 natten.<\/p>\n<p>\u2013 N\u00e5 kommer vi til \u00e5 utfordre helseministeren p\u00e5 om det er muligheter for \u00e5 gj\u00f8re unntak innenfor dagens lovverk. Hvis det ikke er mulig \u00e5 gj\u00f8re den type unntak som vi ser veldig mange ettersp\u00f8r rundt omkring, m\u00e5 vi vurdere \u00e5 fremme forslag i Stortinget, sier helsepolitisk talsmann i Frp Kristian Eilertsen.<\/p>\n<p><img decoding=\"async\"   src=\"data:image\/gif;base64,R0lGODlhAQABAIAAAAAAAP\/\/\/yH5BAEAAAAALAAAAAABAAEAAAIBRAA7\" loading=\"eager\" alt=\"En mann i m\u00f8rk jakke st\u00e5r foran et julepyntet omr\u00e5de med lys og en tre. Omgivelsene er preget av juledekorasjoner. Bakgrunnen inkluderer bygninger med vinduer og kledning. Det er lav belysning og en generell h\u00f8ytidsstemning. (Bildebeskrivelsen er laget av en KI-tjeneste)\" title=\"Foto: Ksenia Novikova \/ NRK\"\/><\/p>\n<p class=\"\">Helsepolitisk talsmann i Frp Kristian Eilertsen foran Stortinget s\u00f8ndag kveld.<\/p>\n<p>Foto: Ksenia Novikova \/ NRK<\/p>\n<p>Helse- og omsorgsdepartementet framhever at kommunene har stor frihet til \u00e5 regulere alkoholserveringen mellom 06 og 03 p\u00e5 natten.<\/p>\n<p>\u2013 Men dagens regelverk bidrar samtidig med viktig regulering av rusmiddelet alkohol som det er bred politisk enighet om i Norge, sier statssekret\u00e6r Usman Ahmad Mushtaq.<\/p>\n<p>\u2013 Vi har ikke tatt stilling til om det kan gj\u00f8res midlertidige endringer i regelverket konkret knyttet til fotball-VM til sommeren, sier han, men understreker at det er g\u00f8y at Norge har kvalifisert seg.<\/p>\n<p>Delte meninger i byene<\/p>\n<p>I kommunene er ordf\u00f8rere og byr\u00e5dsledere b\u00e5de negative og positive til tanken. Avhengig av hvor man befinner seg her i landet, kan skjenketiden normalt ende fra 1.00 og 03.00.<\/p>\n<p><strong>\u2013 Vi m\u00e5 se p\u00e5 muligheter for \u00e5 endre skjenketida under VM i fotball. Norge i VM er stort og vi m\u00e5 gj\u00f8re det vi kan for \u00e5 skape en folkefest ogs\u00e5 lokalt, sier byr\u00e5dsleder i Trondheim, Kjetil Reinskou (H).<\/strong><\/p>\n<p><img decoding=\"async\"   src=\"data:image\/gif;base64,R0lGODlhAQABAIAAAAAAAP\/\/\/yH5BAEAAAAALAAAAAABAAEAAAIBRAA7\" loading=\"eager\" alt=\"Finansbyr\u00e5d i Trondheim kommune, Kjetil Reinskou (H). Han st\u00e5r p\u00e5 en takterasse i en byg\u00e5rd i bydelen Lademoen i Trondheim.\" title=\"Foto: Bjarte M. Johannesen \/ NRK\"\/><\/p>\n<p class=\"\">Trondheims ordf\u00f8rer Kjetil Reinskou (H). <\/p>\n<p>Foto: Bjarte M. Johannesen \/ NRK<\/p>\n<p>L\u00f8rdag ble det klart at to av Norges VM-kamper i gruppespillet f\u00f8rst er ferdigspilt n\u00e6rmere klokken 02.00 og 04.00 p\u00e5 natten.<\/p>\n<p><strong>\u2013 Vi ble veldig overrasket over at vi fikk et s\u00e5 sent tidspunkt, med tanke p\u00e5 historikken fra USA-VM i 1994 da europeiske lag ble prioritert \u00abprime time\u00bb, sier Geir Oterhals, daglig leder for Fotballfesten AS.<\/strong><\/p>\n<p>De skal vise alle kampene mellom festningsmurene i Kongens gate og i tillegg skal de vise Norge sine kamper p\u00e5 Ullev\u00e5l stadion.<\/p>\n<p><img decoding=\"async\"   src=\"data:image\/gif;base64,R0lGODlhAQABAIAAAAAAAP\/\/\/yH5BAEAAAAALAAAAAABAAEAAAIBRAA7\" loading=\"eager\" alt=\"To personer sitter ved et rundt trebord i en bar. De holder opp glass med \u00f8l og smiler. I bakgrunnen vises en fotballkamp p\u00e5 storskjerm, og det er diverse fotballplakater p\u00e5 veggen. En svart og hvit lue ligger p\u00e5 bordet mellom dem. (Bildebeskrivelsen er laget av en KI-tjeneste)\" title=\"Foto: Ksenia Novikova \/ NRK\"\/><\/p>\n<p class=\"\">Matthew Butler (til venstre) og Caleb Patterson fra England er overrasket over at det ikke vil v\u00e6re alkoholsalg etter 03 hvis en skal feire VM-avansement. <\/p>\n<p>Foto: Ksenia Novikova \/ NRK<\/p>\n<p>\u2013 Vi har f\u00e5tt disp fra bydelsoverlegen, men det vi ikke har f\u00e5tt disp for er 02-kampen, da vi ikke har s\u00f8kt om s\u00e5 sent kamptidspunkt, sier Oterhals.<\/p>\n<p>Oterhals har tro p\u00e5 at de finner en l\u00f8sning for feststemte fotballfans. De vil vurdere \u00e5 kj\u00f8pe hotellrom til folk i Ullev\u00e5l hageby som ikke skal p\u00e5 kamp og som \u00f8nsker \u00e5 unng\u00e5 st\u00f8y.<\/p>\n<p>Les reaksjoner fra utelivsbransjen:<\/p>\n<p>    \u2190<\/p>\n<ul data-scroll-container=\"\" role=\"list\">\n<li><img alt=\"Daglig leder fotballfesten AS, Geir Oterhals\"  width=\"3840\" height=\"2155\" loading=\"lazy\"\/>\n<p>\n        Geir Oterhals\n      <\/p>\n<p>Geir Oterhals, daglig leder for Fotballfesten AS<\/p>\n<p>Lederen for Norges st\u00f8rste VM-arrangement opplever en positiv dialog med myndighetene.<\/p>\n<p>\u2013 Det er bedre \u00e5 samle mye folk p\u00e5 noen f\u00e5 steder i stedet for at det er st\u00f8y i et et h\u00f8yt antall leiligheter med p\u00e5f\u00f8lgende naboklager.<\/p>\n<p>\u2013 Men naboene p\u00e5 Ullev\u00e5l m\u00e5 man finne en l\u00f8sning for. De n\u00e6rmeste kan f\u00e5 et hotellrom fra oss eller delta p\u00e5 fotballfesten selv, sier\u00a0 Oterhals.<\/p>\n<\/li>\n<li><img alt=\"en mann som st\u00e5r p\u00e5 en bar (Bildebeskrivelsen er laget av en KI-tjeneste)\"  width=\"3840\" height=\"2160\" loading=\"lazy\"\/>\n<p>\n        Nils Fridtjof Skumsvoll \/ NRK\n      <\/p>\n<p>Zirek Suleyman, pubeier<\/p>\n<p>Zirek Suleyman eier Barkaden, en kjede av sportspuber med filialer i Skien, T\u00f8nsberg, Drammen og Fredrikstad.<\/p>\n<p>Han garanterer at de vil holde \u00e5pent uansett om de f\u00e5r servere \u00f8l eller ikke.<\/p>\n<p>\u2013 At hvert eneste utested i Norge m\u00e5 sende en individuell s\u00f8knad for \u00e5 vise kamper som g\u00e5r midt p\u00e5 natten, illustrerer dessverre hvor byr\u00e5kratisk systemet har blitt.<\/p>\n<\/li>\n<li><img alt=\"Ingvild Svenning\"  width=\"3840\" height=\"2158\" loading=\"lazy\"\/>\n<p>\n        PRIVAT\n      <\/p>\n<p>Ingvild Svenning, pubeier<\/p>\n<p>Eieren av to av de st\u00f8rste sportsbarene i Kristiansand, All inn og Arena sportsbar som \u00e5pner p\u00e5 ny\u00e5ret, sier de uansett vil ha \u00e5pent for publikum under de aktuelle kampene. <\/p>\n<p>Men eieren h\u00e5per at kommunen \u00e5pner opp for skjenking. <\/p>\n<p>\u2013 Dette er jo viktige nasjonale hendelser, s\u00e5 det h\u00e5per vi virkelig, sier pubeier Ingvild Svenning til NRK. <\/p>\n<\/li>\n<li><img alt=\"To menn st\u00e5r ved et utend\u00f8rs serveringssted, if\u00f8rt avslappede kl\u00e6r. Bakgrunnen viser plasser med stoler og bord. Fargerike flagg henger over stedet, og det er en TV som viser sport. Flere gjester sitter rundt og nyter drikke. (Bildebeskrivelsen er laget av en KI-tjeneste)\"  width=\"3840\" height=\"2162\" loading=\"lazy\"\/>\n<p>\n        \u00d8ystein Otterdal\n      <\/p>\n<p>\u00d8yvind Ekeland, arrang\u00f8r <\/p>\n<p>\u2013 Stavanger kommune har vist seg veldig dynamiske n\u00e5r det gjelder store<br \/>arrangement og denne byen kan folkefest, sier \u00d8yvind Ekeland.<\/p>\n<p>Han er arrang\u00f8r av store begivenheter og konserter i Stavanger &#8211; sist Vikings seriegullfest.<\/p>\n<p>\u2013 Det kommer til \u00e5 bli en folkefest av uante dimensjoner, og vi har store planer. Det kommer til \u00e5 bli et folkekrav \u00e5 f\u00e5 p\u00e5 plass rammebetingelsene, sier han. <\/p>\n<\/li>\n<li><img alt=\"En skallet mann smiler til kameraet, ikledd en RBK-drakt.\"  width=\"3840\" height=\"2160\" loading=\"lazy\"\/>\n<p>\n        NRK\n      <\/p>\n<p>Karl-Henning Svendsen, pubeier<\/p>\n<p>Karl-Henning Svendsen eier Hjemmebane i Troms\u00f8, og s\u00e5 langt virker han \u00e5 ta det hele med knusende ro.<\/p>\n<p>\u2013 I dag fikk vi tidspunktene, s\u00e5 vi skal ta stilling til om vi skal s\u00f8ke om utvidet bevilling eller ikke. Eller rett og slett bare ha \u00e5pent, stenge alkoholserveringen klokka tre, og deretter bare vise kampene.<\/p>\n<p>\u2013 Vi ser jo fram til det, og det blir jo en folkefest, men vi har jo god tid \u00e5 planlegge.<\/p>\n<\/li>\n<\/ul>\n<p>\u2192<\/p>\n<p>\u00d8l-nei klokken 04 i Stavanger?<\/p>\n<p>Men ikke alle er like positive til utvidet skjenking. Stavanger har den siste tiden v\u00e6rt i gullrus med seriemester Viking.<\/p>\n<p>Utesteder har servert egen gull-\u00f8l, men den politiske ledelsen har ikke et sterkt \u00f8nske om \u00e5 utvide skjenketidene til sommeren.<\/p>\n<p><img decoding=\"async\"   src=\"data:image\/gif;base64,R0lGODlhAQABAIAAAAAAAP\/\/\/yH5BAEAAAAALAAAAAABAAEAAAIBRAA7\" loading=\"eager\" alt=\"En mann i hvit skjorte blir intervjuet av en reporter med mikrofon i en m\u00f8rk gang. Kameraet fanger opp situasjonen fra siden. Det er klart at intervjuet skjer i en offentlig setting, sannsynligvis i en transportmiddel. Belysningen setter fokus p\u00e5 mannen som blir intervjuet. (Bildebeskrivelsen er laget av en KI-tjeneste)\" title=\"Foto: \u00d8ystein Otterdal \/ NRK\"\/><\/p>\n<p class=\"\">Varaordf\u00f8rer Henrik Halleland i (KrF).<\/p>\n<p>Foto: \u00d8ystein Otterdal \/ NRK<\/p>\n<p><strong>\u2013 Vi i KrF vil v\u00e6re restriktive med \u00e5 gi tillatelse til \u00e5 utvide skjenketidene i forbindelse med VM-kampene.<\/strong><\/p>\n<p>Det sier varaordf\u00f8rer Henrik Halleland i Stavanger (KrF). Han legger til:<\/p>\n<p>\u2013 Det m\u00e5 vurderes i hvert enkelt tilfelle. Men det er veldig vanskelig \u00e5 si noe allerede n\u00e5 om hvordan vi vil forholde oss til s\u00f8knader om utvidet skjenketider.<\/p>\n<p>B\u00e5de Stavanger og Oslo serverer i dag til klokken 03 p\u00e5 natten.<\/p>\n<p>\u2013 Vi er allerede i ytterkant av alkoholloven. Skal vi tilby skjenking utover klokken 03 s\u00e5 m\u00e5 det gj\u00f8res noe med alkoholloven eller unntak fra den, fra regjeringens side, sier Anita North (H), byr\u00e5d for kultur og n\u00e6ring i Oslo.<\/p>\n<p>North sier hun vi ha en dialog med utestedene f\u00f8r de vurderer en utvidelse.<\/p>\n<p>Les mer om Oslo og andre kommuners tanker om utvidet skjenking:<\/p>\n<p>    \u2190<\/p>\n<ul data-scroll-container=\"\" role=\"list\">\n<li><img alt=\"En kvinne med langt h\u00e5r trukket bakover har p\u00e5 seg svarte kl\u00e6r og st\u00e5r i en korridor\"  width=\"3840\" height=\"2160\" loading=\"lazy\"\/>\n<p>\n        Nadir Alam \/ NRK\n      <\/p>\n<p>Oslo: Anita North, byr\u00e5d for kultur og n\u00e6ring (H)<\/p>\n<p>\u2013 Jeg synes det er veldig g\u00f8y at fotballguttene skal til VM, og det blir folkefest uansett, men det er en vurdering. Noen er veldig opptatt av fotball, andre er opptatt av \u00e5 f\u00e5 sove.<\/p>\n<p>Det er uaktuelt \u00e5 gj\u00f8re noe med grensen utenfor sentrum.<\/p>\n<p>\u2013 Det som eventuelt er aktuelt \u00e5 gj\u00f8re noe med m\u00e5 gjelde sentrum og ikke med den grensen klokken 01 utenfor sentrum.\u00a0Der tenker jeg folk b\u00f8r f\u00e5 sove.<\/p>\n<\/li>\n<li><img alt=\"Bod\u00f8-ordf\u00f8rer Odd Emil Ingebrigtsen i Bod\u00f8\/Glimt-skjerf.\"  width=\"3840\" height=\"2160\" loading=\"lazy\"\/>\n<p>\n        Ola Helness \/ NRK\n      <\/p>\n<p>Bod\u00f8: Ordf\u00f8rer Odd Emil Ingebrigtsen (H)<\/p>\n<p>\u2013 Vi har veldig liberale regler. Det er bare fra 03 til 06 at det ikke er tillatt med skjenking i Bod\u00f8.<\/p>\n<p>Ordf\u00f8reren regner med at utestedene tar kontakt.<\/p>\n<p>\u2013 Vi vil finne gode l\u00f8sninger p\u00e5 dette hvis det blir aktuelt. Med de skjenketidene vi har s\u00e5 ligger det godt til rette for VM-fest i Bod\u00f8, sier han og framhever gode erfaringer med fotballturisme til Bod\u00f8\/Glimt.<\/p>\n<\/li>\n<li><img alt=\"Nils Konrad Bua\"  width=\"3840\" height=\"2162\" loading=\"lazy\"\/>\n<p>\n        Arne Gunnar Olsen\n      <\/p>\n<p>Haugesund: Ordf\u00f8rer Nils Konrad Bua (H)<\/p>\n<p>\u2013 Jeg h\u00e5per det kommer en nasjonal dispensasjon n\u00e5r det gjelder skjenketidene slik at hver enkelt kommune slipper \u00e5 ta stilling til om det g\u00e5r an \u00e5 utvide skjenketidene.<\/p>\n<p>I Haugesund kan utestedene i dag skjenke alkohol frem til klokken 01.30. <\/p>\n<p>\u2013 Vi \u00f8nsker alle som vil skape liv og r\u00f8re i byen velkommen: Vi er flinke \u00e5 feire i Haugesund.<\/p>\n<\/li>\n<li><img alt=\"Jonas Nilsen er ny varaordf\u00f8rer i Krager\u00f8\"  width=\"3840\" height=\"2160\" loading=\"lazy\"\/>\n<p>\n        Lars Tore Endresen \/ NRK\n      <\/p>\n<p>Krager\u00f8: Varaordf\u00f8rer Jonas Nilsen (U) <\/p>\n<p>Varaordf\u00f8reren sier kommunen vil f\u00f8lge utviklingen n\u00f8ye. S\u00e5 langt er han ikke kjent med at det har kommet s\u00f8knader om \u00e5 utvide \u00e5pningstidene fra lokale drivere, men regner med at det kan komme. <\/p>\n<p>\u2013 Norge i VM m\u00e5 selvf\u00f8lgelig feires. Dersom det kommer s\u00f8knader, vil vi vurdere om dette lar seg gj\u00f8re innenfor lovverket, sier han til NRK. <\/p>\n<p>De vil ogs\u00e5 vurdere det kan s\u00f8kes om dispensasjon fra loven.<\/p>\n<\/li>\n<li><img alt=\"en person som sitter ved et bord\"  width=\"3840\" height=\"2160\" loading=\"lazy\"\/>\n<p>\n        Morten Waag\u00f8 \/ NRK\n      <\/p>\n<p>Trondheim: Byr\u00e5dsleder Kjetil Reinskou (H)<\/p>\n<p>\u2013 Vi m\u00e5 se p\u00e5 muligheter for \u00e5 endre skjenketida under VM i fotball. Norge i VM er stort og vi m\u00e5 gj\u00f8re det vi kan for \u00e5 skape en folkefest ogs\u00e5 lokalt<\/p>\n<p>\u2013 Erfaringene med \u00e5 utvide skjenketiden til 03.00 i helgene er gode og viser at vi har en lokal n\u00e6ring som forvalter den tilliten vi gav dem der p\u00e5 en god m\u00e5te. Det vil de ogs\u00e5 gj\u00f8re om de f\u00e5r mer frihet under VM i fotball.<\/p>\n<\/li>\n<li><img alt=\"Ordf\u00f8rer i T\u00f8nsberg Frank Pedersen.\"  width=\"3840\" height=\"2160\" loading=\"lazy\"\/>\n<p>\n        Hans Ivar Moss Kolseth\n      <\/p>\n<p>T\u00f8nsberg: Ordf\u00f8rer Frank Pedersen (H)<\/p>\n<p>I T\u00f8nsberg skjenkes alkohol til klokken 03 fra midten av mai til slutten av august. <\/p>\n<p>Ordf\u00f8rer Frank Pedersen (H) sier de kommer til \u00e5 g\u00e5 i dialog med n\u00e6ringen for \u00e5 h\u00f8re hva de \u00f8nsker. <\/p>\n<p>\u2013 Er det et \u00f8nske m\u00e5 det behandles som en dispensasjonss\u00f8knad. Stortinget b\u00f8r ta en spesiell vurdering grunnet fotball-VM, sier han.<\/p>\n<\/li>\n<li><img alt=\"Varaordf\u00f8rer Henrik Halleland (KrF) er fungerende ordf\u00f8rer i Stavanger.\"  width=\"3840\" height=\"2155\" loading=\"lazy\"\/>\n<p>\n        \u00d8ystein Otterdal \/ NRK\n      <\/p>\n<p>Stavanger: Varaordf\u00f8rer Henrik Halleland (KrF)<\/p>\n<p>\u2013 Vi i KrF vil v\u00e6re restriktive med \u00e5 gi tillatelse til \u00e5 utvide skjenketidene i forbindelse med VM-kampene.<\/p>\n<p>Stavanger har i dag skjenking til klokken 03 p\u00e5 natten. <\/p>\n<p>\u2013 Det m\u00e5 vurderes i hvert enkelt tilfelle. Men det er veldig vanskelig \u00e5 si noe allerede n\u00e5 om hvordan vi vil forholde oss til s\u00f8knader om utvidet skjenketider.<\/p>\n<\/li>\n<\/ul>\n<p>\u2192<\/p>\n<p>Selv om kampene g\u00e5r til relativt normal tid p\u00e5 \u00f8stkysten av USA, s\u00e5 gj\u00f8r tidsforskjellen at to av kampene blir spilt midt p\u00e5 natta her hjemme.<\/p>\n<p>17. juni vil Norge m\u00f8te vinneren av Irak, Bolivia og Surinam og avspark er klokken 18 lokal tid. Eller midnatt i Norge.<\/p>\n<p>Vil du f\u00e5 med deg kampen mot Senegal m\u00e5 du belage deg p\u00e5 \u00e5 holde deg oppe enda senere. Da starter kampen klokken 2 p\u00e5 natta norsk tid.<\/p>\n<ul class=\"_dh-fotballvm-2026-v1_kamper\">\n<li class=\"_dh-fotballvm-2026-v1_kamp\">\n<p>\n        21:00<\/p>\n<p class=\"_dh-fotballvm-2026-v1_kamp--lag\">Frankrike  \u2013  Senegal<\/p>\n<p class=\"_dh-fotballvm-2026-v1_kamp--sted\">New York<\/p>\n<\/li>\n<li class=\"_dh-fotballvm-2026-v1_kamp\">\n<\/li>\n<li class=\"_dh-fotballvm-2026-v1_kamp\">\n<p>\n        23:00<\/p>\n<p class=\"_dh-fotballvm-2026-v1_kamp--lag\">Frankrike  \u2013  FIFA 2*<\/p>\n<p class=\"_dh-fotballvm-2026-v1_kamp--sted\">Philadelphia<\/p>\n<\/li>\n<li class=\"_dh-fotballvm-2026-v1_kamp\">\n<p>\n        02:00<\/p>\n<p class=\"_dh-fotballvm-2026-v1_kamp--lag\">Norge  \u2013  Senegal<\/p>\n<p class=\"_dh-fotballvm-2026-v1_kamp--sted\">New York<\/p>\n<\/li>\n<li class=\"_dh-fotballvm-2026-v1_kamp\">\n<p>\n        21:00<\/p>\n<p class=\"_dh-fotballvm-2026-v1_kamp--lag\">Norge  \u2013  Frankrike<\/p>\n<p class=\"_dh-fotballvm-2026-v1_kamp--sted\">Boston<\/p>\n<\/li>\n<li class=\"_dh-fotballvm-2026-v1_kamp\">\n<p>\n        21:00<\/p>\n<p class=\"_dh-fotballvm-2026-v1_kamp--lag\">Senegal  \u2013  FIFA 2*<\/p>\n<p class=\"_dh-fotballvm-2026-v1_kamp--sted\">Toronto<\/p>\n<\/li>\n<\/ul>\n<p>*FIFA play-off 2: Bolivia, Surinam og Irak. Avgj\u00f8res i mars.<\/p>\n<p>Publisert<\/p>\n<p>07.12.2025, kl. 18.47<\/p>\n","protected":false},"excerpt":{"rendered":"Natt til 23. juni kan Norge potensielt avansere til sluttspillet i VM klokken 4 om natten. Det kan&hellip;\n","protected":false},"author":2,"featured_media":106765,"comment_status":"","ping_status":"","sticky":false,"template":"","format":"standard","meta":{"footnotes":""},"categories":[59],"tags":[30,28,29,83,82],"class_list":{"0":"post-106764","1":"post","2":"type-post","3":"status-publish","4":"format-standard","5":"has-post-thumbnail","7":"category-sport","8":"tag-no","9":"tag-norge","10":"tag-norway","11":"tag-sport","12":"tag-sports"},"share_on_mastodon":{"url":"https:\/\/pubeurope.com\/@no\/115679621457004588","error":""},"_links":{"self":[{"href":"https:\/\/www.europesays.com\/no\/wp-json\/wp\/v2\/posts\/106764","targetHints":{"allow":["GET"]}}],"collection":[{"href":"https:\/\/www.europesays.com\/no\/wp-json\/wp\/v2\/posts"}],"about":[{"href":"https:\/\/www.europesays.com\/no\/wp-json\/wp\/v2\/types\/post"}],"author":[{"embeddable":true,"href":"https:\/\/www.europesays.com\/no\/wp-json\/wp\/v2\/users\/2"}],"replies":[{"embeddable":true,"href":"https:\/\/www.europesays.com\/no\/wp-json\/wp\/v2\/comments?post=106764"}],"version-history":[{"count":0,"href":"https:\/\/www.europesays.com\/no\/wp-json\/wp\/v2\/posts\/106764\/revisions"}],"wp:featuredmedia":[{"embeddable":true,"href":"https:\/\/www.europesays.com\/no\/wp-json\/wp\/v2\/media\/106765"}],"wp:attachment":[{"href":"https:\/\/www.europesays.com\/no\/wp-json\/wp\/v2\/media?parent=106764"}],"wp:term":[{"taxonomy":"category","embeddable":true,"href":"https:\/\/www.europesays.com\/no\/wp-json\/wp\/v2\/categories?post=106764"},{"taxonomy":"post_tag","embeddable":true,"href":"https:\/\/www.europesays.com\/no\/wp-json\/wp\/v2\/tags?post=106764"}],"curies":[{"name":"wp","href":"https:\/\/api.w.org\/{rel}","templated":true}]}}