{"id":106770,"date":"2025-12-07T18:16:18","date_gmt":"2025-12-07T18:16:18","guid":{"rendered":"https:\/\/www.europesays.com\/no\/106770\/"},"modified":"2025-12-07T18:16:18","modified_gmt":"2025-12-07T18:16:18","slug":"ole-gustav-gjekstad-tar-nytt-steg-i-forholdet-med-kjaeresten","status":"publish","type":"post","link":"https:\/\/www.europesays.com\/no\/106770\/","title":{"rendered":"Ole Gustav Gjekstad tar nytt steg i forholdet med kj\u00e6resten"},"content":{"rendered":"<p class=\"kicker \" style=\"\">H\u00e5ndball-sjefen m\u00e5tte pendle til kj\u00e6resten<\/p>\n<p>  Den nye sjefen for h\u00e5ndballjentene har allerede hatt mange suksesser som trener. Men ogs\u00e5 utenfor banen er livet ganske \u00e5lreit.<\/p>\n<p>\n    PAR I HJERTER: Ole Gustav har i flere \u00e5r v\u00e6rt kj\u00e6reste med Katrine H\u00f8yland fra Kristiansand. Er hun heldig kan han komme hjem til jul med gullmedalje i bagasjen. Foto: Privat\n  <\/p>\n<p><a href=\"https:\/\/www.seher.no\/kjendis\/klar-for-vm-som-president\/83897698\" rel=\"nofollow noopener\" target=\"_blank\">Ole Gustav Gjekstad<\/a> (57) er et kjent navn i enkelte kretser \u2013 men n\u00e5 kommer han nok til \u00e5 f\u00e5 et langt st\u00f8rre publikum.\u00a0<\/p>\n<p>N\u00e5 er han inne i sitt f\u00f8rste VM som landslagssjef, etter \u00e5 ha overtatt jobben til Thorir Helgeirsson (61). <\/p>\n<p>    <a itemprop=\"url\" href=\"https:\/\/www.seher.no\/kjendis\/jeg-har-fatt-ny-jobb\/83928359\" rel=\"nofollow noopener\" target=\"_blank\"><\/p>\n<p>      <img loading=\"lazy\" decoding=\"async\" src=\"https:\/\/www.europesays.com\/no\/wp-content\/uploads\/2025\/12\/1765131371_596_83889343.webp\" width=\"147\" height=\"98\" title=\"- Jeg har f\u00e5tt ny jobb\" alt=\"\" class=\"lazyload\" style=\"--aspect-ratio-image: 1.50; \"\/><\/p>\n<p>        &#8211; Jeg har f\u00e5tt ny jobb<\/p>\n<p>    <\/a><\/p>\n<p>Og det er jammen store sko han skal fylle &#8211; Thorir ledet Norges h\u00e5ndballdamer i 20 internasjonale mesterskap og tok vanvittige elleve mesterskapsgull.<\/p>\n<p>          <img loading=\"lazy\" decoding=\"async\" src=\"https:\/\/www.europesays.com\/no\/wp-content\/uploads\/2025\/12\/83931760.webp\" width=\"686\" height=\"666\" title=\"SJEFSDUOEN: Ole Gustav setter um\u00e5telig pris p\u00e5 \u00e5 samarbeide med Tonje. \u2013 Vi kjenner hverandre godt, og hun sitter p\u00e5 enorm erfaring. Det er en trygghet \u00e5 ha henne i teamet, sier han. Foto: Shad Madian\" alt=\"\" class=\"\" style=\"--aspect-ratio-image: 1.03; \"\/><\/p>\n<p>\n          SJEFSDUOEN: Ole Gustav setter um\u00e5telig pris p\u00e5 \u00e5 samarbeide med Tonje. \u2013 Vi kjenner hverandre godt, og hun sitter p\u00e5 enorm erfaring. Det er en trygghet \u00e5 ha henne i teamet, sier han. Foto: Shad Madian\n      <\/p>\n<p>Nye impulser\t<\/p>\n<p>Tidligere har han trent herrelaget til Drammen HK, og kvinnelagene Larvik HK, Vipers Kristiansand og danske Odense. <\/p>\n<p>&#8211; Jeg har en rutinert spillergruppe og et lederteam som kan dette. Det gir trygghet. Jeg kommer inn med noen nye impulser, men mest handler det om \u00e5 videreutvikle det som allerede fungerer, sa Ole Gustav til Se og H\u00f8r f\u00f8r VM. <\/p>\n<p>          <img loading=\"lazy\" decoding=\"async\" src=\"https:\/\/www.europesays.com\/no\/wp-content\/uploads\/2025\/12\/83931772.webp\" width=\"686\" height=\"515\" title=\"Jublet for gull: I 2023 kunne Vipers Kristiansand juble for gull etter seier i Champions League-finalen mot ungarske Ferencv\u00e1rosi TC. Ole Gustav var trener. Foto: NTB\" alt=\"\" class=\"\" style=\"--aspect-ratio-image: 1.33; \"\/><\/p>\n<p>\n          Jublet for gull: I 2023 kunne Vipers Kristiansand juble for gull etter seier i Champions League-finalen mot ungarske Ferencv\u00e1rosi TC. Ole Gustav var trener. Foto: NTB\n      <\/p>\n<p>Men livet handler om mer enn h\u00e5ndball. Sandefjord-mannen har to voksne barn, og er kj\u00e6reste med Katrine H\u00f8yland (44), tidligere toppkeeper fra Kristiansand.<\/p>\n<p>De har v\u00e6rt et par i flere \u00e5r, selv om de ikke har bodd p\u00e5 samme sted.<\/p>\n<p>        NY SESONG: \u00abAlle elsker David\u00bb gj\u00f8r endringer i sin syvende sesong. Video: TV 2\/ Danny Son Ngoc To \/ Thea Hope\/ R\u00f8d L\u00f8per<\/p>\n<p>\u2013 Jeg har det veldig \u00e5lreit privat, sier landslagssjefen. <\/p>\n<p class=\"font-weight-bold m-font-weight-bold\" data-lab-font_weight=\"font-weight-bold\">Tidligere i \u00e5r kunne lokalavisen V\u00e5rtOslo avsl\u00f8re Ole Gustav og Katrine har kj\u00f8pt seg leilighet sammen p\u00e5 Voksen\u00e5sen i Oslo vest.<\/p>\n<p>    <a itemprop=\"url\" href=\"https:\/\/www.seher.no\/kjendis\/innrommer-utroskap\/83935193\" rel=\"nofollow noopener\" target=\"_blank\"><\/p>\n<p>      <img loading=\"lazy\" decoding=\"async\" src=\"https:\/\/www.europesays.com\/no\/wp-content\/uploads\/2025\/12\/1765131377_314_83934986.webp\" width=\"980\" height=\"441\" title=\"Innr\u00f8mmer utroskap\" alt=\"\" class=\"lazyload\" style=\"--aspect-ratio-image: 2.22; \"\/><\/p>\n<p>        Innr\u00f8mmer utroskap<\/p>\n<p>    <\/a><\/p>\n<p>Ole Gustav har hatt lange perioder utenfor idretten. Og overgangen fra klubbtrener til landslagssjef har v\u00e6rt merkbar.<\/p>\n<p>\u2013 Det er en veldig stor forskjell. Fra to tellende kamper i uka til \u00e5 g\u00e5 og sparke litt i grusen f\u00f8r et mesterskap starter. Men jeg liker overgangen, innr\u00f8mmer han. <\/p>\n<p>          <img loading=\"lazy\" decoding=\"async\" src=\"https:\/\/www.europesays.com\/no\/wp-content\/uploads\/2025\/12\/83931782.webp\" width=\"686\" height=\"659\" title=\"N\u00d8KKELSPILLER: Nora M\u00f8rk (34) er tilbake p\u00e5 landslaget etter at hun fikk datteren Tyra i mai. \u2013 Vi skal bruke Nora fornuftig i dette mesterskapet, sier Ole Gustav \u2013 som s\u00e5 Team Esbjerg-stjernen under en turnering i h\u00f8st. Foto: NTB\" alt=\"\" class=\"\" style=\"--aspect-ratio-image: 1.04; \"\/><\/p>\n<p>\n          N\u00d8KKELSPILLER: Nora M\u00f8rk (34) er tilbake p\u00e5 landslaget etter at hun fikk datteren Tyra i mai. \u2013 Vi skal bruke Nora fornuftig i dette mesterskapet, sier Ole Gustav \u2013 som s\u00e5 Team Esbjerg-stjernen under en turnering i h\u00f8st. Foto: NTB\n      <\/p>\n<p>\u2013 Det presset vi legger p\u00e5 oss selv er mye st\u00f8rre enn det utenfra. Og det skal v\u00e6re der!<\/p>\n<p>I m\u00f8tet med Se og H\u00f8r er ogs\u00e5 Tonje Larsen til stede. Den tidligere landslagsstjernen var assistent under Thorir, n\u00e5 er hun Ole Gustavs nestkommanderende. <\/p>\n<p>        KLINTE TIL: Artist Adrian Sellevoll kliner til i f\u00f8rste episode av \u00abRampenissen\u00bb, og r\u00f8per at han ble singel rett etter innspillingen. Reporter: Sanne Holt. Video: TV 2\/ \u00abRampenissen\u00bb\/ Sanne Holt\/ Vicotoria L\u00f8vik\/ R\u00f8d L\u00f8per<\/p>\n<p>De er gamle kjente \u2013 da han trente Larvik under storhetstiden, var hun en av n\u00f8kkelspillerne hans. <\/p>\n<p>\u2013 Jeg kalte henne \u00abDronninga\u00bb den gangen. Ha-ha. Det var egentlig hun som var sjefen i Larvik, sier han humrende.<\/p>\n","protected":false},"excerpt":{"rendered":"H\u00e5ndball-sjefen m\u00e5tte pendle til kj\u00e6resten Den nye sjefen for h\u00e5ndballjentene har allerede hatt mange suksesser som trener. Men&hellip;\n","protected":false},"author":2,"featured_media":106771,"comment_status":"","ping_status":"","sticky":false,"template":"","format":"standard","meta":{"footnotes":""},"categories":[59],"tags":[4104,479,30,28,29,1527,83,82,13319],"class_list":{"0":"post-106770","1":"post","2":"type-post","3":"status-publish","4":"format-standard","5":"has-post-thumbnail","7":"category-sport","8":"tag-eksklusivt","9":"tag-kjendis","10":"tag-no","11":"tag-norge","12":"tag-norway","13":"tag-ole-gustav-gjekstad","14":"tag-sport","15":"tag-sports","16":"tag-thorir-hergeirsson"},"share_on_mastodon":{"url":"https:\/\/pubeurope.com\/@no\/115679657144903448","error":""},"_links":{"self":[{"href":"https:\/\/www.europesays.com\/no\/wp-json\/wp\/v2\/posts\/106770","targetHints":{"allow":["GET"]}}],"collection":[{"href":"https:\/\/www.europesays.com\/no\/wp-json\/wp\/v2\/posts"}],"about":[{"href":"https:\/\/www.europesays.com\/no\/wp-json\/wp\/v2\/types\/post"}],"author":[{"embeddable":true,"href":"https:\/\/www.europesays.com\/no\/wp-json\/wp\/v2\/users\/2"}],"replies":[{"embeddable":true,"href":"https:\/\/www.europesays.com\/no\/wp-json\/wp\/v2\/comments?post=106770"}],"version-history":[{"count":0,"href":"https:\/\/www.europesays.com\/no\/wp-json\/wp\/v2\/posts\/106770\/revisions"}],"wp:featuredmedia":[{"embeddable":true,"href":"https:\/\/www.europesays.com\/no\/wp-json\/wp\/v2\/media\/106771"}],"wp:attachment":[{"href":"https:\/\/www.europesays.com\/no\/wp-json\/wp\/v2\/media?parent=106770"}],"wp:term":[{"taxonomy":"category","embeddable":true,"href":"https:\/\/www.europesays.com\/no\/wp-json\/wp\/v2\/categories?post=106770"},{"taxonomy":"post_tag","embeddable":true,"href":"https:\/\/www.europesays.com\/no\/wp-json\/wp\/v2\/tags?post=106770"}],"curies":[{"name":"wp","href":"https:\/\/api.w.org\/{rel}","templated":true}]}}