{"id":106774,"date":"2025-12-07T18:24:11","date_gmt":"2025-12-07T18:24:11","guid":{"rendered":"https:\/\/www.europesays.com\/no\/106774\/"},"modified":"2025-12-07T18:24:11","modified_gmt":"2025-12-07T18:24:11","slug":"kraftig-okning-ol-turen-blir-dyrere","status":"publish","type":"post","link":"https:\/\/www.europesays.com\/no\/106774\/","title":{"rendered":"Kraftig \u00f8kning: OL-turen blir dyrere"},"content":{"rendered":"<p class=\"kicker bg-cyan color_mobile_bg-cyan hasTextPadding mobile-hasTextPadding\" style=\"\">Reise<\/p>\n<p>  Milano \u00f8ker turistskatten fra neste \u00e5r. Hotelln\u00e6ringen frykter at bes\u00f8kstallene vil falle.<\/p>\n<p>\n    VINTER-OL: Hans Christer Holund og Johannes H\u00f8sflot Kl\u00e6bo under langrenn 30 km fristil for menn under vinter-OL i Beijing 2022. Om f\u00e5 m\u00e5neder er det duket for vinter-OL i Italia. Foto: Fredrik Varfjell \/ NT\n  <\/p>\n<p>    Kort fortalt<\/p>\n<p lang=\"nb-NO\">Milano \u00f8ker turistskatten betydelig i 2026 f\u00f8r vinter-OL.<\/p>\n<p lang=\"nb-NO\">Hotellpriser vil stige, noe som bekymrer hotelln\u00e6ringen.<\/p>\n<p lang=\"nb-NO\">\u00d8kningen kan p\u00e5virke antall bes\u00f8kende negativt.<\/p>\n<p lang=\"nb-NO\">Inntektene skal delvis finansiere OL-prosjekter.<\/p>\n<p class=\"italic ai-disclaimer\" data-lab-italic=\"italic\">Sammendraget er laget av ChatGPT og godkjent av DinSide.<\/p>\n<p>      Vis mer<br \/>\n      Vis mindre<\/p>\n<p>Neste \u00e5r er det duket for vinter-OL i Milano og Cortina i Italia, men bare dr\u00f8yt to m\u00e5neder f\u00f8r vinterlekene g\u00e5r av stabelen, tar byr\u00e5det i Milano et grep som skaper sterke reaksjoner i hotellbransjen, skriver bransjenettstedet\u00a0<a href=\"https:\/\/www.tourinews.es\/resumen-de-prensa\/notas-de-prensa-destinos-turismo\/milan-aplicara-subidas-100-por-ciento-tasa-turistica-2026-financiar-juegos-olimpicos_4489609_102.html\" class=\"\" rel=\"nofollow noopener\" target=\"_blank\">Tourinews<\/a>. <\/p>\n<p>Nylig vedtok byr\u00e5det nemlig en betydelig \u00f8kning i turistskatten i 2026.<\/p>\n<p>        HARDT: Vi testet det nye treningskonseptet \u00abHyrox\u00bb, og kan med h\u00f8y selvtillit innr\u00f8mme at det var tungt! Video: Embla Hjort-Larsen \/ Frida Tvedte Matre. <\/p>\n<p>Saken er ogs\u00e5 omtalt av <a href=\"https:\/\/flysmart24.no\/2025\/11\/17\/prissjokk-byen-dobler-turistskatten\/\" rel=\"nofollow noopener\" target=\"_blank\">Flysmart24<\/a>, som skriver at \u00f8kningen betyr at den italienske byen blir blant de europeiske storbyene med den h\u00f8yeste turistskatten.<\/p>\n<p>Ferien blir dyrere\t<\/p>\n<p>Fra 1. januar 2026 vil skatten \u00f8ke kraftig for alle typer overnatting i Milano, byen hvor det <a href=\"https:\/\/www.dagbladet.no\/sport\/vi-er-tilbake\/83859516\" rel=\"nofollow noopener\" target=\"_blank\">norske herrelandslaget nylig sikret billett til sitt f\u00f8rste VM p\u00e5 28 \u00e5r<\/a>.<\/p>\n<p>Et opphold p\u00e5 et trestjerners hotell vil koste 7,40 euro, snaut 90 kroner, per natt i skatt, mens fire- og femstjerners hoteller f\u00e5r en sats p\u00e5 10 euro, rundt 117 kroner per natt, mot tidligere 7 euro for hotell. Det tilsvarer en \u00f8kning p\u00e5 over 40 prosent.<\/p>\n<p> I tillegg \u00f8ker turistskatten for korttidsutleie fra 6,30 euro (75 kroner) til 9,50 euro (110 kroner). <\/p>\n<p> \u00d8kningen vil gj\u00f8re oppholdet dyrere for nordmenn som har tenkt seg til vertskapsbyen i februar for \u00e5 f\u00f8lge de norske OL-heltene p\u00e5 n\u00e6rt hold.<\/p>\n<p>    <a itemprop=\"url\" href=\"https:\/\/dinside.dagbladet.no\/reise\/bytter-snart-drakter\/83869381\" rel=\"nofollow noopener\" target=\"_blank\"><\/p>\n<p>      <img loading=\"lazy\" decoding=\"async\" src=\"https:\/\/www.europesays.com\/no\/wp-content\/uploads\/2025\/12\/1765131851_654_83869784.webp\" width=\"980\" height=\"441\" title=\"Bytter\" alt=\"\" class=\"lazyload\" style=\"--aspect-ratio-image: 2.22; \"\/><\/p>\n<p>        Bytter<\/p>\n<p>    <\/a><\/p>\n<p>\u00d8kningen kommer i kj\u00f8lvannet av et regjeringsdekret knyttet til OL, som tillater kommuner i Lombardia og Veneto, som ligger rundt 30 kilometer fra OL-byene, \u00e5 heve turistskatten med opptil 5 euro, snaut 60 kroner, per natt.<\/p>\n<p>Halvparten av inntektene skal g\u00e5 til turisme og bevaring av kultur og milj\u00f8, mens resten skal finansiere OL-prosjekter.<\/p>\n<p>Frykter f\u00e6rre bes\u00f8kende under OL\t<\/p>\n<p>Hotelln\u00e6ringen er sv\u00e6rt kritisk til vedtaket. Spesielt ettersom \u00f8kningen i f\u00f8rste omgang bare vil gjelde i OL-\u00e5ret 2026.<\/p>\n<p>Representanter for bransjen mener at byen behandler turismen som en \u00abpengemaskin\u00bb i forbindelse med OL, if\u00f8lge nettstedet <a href=\"https:\/\/www.travelandtourworld.com\/news\/article\/milans-new-tourist-tax-rates-set-to-significantly-impact-travelers-and-tourism-industry-as-the-city-prepares-for-the-2026-winter-olympics-stirring-controversy-and-concern-among-hoteliers\/\" rel=\"nofollow noopener\" target=\"_blank\">Travel and Tour World<\/a>.<\/p>\n<p>De advarer om at de h\u00f8yere prisene vil ramme familier og andre reisende som allerede sliter med \u00f8kte reisekostnader. S\u00e6rlig bekymret er n\u00e6ringen for virkningen p\u00e5 forretningsturismen, som er sv\u00e6rt prissensitiv.<\/p>\n<p>Skatte\u00f8kningen kommer bare m\u00e5neder etter at Milano hevet turistskatten med 2 euro i november 2024. Den nye \u00f8kningen i 2026 representerer imidlertid en langt mer omfattende endring.<\/p>\n","protected":false},"excerpt":{"rendered":"Reise Milano \u00f8ker turistskatten fra neste \u00e5r. Hotelln\u00e6ringen frykter at bes\u00f8kstallene vil falle. VINTER-OL: Hans Christer Holund og&hellip;\n","protected":false},"author":2,"featured_media":106775,"comment_status":"","ping_status":"","sticky":false,"template":"","format":"standard","meta":{"footnotes":""},"categories":[59],"tags":[1991,4869,30,28,29,1992,83,82,6776,3428],"class_list":{"0":"post-106774","1":"post","2":"type-post","3":"status-publish","4":"format-standard","5":"has-post-thumbnail","7":"category-sport","8":"tag-ferie","9":"tag-milano","10":"tag-no","11":"tag-norge","12":"tag-norway","13":"tag-reise","14":"tag-sport","15":"tag-sports","16":"tag-turistskatt","17":"tag-vinter-ol"},"share_on_mastodon":{"url":"https:\/\/pubeurope.com\/@no\/115679688467756664","error":""},"_links":{"self":[{"href":"https:\/\/www.europesays.com\/no\/wp-json\/wp\/v2\/posts\/106774","targetHints":{"allow":["GET"]}}],"collection":[{"href":"https:\/\/www.europesays.com\/no\/wp-json\/wp\/v2\/posts"}],"about":[{"href":"https:\/\/www.europesays.com\/no\/wp-json\/wp\/v2\/types\/post"}],"author":[{"embeddable":true,"href":"https:\/\/www.europesays.com\/no\/wp-json\/wp\/v2\/users\/2"}],"replies":[{"embeddable":true,"href":"https:\/\/www.europesays.com\/no\/wp-json\/wp\/v2\/comments?post=106774"}],"version-history":[{"count":0,"href":"https:\/\/www.europesays.com\/no\/wp-json\/wp\/v2\/posts\/106774\/revisions"}],"wp:featuredmedia":[{"embeddable":true,"href":"https:\/\/www.europesays.com\/no\/wp-json\/wp\/v2\/media\/106775"}],"wp:attachment":[{"href":"https:\/\/www.europesays.com\/no\/wp-json\/wp\/v2\/media?parent=106774"}],"wp:term":[{"taxonomy":"category","embeddable":true,"href":"https:\/\/www.europesays.com\/no\/wp-json\/wp\/v2\/categories?post=106774"},{"taxonomy":"post_tag","embeddable":true,"href":"https:\/\/www.europesays.com\/no\/wp-json\/wp\/v2\/tags?post=106774"}],"curies":[{"name":"wp","href":"https:\/\/api.w.org\/{rel}","templated":true}]}}