{"id":106782,"date":"2025-12-07T18:38:14","date_gmt":"2025-12-07T18:38:14","guid":{"rendered":"https:\/\/www.europesays.com\/no\/106782\/"},"modified":"2025-12-07T18:38:14","modified_gmt":"2025-12-07T18:38:14","slug":"nyheter-hytte-har-kjopt-hytte-for-27-millioner-av-aksel-lund-svindal-selskap","status":"publish","type":"post","link":"https:\/\/www.europesays.com\/no\/106782\/","title":{"rendered":"Nyheter, Hytte | Har kj\u00f8pt hytte for 27 millioner av Aksel Lund Svindal-selskap"},"content":{"rendered":"\n<p>Det er <a href=\"https:\/\/www.dn.no\/eiendom\/aksel-lund-svindal\/hafjell\/hytte\/glava-arving-har-kjopt-hafjell-hytte-av-aksel-lund-svindal-selskap\/2-1-1912464\" rel=\"Follow nofollow noopener\" target=\"_blank\">Dagens N\u00e6ringsliv<\/a> som skriver om hyttesalget p\u00e5 Mosetertoppen.<\/p>\n<p>If\u00f8lge avisen er det Ole Richard Anfinnsen, en av arvingene til isolasjonsselskapet Glava, som har sikret seg eiendommen. Kj\u00f8pet ble gjort gjennom et selskap knyttet til Aksel Lund Svindal, som etter idrettskarrieren har v\u00e6rt sv\u00e6rt aktiv som investor, blant annet innen eiendomsutvikling i fjellet.<\/p>\n<p>Det er selskapet Teraks som har solgt eiendommen Lekkjet 8. Selskapet er likt fordelt p\u00e5 tidligere toppalpinist Aksel Lund Svindal (42) og eiendomsutvikler Terje Gjeisklids (54) respektive investeringsselskaper.<\/p>\n<p>Selskapet kj\u00f8pte tomta for ett \u00e5r siden for 6 millioner kroner. Tomta er p\u00e5 769 kvadratmeter og ligger like nedenfor hyttetomtene til fotballspillerne Martin \u00d8degaard, Sander Berge og Stefan Strandberg.<\/p>\n<p>  <a href=\"https:\/\/www.gd.no\/5-18-2162101\" class=\"related-teaser has-image default-story-teaser article--c-eRUmMG article--c-eRUmMG-jKCPdD-design-default\" rel=\"nofollow noopener\" target=\"_blank\"><\/p>\n<p>    <img decoding=\"async\" loading=\"lazy\"  src=\"https:\/\/www.europesays.com\/no\/wp-content\/uploads\/2025\/12\/Sander+berge.jpg\" alt=\"\" class=\"brick-c-cFOWSL\" style=\"\"\/><\/p>\n<p>\n            Les ogs\u00e5<\/p>\n<p>              Landslagsprofilene blir hyttenaboer i Hafjell\n        <\/p>\n<p>  <\/a><\/p>\n","protected":false},"excerpt":{"rendered":"Det er Dagens N\u00e6ringsliv som skriver om hyttesalget p\u00e5 Mosetertoppen. If\u00f8lge avisen er det Ole Richard Anfinnsen, en&hellip;\n","protected":false},"author":2,"featured_media":106783,"comment_status":"","ping_status":"","sticky":false,"template":"","format":"standard","meta":{"footnotes":""},"categories":[59],"tags":[36,5327,5258,30,28,29,14,1429,83,82,1510],"class_list":{"0":"post-106782","1":"post","2":"type-post","3":"status-publish","4":"format-standard","5":"has-post-thumbnail","7":"category-sport","8":"tag-art","9":"tag-hafjell","10":"tag-hytte","11":"tag-no","12":"tag-norge","13":"tag-norway","14":"tag-nyheter","15":"tag-oyer","16":"tag-sport","17":"tag-sports","18":"tag-story"},"share_on_mastodon":{"url":"https:\/\/pubeurope.com\/@no\/115679743513807642","error":""},"_links":{"self":[{"href":"https:\/\/www.europesays.com\/no\/wp-json\/wp\/v2\/posts\/106782","targetHints":{"allow":["GET"]}}],"collection":[{"href":"https:\/\/www.europesays.com\/no\/wp-json\/wp\/v2\/posts"}],"about":[{"href":"https:\/\/www.europesays.com\/no\/wp-json\/wp\/v2\/types\/post"}],"author":[{"embeddable":true,"href":"https:\/\/www.europesays.com\/no\/wp-json\/wp\/v2\/users\/2"}],"replies":[{"embeddable":true,"href":"https:\/\/www.europesays.com\/no\/wp-json\/wp\/v2\/comments?post=106782"}],"version-history":[{"count":0,"href":"https:\/\/www.europesays.com\/no\/wp-json\/wp\/v2\/posts\/106782\/revisions"}],"wp:featuredmedia":[{"embeddable":true,"href":"https:\/\/www.europesays.com\/no\/wp-json\/wp\/v2\/media\/106783"}],"wp:attachment":[{"href":"https:\/\/www.europesays.com\/no\/wp-json\/wp\/v2\/media?parent=106782"}],"wp:term":[{"taxonomy":"category","embeddable":true,"href":"https:\/\/www.europesays.com\/no\/wp-json\/wp\/v2\/categories?post=106782"},{"taxonomy":"post_tag","embeddable":true,"href":"https:\/\/www.europesays.com\/no\/wp-json\/wp\/v2\/tags?post=106782"}],"curies":[{"name":"wp","href":"https:\/\/api.w.org\/{rel}","templated":true}]}}