{"id":106788,"date":"2025-12-07T18:52:10","date_gmt":"2025-12-07T18:52:10","guid":{"rendered":"https:\/\/www.europesays.com\/no\/106788\/"},"modified":"2025-12-07T18:52:10","modified_gmt":"2025-12-07T18:52:10","slug":"strombrudd-tensio-stort-strombrudd-i-inderoy-na-har-flere-fatt-strommen-tilbake","status":"publish","type":"post","link":"https:\/\/www.europesays.com\/no\/106788\/","title":{"rendered":"Str\u00f8mbrudd, Tensio | Stort str\u00f8mbrudd i Inder\u00f8y \u2013 n\u00e5 har flere f\u00e5tt str\u00f8mmen tilbake"},"content":{"rendered":"\n<p><b>INDER\u00d8Y: <\/b>Tensio melder om et stort str\u00f8mbrudd i Inder\u00f8y. N\u00e6rmere 2.000 abonnenter mistet str\u00f8mmen klokken 18.14, og like f\u00f8r klokken 19 er fortsatt 170 abonnenter uten str\u00f8m.<\/p>\n<p>Str\u00f8mbruddet har rammet abonnenter i omr\u00e5det Straumen-Verdalsgrenda.<\/p>\n<p>\u2013 Tensio har registrert at det har skjedd et avbrudd i str\u00f8mforsyningen i dette omr\u00e5det. Vi beklager avbruddet og v\u00e5re mont\u00f8rer er utsendt for \u00e5 gjennopprette str\u00f8mforsyningen s\u00e5 raskt som mulig, heter det p\u00e5 Tensio sine nettsider.<\/p>\n<p>Forel\u00f8pig rettetid er satt til klokken 21.00.<\/p>\n<p>Pressevakt Ole Marius Ingvaldsen i Tensio sier at man forel\u00f8pig ikke vet \u00e5rsaken til str\u00f8mbruddet.<\/p>\n<p>&#8211; Vi vet det er snakk om feil p\u00e5 en kabel, men vi vet ikke hvor feilen er. Mannskaper er p\u00e5 tur ut, sier Ingvaldsen.<\/p>\n<p>Han sier videre at s\u00e5 lenge Tensio ikke vet hvor feilen er, kan det hende at flere abonnenter vil merke at lyset blinker og at str\u00f8mmen g\u00e5r n\u00e5r det gj\u00f8res feils\u00f8king.<\/p>\n","protected":false},"excerpt":{"rendered":"INDER\u00d8Y: Tensio melder om et stort str\u00f8mbrudd i Inder\u00f8y. N\u00e6rmere 2.000 abonnenter mistet str\u00f8mmen klokken 18.14, og like&hellip;\n","protected":false},"author":2,"featured_media":3842,"comment_status":"","ping_status":"","sticky":false,"template":"","format":"standard","meta":{"footnotes":""},"categories":[10],"tags":[9062,36,20,21,24,25,15,9061,22,23,13,30,28,29,14,16,1510,2245,8471,26,27],"class_list":{"0":"post-106788","1":"post","2":"type-post","3":"status-publish","4":"format-standard","5":"has-post-thumbnail","7":"category-norge","8":"tag-ta-in","9":"tag-art","10":"tag-breaking-news","11":"tag-breakingnews","12":"tag-featured-news","13":"tag-featurednews","14":"tag-headlines","15":"tag-inderoy","16":"tag-latest-news","17":"tag-latestnews","18":"tag-news","19":"tag-no","20":"tag-norge","21":"tag-norway","22":"tag-nyheter","23":"tag-overskrifter","24":"tag-story","25":"tag-strombrudd","26":"tag-tensio","27":"tag-top-stories","28":"tag-topstories"},"share_on_mastodon":{"url":"https:\/\/pubeurope.com\/@no\/115679798429665603","error":""},"_links":{"self":[{"href":"https:\/\/www.europesays.com\/no\/wp-json\/wp\/v2\/posts\/106788","targetHints":{"allow":["GET"]}}],"collection":[{"href":"https:\/\/www.europesays.com\/no\/wp-json\/wp\/v2\/posts"}],"about":[{"href":"https:\/\/www.europesays.com\/no\/wp-json\/wp\/v2\/types\/post"}],"author":[{"embeddable":true,"href":"https:\/\/www.europesays.com\/no\/wp-json\/wp\/v2\/users\/2"}],"replies":[{"embeddable":true,"href":"https:\/\/www.europesays.com\/no\/wp-json\/wp\/v2\/comments?post=106788"}],"version-history":[{"count":0,"href":"https:\/\/www.europesays.com\/no\/wp-json\/wp\/v2\/posts\/106788\/revisions"}],"wp:featuredmedia":[{"embeddable":true,"href":"https:\/\/www.europesays.com\/no\/wp-json\/wp\/v2\/media\/3842"}],"wp:attachment":[{"href":"https:\/\/www.europesays.com\/no\/wp-json\/wp\/v2\/media?parent=106788"}],"wp:term":[{"taxonomy":"category","embeddable":true,"href":"https:\/\/www.europesays.com\/no\/wp-json\/wp\/v2\/categories?post=106788"},{"taxonomy":"post_tag","embeddable":true,"href":"https:\/\/www.europesays.com\/no\/wp-json\/wp\/v2\/tags?post=106788"}],"curies":[{"name":"wp","href":"https:\/\/api.w.org\/{rel}","templated":true}]}}