{"id":106807,"date":"2025-12-07T19:22:20","date_gmt":"2025-12-07T19:22:20","guid":{"rendered":"https:\/\/www.europesays.com\/no\/106807\/"},"modified":"2025-12-07T19:22:20","modified_gmt":"2025-12-07T19:22:20","slug":"bmw-kappkjorte-med-en-mercedes-2","status":"publish","type":"post","link":"https:\/\/www.europesays.com\/no\/106807\/","title":{"rendered":"\u2013 BMW kappkj\u00f8rte med en Mercedes"},"content":{"rendered":"\n<p>S\u00f8ndag ettermiddag melder politiet om et mindre trafikkuhell p\u00e5 E6 inng\u00e5ende f\u00f8r Helsfyr. <\/p>\n<p>\u2013 En sort BMW som var involvert kj\u00f8rte fra stedet i h\u00f8y hastighet. Vi har kjennemerket p\u00e5 denne BMW-en og vi jobber med \u00e5 komme i kontakt med sj\u00e5f\u00f8ren, melder politiets operasjonsleder Rune Hekkelstrand klokken 14:23. <\/p>\n<p>De andre bilene som var involvert i uhellet m\u00e5 taues inn. <\/p>\n<p>If\u00f8lge politiet er det ingen personskader.<\/p>\n<p>\u2013 Vi har vitneopplysninger om at BMW-en kappkj\u00f8rte med en Mercedes som vi ogs\u00e5 har kjennemerket p\u00e5, meldte operasjonsleder Hekkelstrand klokka 14.51.<\/p>\n<p>Politiet har ikke kommet i kontakt med f\u00f8rerne. <\/p>\n<p>\u2013 Begge de to bilene som fikk skader, er tauet inn og trafikken g\u00e5r som normalt.<\/p>\n<p>  <a href=\"https:\/\/www.ao.no\/5-128-1211051\" class=\"related-teaser has-image default-story-teaser article--c-eRUmMG article--c-eRUmMG-jKCPdD-design-default\" rel=\"nofollow noopener\" target=\"_blank\"><\/p>\n<p>    <img decoding=\"async\" loading=\"lazy\"  src=\"https:\/\/www.europesays.com\/no\/wp-content\/uploads\/2025\/12\/photo+(5)_1.jpg\" alt=\"\" class=\"brick-c-cFOWSL\" style=\"\"\/><\/p>\n<p>\n            Les ogs\u00e5<\/p>\n<p>              Politiet advarer: \u2013 De som er p\u00e5 vei med bil b\u00f8r snu\n        <\/p>\n<p>  <\/a><\/p>\n","protected":false},"excerpt":{"rendered":"S\u00f8ndag ettermiddag melder politiet om et mindre trafikkuhell p\u00e5 E6 inng\u00e5ende f\u00f8r Helsfyr. \u2013 En sort BMW som&hellip;\n","protected":false},"author":2,"featured_media":4903,"comment_status":"","ping_status":"","sticky":false,"template":"","format":"standard","meta":{"footnotes":""},"categories":[10],"tags":[36,20,21,24,25,15,22,23,13,30,28,29,14,16,1510,26,27],"class_list":{"0":"post-106807","1":"post","2":"type-post","3":"status-publish","4":"format-standard","5":"has-post-thumbnail","7":"category-norge","8":"tag-art","9":"tag-breaking-news","10":"tag-breakingnews","11":"tag-featured-news","12":"tag-featurednews","13":"tag-headlines","14":"tag-latest-news","15":"tag-latestnews","16":"tag-news","17":"tag-no","18":"tag-norge","19":"tag-norway","20":"tag-nyheter","21":"tag-overskrifter","22":"tag-story","23":"tag-top-stories","24":"tag-topstories"},"share_on_mastodon":{"url":"https:\/\/pubeurope.com\/@no\/115679916737332946","error":""},"_links":{"self":[{"href":"https:\/\/www.europesays.com\/no\/wp-json\/wp\/v2\/posts\/106807","targetHints":{"allow":["GET"]}}],"collection":[{"href":"https:\/\/www.europesays.com\/no\/wp-json\/wp\/v2\/posts"}],"about":[{"href":"https:\/\/www.europesays.com\/no\/wp-json\/wp\/v2\/types\/post"}],"author":[{"embeddable":true,"href":"https:\/\/www.europesays.com\/no\/wp-json\/wp\/v2\/users\/2"}],"replies":[{"embeddable":true,"href":"https:\/\/www.europesays.com\/no\/wp-json\/wp\/v2\/comments?post=106807"}],"version-history":[{"count":0,"href":"https:\/\/www.europesays.com\/no\/wp-json\/wp\/v2\/posts\/106807\/revisions"}],"wp:featuredmedia":[{"embeddable":true,"href":"https:\/\/www.europesays.com\/no\/wp-json\/wp\/v2\/media\/4903"}],"wp:attachment":[{"href":"https:\/\/www.europesays.com\/no\/wp-json\/wp\/v2\/media?parent=106807"}],"wp:term":[{"taxonomy":"category","embeddable":true,"href":"https:\/\/www.europesays.com\/no\/wp-json\/wp\/v2\/categories?post=106807"},{"taxonomy":"post_tag","embeddable":true,"href":"https:\/\/www.europesays.com\/no\/wp-json\/wp\/v2\/tags?post=106807"}],"curies":[{"name":"wp","href":"https:\/\/api.w.org\/{rel}","templated":true}]}}