{"id":106808,"date":"2025-12-07T19:23:14","date_gmt":"2025-12-07T19:23:14","guid":{"rendered":"https:\/\/www.europesays.com\/no\/106808\/"},"modified":"2025-12-07T19:23:14","modified_gmt":"2025-12-07T19:23:14","slug":"hendelse-pa-heathrow","status":"publish","type":"post","link":"https:\/\/www.europesays.com\/no\/106808\/","title":{"rendered":"Hendelse p\u00e5 Heathrow"},"content":{"rendered":"<p>Flere personer f\u00e5r behandling etter en hendelse ved Terminal 3 p\u00e5 Heathrow flyplass s\u00f8ndag morgen, men skadene deres beskrives som ikke-alvorlige, if\u00f8lge\u00a0<a href=\"https:\/\/news.sky.com\/story\/emergency-services-responding-to-incident-at-heathrow-airport-13480438\" target=\"_blank\" rel=\"nofollow noopener\">Sky News<\/a>.<\/p>\n<p> Metropolitan Police skriver i en melding gjengitt av Sky News at flere personer ble sprayet med \u00aben form for pepperspray\u00bb p\u00e5 London Heathrow Airport tidligere i dag.<\/p>\n<p>&#8211; Bev\u00e6pnet politi rykket ut og p\u00e5grep \u00e9n mann mistenkt for vold. Han er fortsatt i varetekt, og etterforskningen p\u00e5g\u00e5r for \u00e5 spore flere mistenkte, skriver politiet.<\/p>\n<p>&#8211; P\u00e5 n\u00e5v\u00e6rende tidspunkt tror vi hendelsen involverte en gruppe personer som kjenner hverandre, der en krangel eskalerte og f\u00f8rte til at flere personer ble skadet, sier Peter Stevens i en melding fra politiet.<\/p>\n<p>Alvorlig hendelse\t<\/p>\n<p>London Ambulance Service erkl\u00e6rte en \u00abalvorlig hendelse\u00bb rundt klokka 08.40. Hendelsen behandles fortsatt som p\u00e5g\u00e5ende, skriver Sky News.<\/p>\n<p>Brannvesenet bist\u00e5r p\u00e5 stedet, og mannskapene ble varslet klokka 08.14.<\/p>\n<p>Hendelsen har f\u00f8rt til forstyrrelser i trafikken, med forsinkelser p\u00e5 Elizabeth Line og Piccadilly Line, if\u00f8lge Sky News.<\/p>\n<p>Politiet sier if\u00f8lge\u00a0<a href=\"https:\/\/www.bbc.com\/news\/live\/cm2eq14zjz0t?at_link_id=0B98DBF4-D352-11F0-B815-D48FFF571A54&amp;at_campaign_type=owned&amp;at_link_origin=BBCNews&amp;at_ptr_name=twitter&amp;utm_social_handle_id=612473&amp;utm_social_post_id=617379843&amp;xtor=AL-71-%5Bpartner%5D-%5Bbbc.news.twitter%5D-%5Bheadline%5D-%5Bnews%5D-%5Bbizdev%5D-%5Bisapi%5D&amp;at_medium=social&amp;at_campaign=Social_Flow&amp;at_bbc_team=editorial&amp;at_format=link&amp;at_link_type=web_link&amp;post=asset%3A4bd709cd-21dc-400d-91b4-57ab0b83d7cf#post\" target=\"_blank\" rel=\"nofollow noopener\">BBC<\/a>\u00a0at de fortsatt bekrefter detaljer, men at hendelsen p\u00e5 Heathrow er isolert og ikke knyttet til terror.<\/p>\n<p>Togtrafikk ber\u00f8rt\t<\/p>\n<p>Tidligere i dag skrev\u00a0<a href=\"https:\/\/www.standard.co.uk\/news\/london\/travel-chaos-at-heathrow-as-trains-halted-amid-police-incident-b1261485.html\" target=\"_blank\" rel=\"nofollow noopener\">The Standard<\/a>\u00a0at det ikke gikk noen tog til Heathrow lufthavn mens politiet h\u00e5ndterte en hendelse.<\/p>\n<p>&#8211; Detaljene rundt situasjonen er fortsatt uklare, men togtrafikken p\u00e5 Heathrow Express og deler av Elizabeth-linjen er innstilt, skrev avisa.<\/p>\n<p>Togselskapet Heathrow Express meldte at det var sperret for trafikk i begge retninger p\u00e5 grunn av \u00abet problem som er under etterforskning\u00bb.<\/p>\n<p>Heathrow: &#8211; Beregn tid\t<\/p>\n<p>Heathrow flyplass har ogs\u00e5 kommenterert hendelsen p\u00e5 X:<\/p>\n<p>&#8211; V\u00e5re team h\u00e5ndterer for \u00f8yeblikket en hendelse som involverer n\u00f8detatene i parkeringshuset ved Terminal 3. Passasjerer anbefales \u00e5 beregne ekstra tid n\u00e5r de reiser til flyplassen og \u00e5 kontakte sitt flyselskap ved sp\u00f8rsm\u00e5l, <a href=\"https:\/\/x.com\/HeathrowAirport\/status\/1997602166031188449\" rel=\"nofollow\">skriver Heathwow<\/a>.<\/p>\n","protected":false},"excerpt":{"rendered":"Flere personer f\u00e5r behandling etter en hendelse ved Terminal 3 p\u00e5 Heathrow flyplass s\u00f8ndag morgen, men skadene deres&hellip;\n","protected":false},"author":2,"featured_media":106809,"comment_status":"","ping_status":"","sticky":false,"template":"","format":"standard","meta":{"footnotes":""},"categories":[5],"tags":[20,21,24,25,15,19,2539,22,23,17,18,13,30,28,29,14,16,26,27],"class_list":{"0":"post-106808","1":"post","2":"type-post","3":"status-publish","4":"format-standard","5":"has-post-thumbnail","7":"category-overskrifter","8":"tag-breaking-news","9":"tag-breakingnews","10":"tag-featured-news","11":"tag-featurednews","12":"tag-headlines","13":"tag-hovedoppslag","14":"tag-innenriks","15":"tag-latest-news","16":"tag-latestnews","17":"tag-main-news","18":"tag-mainnews","19":"tag-news","20":"tag-no","21":"tag-norge","22":"tag-norway","23":"tag-nyheter","24":"tag-overskrifter","25":"tag-top-stories","26":"tag-topstories"},"share_on_mastodon":{"url":"https:\/\/pubeurope.com\/@no\/115679920446896783","error":""},"_links":{"self":[{"href":"https:\/\/www.europesays.com\/no\/wp-json\/wp\/v2\/posts\/106808","targetHints":{"allow":["GET"]}}],"collection":[{"href":"https:\/\/www.europesays.com\/no\/wp-json\/wp\/v2\/posts"}],"about":[{"href":"https:\/\/www.europesays.com\/no\/wp-json\/wp\/v2\/types\/post"}],"author":[{"embeddable":true,"href":"https:\/\/www.europesays.com\/no\/wp-json\/wp\/v2\/users\/2"}],"replies":[{"embeddable":true,"href":"https:\/\/www.europesays.com\/no\/wp-json\/wp\/v2\/comments?post=106808"}],"version-history":[{"count":0,"href":"https:\/\/www.europesays.com\/no\/wp-json\/wp\/v2\/posts\/106808\/revisions"}],"wp:featuredmedia":[{"embeddable":true,"href":"https:\/\/www.europesays.com\/no\/wp-json\/wp\/v2\/media\/106809"}],"wp:attachment":[{"href":"https:\/\/www.europesays.com\/no\/wp-json\/wp\/v2\/media?parent=106808"}],"wp:term":[{"taxonomy":"category","embeddable":true,"href":"https:\/\/www.europesays.com\/no\/wp-json\/wp\/v2\/categories?post=106808"},{"taxonomy":"post_tag","embeddable":true,"href":"https:\/\/www.europesays.com\/no\/wp-json\/wp\/v2\/tags?post=106808"}],"curies":[{"name":"wp","href":"https:\/\/api.w.org\/{rel}","templated":true}]}}