{"id":106810,"date":"2025-12-07T19:24:14","date_gmt":"2025-12-07T19:24:14","guid":{"rendered":"https:\/\/www.europesays.com\/no\/106810\/"},"modified":"2025-12-07T19:24:14","modified_gmt":"2025-12-07T19:24:14","slug":"sport-handball-derfor-valgte-stortalentet-bort-bergen","status":"publish","type":"post","link":"https:\/\/www.europesays.com\/no\/106810\/","title":{"rendered":"Sport, H\u00e5ndball | Derfor valgte stortalentet bort Bergen"},"content":{"rendered":"\n<p><b>Bergen H\u00e5ndball \u2013 Halden 36-27: <\/b>Sesongen er s\u00e5 vidt halvspilt, men allerede n\u00e5 er det klart at Bergen H\u00e5ndball mister to sentrale brikker neste sesong. Nicolai Daling, som forrige sesong ble k\u00e5ret til \u00e5rets spiller i eliteserien, forsvinner til tysk h\u00e5ndball. Samtidig har stortalentet Henrik Ibsen, som har imponert mellom stengene siden han kom til Bergen f\u00f8r forrige sesong, valgt \u00e5 ikke signere ny kontrakt.<\/p>\n<p>I stedet for \u00e5 bli mellom de syv fjell har han bestemt seg for \u00e5 ta turen til Elverum neste sesong.<\/p>\n<p>\u2013 Jeg f\u00f8ler det er et trappetrinnsvalg. Elverum er et lokomotiv som er rigget for \u00e5 v\u00e6re et stabilt topplag, s\u00e5 det er egentlig en no-brainer, sier han til BA.<\/p>\n<p>  <a href=\"https:\/\/www.ba.no\/5-8-3234059\" class=\"related-teaser has-image default-story-teaser article--c-eRUmMG article--c-eRUmMG-jKCPdD-design-default\" rel=\"nofollow noopener\" target=\"_blank\"><\/p>\n<p>    <img decoding=\"async\" loading=\"lazy\"  src=\"https:\/\/www.europesays.com\/no\/wp-content\/uploads\/2025\/12\/SE1_8178_kopi.jpg\" alt=\"\" class=\"brick-c-cFOWSL\" style=\"\"\/><\/p>\n<p>\n            Les ogs\u00e5<\/p>\n<p>              BA avsl\u00f8rer: \u00c5rets spiller forsvinner fra Bergen\n        <\/p>\n<p>  <\/a><br \/>\n  \u2013 Hadde sagt ja takk <\/p>\n<p>Muligheten til utvikling er nettopp det som gj\u00f8r at Ibsen mener valget ble enkelt da Elverum kom p\u00e5 banen.<\/p>\n<p>\u2013 For min del ble det tungen p\u00e5 vektsk\u00e5len. Elverum er s\u00e5 godt rigget for \u00e5 kjempe i toppen, og s\u00e5 godt rigget for Europa at muligheten til \u00e5 f\u00e5 en viktig rolle i et s\u00e5 godt mannskap ble avgj\u00f8rende.<\/p>\n<p>  <a href=\"https:\/\/www.ba.no\/5-8-3215048\" class=\"related-teaser has-image default-story-teaser article--c-eRUmMG article--c-eRUmMG-jKCPdD-design-default\" rel=\"nofollow noopener\" target=\"_blank\"><\/p>\n<p>    <img decoding=\"async\" loading=\"lazy\"  src=\"https:\/\/www.europesays.com\/no\/wp-content\/uploads\/2025\/12\/DSC_4064_kopi.jpg\" alt=\"\" class=\"brick-c-cFOWSL\" style=\"\"\/><\/p>\n<p>\n            Les ogs\u00e5<\/p>\n<p>              Han kunne tjent bedre, men for Eirik (20) var valget enkelt\n        <\/p>\n<p>  <\/a><\/p>\n<p>Samtidig var det ikke bare enkelt \u00e5 ta avgj\u00f8relsen.<\/p>\n<p>\u2013 Det var vanskelig med tanke p\u00e5 at jeg har hatt det veldig bra i Bergen. Det er en enormt fin gruppe med folk og et fantastisk st\u00f8tteapparat.<\/p>\n<p>\u2013 Om noen hadde sagt at jeg skulle f\u00e5 oppleve det jeg har opplevd i Bergen disse to \u00e5rene f\u00f8r jeg kom, hadde jeg definitivt sagt ja takk. Jeg har hatt et veldig fint makkerpar med Tord, jobbet under en veldig god trener og hatt mange gode opplevelser.<\/p>\n<p>Det er heller ikke helt over enn\u00e5. Frem til 30. juni er han Bergen-spiller.<\/p>\n<p>\u2013 Vi snublet p\u00e5 m\u00e5lstreken i fjor med tanke p\u00e5 bronsen, og sluttspillet ble til slutt litt kjedelig, men vi har en ny god mulighet i \u00e5r.<\/p>\n<p>\u00d8nsket et \u00e5r til<\/p>\n<p>Hovedtrener Fredrik T\u00f8nne er \u00e6rlig p\u00e5 at Ibsen var \u00f8nsket med videre.<\/p>\n<p>\u2013 Vi hadde h\u00e5pet \u00e5 beholde ham minst i et \u00e5r til og heller sende ham til utlandet, men Elverum er en bra klubb. Jeg kan forst\u00e5 at det frister, sier han og fortsetter:<\/p>\n<p>\u2013 Det er en god mulighet for ham, samtidig som det er kjipt for oss.<\/p>\n<p>   <img decoding=\"async\" width=\"4128\" height=\"2752\" fetchpriority=\"low\"  loading=\"lazy\"  src=\"https:\/\/www.europesays.com\/no\/wp-content\/uploads\/2025\/12\/SE1_2902.jpg\" alt=\"&#10;Bergen H\u00e5ndball - Halden i Haukelandshallen&#10;\" class=\"brick-c-cFOWSL\" style=\"--brick-image-ratio: 4128 \/ 2752;\"\/><\/p>\n<p>Fredrik T\u00f8nne.<br \/>\n      Foto: Skjalg Ekeland\n    <\/p>\n<p>Allerede n\u00e5 er det signert en erstatter for det som har blitt et av landets st\u00f8rste talenter. Hvem det er, vil han ikke si helt enn\u00e5.<\/p>\n<p>\u2013 Det er klart at det er vanskelig \u00e5 erstatte den kvaliteten, men vi har allerede signert noen. Jeg skal ikke g\u00e5 ut med hvem det er helt enn\u00e5, men med Tord (V\u00e5rdal) og ham er vi trygge p\u00e5 at m\u00e5lvaktsparet skal v\u00e6re bra for oss de kommende \u00e5rene.<\/p>\n<p>  <a href=\"https:\/\/www.ba.no\/5-8-2709215\" class=\"related-teaser has-image default-story-teaser article--c-eRUmMG article--c-eRUmMG-jKCPdD-design-default\" rel=\"nofollow noopener\" target=\"_blank\"><\/p>\n<p>    <img decoding=\"async\" loading=\"lazy\"  src=\"https:\/\/www.europesays.com\/no\/wp-content\/uploads\/2025\/12\/IMG_1501-2.jpg\" alt=\"\" class=\"brick-c-cFOWSL\" style=\"\"\/><\/p>\n<p>\n            Les ogs\u00e5<\/p>\n<p>              Ibsen klar for Bergen: \u2013\u00a0Utrolig spennende\n        <\/p>\n<p>  <\/a><br \/>\n  Utklassing<\/p>\n<p>Det var aldri s\u00e6rlig stor spenning i Haukelandshallen s\u00f8ndag kveld. Bergen H\u00e5ndball hadde st\u00e5lkontroll gjennom hele oppgj\u00f8ret, og laget som er blitt kjent for \u00e5 spille tette kamper, fikk seg en komfortabel storseier p\u00e5 hjemmebane.<\/p>\n<p>Bergen kom ut av startblokkene i fyr og flamme og sikret seg en solid ledelse raskt. Etter 30 minutter ledet de 20\u201313.<\/p>\n<p>De lot ikke foten g\u00e5 av gassen etter pause. De oransje kom seg aldri ordentlig inn i kampen, og det endte til slutt 36\u201327.<\/p>\n<p>   <img decoding=\"async\" width=\"1920\" height=\"1280\" fetchpriority=\"low\"  loading=\"lazy\"  src=\"https:\/\/www.europesays.com\/no\/wp-content\/uploads\/2025\/12\/SE1_1901.jpg\" alt=\"&#10;Bergen H\u00e5ndball - Halden i Haukelandshallen&#10;\" class=\"brick-c-cFOWSL\" style=\"--brick-image-ratio: 1920 \/ 1280;\"\/><\/p>\n<p>      Det ble til slutt enkelt for Bergen H\u00e5ndball.<br \/>\n      Foto: Skjalg Ekeland\n    <\/p>\n<p>I \u00e5r som i fjor har Bergen H\u00e5ndball blitt vant med tette kamper. En solid seier smakte uten tvil godt for T\u00f8nne.<\/p>\n<p>\u2013 Solid gjennomf\u00f8rt. De f\u00f8rste 45 minuttene var veldig bra, s\u00e5 slapp vi oss litt ned det siste kvarteret. Vi brant mye og ble litt for mye kontret p\u00e5. Til tross for det er jeg totalt sett veldig forn\u00f8yd.<\/p>\n<p>Bergens toppscorer ble Tobias Holm med seks scoringer. <\/p>\n","protected":false},"excerpt":{"rendered":"Bergen H\u00e5ndball \u2013 Halden 36-27: Sesongen er s\u00e5 vidt halvspilt, men allerede n\u00e5 er det klart at Bergen&hellip;\n","protected":false},"author":2,"featured_media":106811,"comment_status":"","ping_status":"","sticky":false,"template":"","format":"standard","meta":{"footnotes":""},"categories":[59],"tags":[36,7954,13322,105,7350,30,28,29,83,82,1510],"class_list":{"0":"post-106810","1":"post","2":"type-post","3":"status-publish","4":"format-standard","5":"has-post-thumbnail","7":"category-sport","8":"tag-art","9":"tag-bergen-handball","10":"tag-fredrik-tonne","11":"tag-handball","12":"tag-henrik-ibsen","13":"tag-no","14":"tag-norge","15":"tag-norway","16":"tag-sport","17":"tag-sports","18":"tag-story"},"share_on_mastodon":{"url":"https:\/\/pubeurope.com\/@no\/115679924489693845","error":""},"_links":{"self":[{"href":"https:\/\/www.europesays.com\/no\/wp-json\/wp\/v2\/posts\/106810","targetHints":{"allow":["GET"]}}],"collection":[{"href":"https:\/\/www.europesays.com\/no\/wp-json\/wp\/v2\/posts"}],"about":[{"href":"https:\/\/www.europesays.com\/no\/wp-json\/wp\/v2\/types\/post"}],"author":[{"embeddable":true,"href":"https:\/\/www.europesays.com\/no\/wp-json\/wp\/v2\/users\/2"}],"replies":[{"embeddable":true,"href":"https:\/\/www.europesays.com\/no\/wp-json\/wp\/v2\/comments?post=106810"}],"version-history":[{"count":0,"href":"https:\/\/www.europesays.com\/no\/wp-json\/wp\/v2\/posts\/106810\/revisions"}],"wp:featuredmedia":[{"embeddable":true,"href":"https:\/\/www.europesays.com\/no\/wp-json\/wp\/v2\/media\/106811"}],"wp:attachment":[{"href":"https:\/\/www.europesays.com\/no\/wp-json\/wp\/v2\/media?parent=106810"}],"wp:term":[{"taxonomy":"category","embeddable":true,"href":"https:\/\/www.europesays.com\/no\/wp-json\/wp\/v2\/categories?post=106810"},{"taxonomy":"post_tag","embeddable":true,"href":"https:\/\/www.europesays.com\/no\/wp-json\/wp\/v2\/tags?post=106810"}],"curies":[{"name":"wp","href":"https:\/\/api.w.org\/{rel}","templated":true}]}}