{"id":106814,"date":"2025-12-07T19:29:17","date_gmt":"2025-12-07T19:29:17","guid":{"rendered":"https:\/\/www.europesays.com\/no\/106814\/"},"modified":"2025-12-07T19:29:17","modified_gmt":"2025-12-07T19:29:17","slug":"hundrevis-tok-turen-allerede-forste-timen-driva-no","status":"publish","type":"post","link":"https:\/\/www.europesays.com\/no\/106814\/","title":{"rendered":"Hundrevis tok turen allerede f\u00f8rste timen &#8211; driva.no"},"content":{"rendered":"<ol>\n<li><a href=\"https:\/\/news.google.com\/rss\/articles\/CBMihwFBVV95cUxPWGF2YWw1LXViZVNvUE00VGpzUkQ3cWNKbTFpMHFKZ3FuX3NLN0hkY3J4Wkk0RkxCcDVIUWtjUnF3amxBOERjYVhDWEVYMUI3elRMR0RuZ1NSS2MxV05aUi1QTF9aSW0tdmMxaERQMkxsMk9PamROWDA1RVNIc1RDbjd1Y2Y5V0U?oc=5\" target=\"_blank\" rel=\"nofollow noopener\">Hundrevis tok turen allerede f\u00f8rste timen<\/a>&nbsp;&nbsp;driva.no<\/li>\n<li><a href=\"https:\/\/news.google.com\/rss\/articles\/CBMirgFBVV95cUxQVG5McXZVdlhVdkNINEhZR2xXSEJ6RjJ6MENIY20yclQxYnd4RWRScVJHR0tIQlRLQ19rNXpvdUp1bXpYY1FVTVJnTWZKcDFBc1N3dUxiUHpNbmVXejRja1FRZDN5MUsta1lFSVVIU0ktanB2LWQ5MXNhOXU1Um9Jb3RKTTNzaEhDV0FnTlJxdTdTa09vR0luVlZQM1hKaWpDTUVzbW96eWtXVjdnWFE?oc=5\" target=\"_blank\" rel=\"nofollow noopener\">Folk str\u00f8mmet til julemarked p\u00e5 museet. N\u00e5 kan bes\u00f8ksrekorden ryke<\/a>&nbsp;&nbsp;Namdalsavisa<\/li>\n<li><a href=\"https:\/\/news.google.com\/rss\/articles\/CBMipAFBVV95cUxPOVdKUGFodG9mYmp0QnNwM1lXZkc0ejh4S1JzendneWxScnhGSWFIeXluOGRDWnJCVjlmUGI4NDF6S0hnSk8wZzA3QUxXdTZYWmQxX1NVQkZLQW9ZQ1VMYjNoTDNIQkRZTWtoMThJRHV3NVlEM2xiMDA3MWtWRmRqQlg1dHhpYkQ1eGtHMWw1WWUwdlRZdEN6OF9yXzdlamdqU0NJSw?oc=5\" target=\"_blank\" rel=\"nofollow noopener\">I dag p\u00e5 Leikvin: &#8211; Store og sm\u00e5 kan komme og kjenne litt p\u00e5 julestemningen<\/a>&nbsp;&nbsp;Aura Avis<\/li>\n<li><a href=\"https:\/\/news.google.com\/rss\/articles\/CBMickFVX3lxTE0tWURvV2Q4Z1JTNFBjUkVTTThxLU85WjZVSi1saVhlQlQ2ZDFMdjFuMGU1MTJMTEFwMGc4VVJqTjhzcWljd3ZUOGc3S1J5b0ozRjZsX3NTT1pLck92OGJLUFJBTkZORG1fOXBpZi1KUzg2UQ?oc=5\" target=\"_blank\" rel=\"nofollow noopener\">Dette skjer p\u00e5 Nordm\u00f8re i helga<\/a>&nbsp;&nbsp;Tidens Krav<\/li>\n<li><a href=\"https:\/\/news.google.com\/rss\/articles\/CBMivAFBVV95cUxQRlRySld1bjc0MGJySlFsRHl1eEg4OTkwTS1tamZvNUs0MlQ5Q0VkeXRFa3d6Xzd3YkZjNXJZWVlrcmk0ODdIem81NXd3X3ppLTduSnNqZEI2UGhvajFUX0REV2JPejFDNmpEZzV3SXlrT0tGNHdNQnhNUmNmSkw4OXFRVERYNXFvcGQ2S1R3WldKeHZSaVhrdWpRYXlaSFJQN1BZT0IzdlBtaTVjZXpUMjJ2a2wtbE54SFRwZw?oc=5\" target=\"_blank\" rel=\"nofollow noopener\">Fikk flere tusen p\u00e5 julebes\u00f8k<\/a>&nbsp;&nbsp;rbnett.no<\/li>\n<\/ol>\n","protected":false},"excerpt":{"rendered":"Hundrevis tok turen allerede f\u00f8rste timen&nbsp;&nbsp;driva.no Folk str\u00f8mmet til julemarked p\u00e5 museet. N\u00e5 kan bes\u00f8ksrekorden ryke&nbsp;&nbsp;Namdalsavisa I dag&hellip;\n","protected":false},"author":2,"featured_media":106815,"comment_status":"","ping_status":"","sticky":false,"template":"","format":"standard","meta":{"footnotes":""},"categories":[10],"tags":[20,21,24,25,15,22,23,13,30,28,29,14,16,26,27],"class_list":{"0":"post-106814","1":"post","2":"type-post","3":"status-publish","4":"format-standard","5":"has-post-thumbnail","7":"category-norge","8":"tag-breaking-news","9":"tag-breakingnews","10":"tag-featured-news","11":"tag-featurednews","12":"tag-headlines","13":"tag-latest-news","14":"tag-latestnews","15":"tag-news","16":"tag-no","17":"tag-norge","18":"tag-norway","19":"tag-nyheter","20":"tag-overskrifter","21":"tag-top-stories","22":"tag-topstories"},"share_on_mastodon":{"url":"https:\/\/pubeurope.com\/@no\/115679943932425755","error":""},"_links":{"self":[{"href":"https:\/\/www.europesays.com\/no\/wp-json\/wp\/v2\/posts\/106814","targetHints":{"allow":["GET"]}}],"collection":[{"href":"https:\/\/www.europesays.com\/no\/wp-json\/wp\/v2\/posts"}],"about":[{"href":"https:\/\/www.europesays.com\/no\/wp-json\/wp\/v2\/types\/post"}],"author":[{"embeddable":true,"href":"https:\/\/www.europesays.com\/no\/wp-json\/wp\/v2\/users\/2"}],"replies":[{"embeddable":true,"href":"https:\/\/www.europesays.com\/no\/wp-json\/wp\/v2\/comments?post=106814"}],"version-history":[{"count":0,"href":"https:\/\/www.europesays.com\/no\/wp-json\/wp\/v2\/posts\/106814\/revisions"}],"wp:featuredmedia":[{"embeddable":true,"href":"https:\/\/www.europesays.com\/no\/wp-json\/wp\/v2\/media\/106815"}],"wp:attachment":[{"href":"https:\/\/www.europesays.com\/no\/wp-json\/wp\/v2\/media?parent=106814"}],"wp:term":[{"taxonomy":"category","embeddable":true,"href":"https:\/\/www.europesays.com\/no\/wp-json\/wp\/v2\/categories?post=106814"},{"taxonomy":"post_tag","embeddable":true,"href":"https:\/\/www.europesays.com\/no\/wp-json\/wp\/v2\/tags?post=106814"}],"curies":[{"name":"wp","href":"https:\/\/api.w.org\/{rel}","templated":true}]}}