{"id":106826,"date":"2025-12-07T19:47:26","date_gmt":"2025-12-07T19:47:26","guid":{"rendered":"https:\/\/www.europesays.com\/no\/106826\/"},"modified":"2025-12-07T19:47:26","modified_gmt":"2025-12-07T19:47:26","slug":"jeg-trodde-ikke-jeg-skulle-grate","status":"publish","type":"post","link":"https:\/\/www.europesays.com\/no\/106826\/","title":{"rendered":"\u2013 Jeg trodde ikke jeg skulle gr\u00e5te"},"content":{"rendered":"\n<p class=\"_lead_o9xde_2 _lead_xtcu6_50 layout-component text-serif-m layout-normal text-serif-l layout-component layout-wide layout-padded _wide_17hqh_1 layout-padded\">Lando Norris (26) ble ikke straffet av dommerne og har tatt sin f\u00f8rste VM-tittel i Formel 1.<\/p>\n<p><img alt=\"KLINTE TIL: Lando Norris feiret med kj\u00e6resten Magui Corceiro.  Foto: Amr Alfiky \/ Reuters \/ NTB\" class=\"_image_qp4xg_65 layout-component layout-wide\" data-fullscreen- data-track-element-type=\"Article image fullscreen\" data-track-name=\"ImageFullscreen\" fetchpriority=\"high\" decoding=\"sync\" loading=\"eager\" height=\"1826\" itemprop=\"image\"  src=\"https:\/\/www.europesays.com\/no\/wp-content\/uploads\/2025\/12\/dcb5ffe3-3ea9-48e4-819f-79965ace2bc7\"  style=\"object-position:0% 0%\" width=\"2446\"\/>KLINTE TIL: Lando Norris feiret med kj\u00e6resten Magui Corceiro.  Foto: Amr Alfiky \/ Reuters \/ NTB<\/p>\n<ul aria-hidden=\"true\" class=\"_images_ntbth_112\">\n<li><a class=\"_link_ntbth_117\" href=\"https:\/\/www.vg.no\/forfatter\/ole-kristian-stroem\" style=\"z-index:1\" title=\"Ole Kristian Str\u00f8m\" rel=\"nofollow noopener\" target=\"_blank\"><img alt=\"Bilde av Ole Kristian Str\u00f8m\" class=\"_image_ntbth_93\" fetchpriority=\"low\" loading=\"lazy\" decoding=\"async\" itemprop=\"image\"  src=\"https:\/\/www.europesays.com\/no\/wp-content\/uploads\/2025\/12\/1765136846_93_1a7f53be-23c4-46e7-b45d-508c0e955d2a\"  width=\"480\"\/><\/a><\/li>\n<\/ul>\n<p> Oppdatert s\u00f8ndag 7. desember kl. 16:33     <\/p>\n<p class=\"_paragraph_o9xde_4 _paragraph_xtcu6_10 layout-component text-serif-m layout-normal text-serif-m layout-padded\">McLaren-f\u00f8reren ble nummer tre i Abu Dhabi Grand Prix. <a href=\"https:\/\/www.vg.no\/tag\/max-verstappen?utm_source=vg-article&amp;utm_medium=auto-tagger&amp;utm_campaign=Exol7K\" class=\"_link_o9xde_39\" rel=\"nofollow noopener\" target=\"_blank\">Max Verstappens<\/a> seier var ikke nok til \u00e5 ta igjen Norris.<\/p>\n<p class=\"_paragraph_o9xde_4 _paragraph_xtcu6_10 layout-component text-serif-m layout-normal text-serif-m layout-padded\">Norris endte p\u00e5 423 poeng foran Verstappen med 421 og med Oscar Piastri 410 poeng i den mest spennende VM-avslutningen p\u00e5 fire \u00e5r.<\/p>\n<p class=\"_paragraph_o9xde_4 _paragraph_xtcu6_10 layout-component text-serif-m layout-normal text-serif-m layout-padded\">\u2013 Tusen takk. Dere oppfylte en gutts dr\u00f8m. Jeg elsker dere. Takk for alt, dere fortjener det. Jeg elsker deg mamma, jeg elsker deg pappa, takk for alt, sa Norris f\u00f8r t\u00e5rene tok overh\u00e5nd.<\/p>\n<p class=\"_paragraph_o9xde_4 _paragraph_xtcu6_10 layout-component text-serif-m layout-normal text-serif-m layout-padded\">Lando Norris ble etterforsket av juryen etter en forbikj\u00f8ring av Yuki Tsunoda, men slapp unna uten straff.<\/p>\n<p class=\"_paragraph_o9xde_4 _paragraph_xtcu6_10 layout-component text-serif-m layout-normal text-serif-m layout-padded\">\u2013 Jeg visste ikke at jeg ble etterforsket. Jeg visste at jeg ikke hadde gjort noe galt, sier Norris i seiersintervjuet vist p\u00e5 Viaplay.<\/p>\n<p class=\"_paragraph_o9xde_4 _paragraph_xtcu6_10 layout-component text-serif-m layout-normal text-serif-m layout-padded\">Norris har overtatt som verdensmester etter fire strake triumfer til Verstappen.<\/p>\n<p class=\"_paragraph_o9xde_4 _paragraph_xtcu6_10 layout-component text-serif-m layout-normal text-serif-m layout-padded\">\u2013 Det s\u00e5 litt m\u00f8rkt ut for Norris en stund da Piastri ledet. Men Norris har sl\u00e5tt tilbake, fastsl\u00e5r Atle Gulbrandsen p\u00e5 Viaplay-sendingen.<\/p>\n<p class=\"_paragraph_o9xde_4 _paragraph_xtcu6_10 layout-component text-serif-m layout-normal text-serif-m layout-padded\">Norris lot gledest\u00e5rene renne mens han satt i bilen og senere i m\u00f8te med teamet, familie og venner.<\/p>\n<p class=\"_paragraph_o9xde_4 _paragraph_xtcu6_10 layout-component text-serif-m layout-normal text-serif-m layout-padded\">\u2013 Jeg trodde ikke jeg skulle gr\u00e5te, men jeg gjorde det. Det har v\u00e6rt en lang reise, sier Norris i et intervju vist p\u00e5 Viaplay.<\/p>\n<p class=\"_paragraph_o9xde_4 _paragraph_xtcu6_10 layout-component text-serif-m layout-normal text-serif-m layout-padded\">\u2013 Det har v\u00e6rt en \u00e6re \u00e5 konkurrere med Max og Oscar. Jeg er s\u00e5 stolt av alle.<\/p>\n<p class=\"_paragraph_o9xde_4 _paragraph_xtcu6_10 layout-component text-serif-m layout-normal text-serif-m layout-padded\"><strong class=\"_strong_o9xde_25\">Forutsetningene p\u00e5 forh\u00e5nd var klare:<\/strong><\/p>\n<ul class=\"_list_o9xde_3 _list_xtcu6_9 _unordered_o9xde_106 layout-component text-serif-m layout-normal text-serif-m layout-padded\">\n<li class=\"_item_o9xde_30\">Om Norris endte p\u00e5 pallen, ville han bli verdensmester uansett hvordan det gikk med de to rivalene.<\/li>\n<li class=\"_item_o9xde_30\">Om Verstappen vant l\u00f8pet, var han avhengig av at Norris blir nummer fire eller d\u00e5rligere for \u00e5 bli verdensmester.<\/li>\n<\/ul>\n<p class=\"_paragraph_o9xde_4 _paragraph_xtcu6_10 layout-component text-serif-m layout-normal text-serif-m layout-padded\">Verstappen hadde beste startspor foran Norris og Piastri \u2013 og alle beholdt plassene sine gjennom f\u00f8rste sving.<\/p>\n<p class=\"_paragraph_o9xde_4 _paragraph_xtcu6_10 layout-component text-serif-m layout-normal text-serif-m layout-padded\">I sving nummer ni kj\u00f8rte Piastri \u2013 med harde dekk \u2013 forbi Norris.<\/p>\n<p class=\"_paragraph_o9xde_4 _paragraph_xtcu6_10 layout-component text-serif-m layout-normal text-serif-m layout-padded\">Charles Leclerc hadde en glimrende start og jaktet Norris i sin Ferrari. Om Norris kom i m\u00e5l som nummer fire, ville han miste VM-gullet, om Verstappen vant.<\/p>\n<p class=\"_paragraph_o9xde_4 _paragraph_xtcu6_10 layout-component text-serif-m layout-normal text-serif-m layout-padded\">Norris var f\u00f8rst av de tre store inn til dekkbytte, og han falt ned til 9. plass og ble liggende i mye trafikk. Men han avanserte kjapt til 4. plass \u2013 med Verstappen-kompis Yuki Tsunoda foran seg. <\/p>\n<p class=\"_paragraph_o9xde_4 _paragraph_xtcu6_10 layout-component text-serif-m layout-normal text-serif-m layout-padded\">P\u00e5 den 23. runden kom Norris seg forbi. Norris var utenfor banen under forbikj\u00f8ringen, men det skyldtes at Tsunoda kj\u00f8rte sikksakk. Det endte med fem sekunders straff for Tsunoda, mens Norris slapp unna.<\/p>\n<p>Verdensmestere Formel 1<\/p>\n<p class=\"_paragraph_o9xde_4 _paragraph_xtcu6_10 _paragraph_16v91_10 layout-component text-serif-m layout-normal text-sans-m layout-padded\">2015: Lewis Hamilton, Mercedes.<\/p>\n<p class=\"_paragraph_o9xde_4 _paragraph_xtcu6_10 _paragraph_16v91_10 layout-component text-serif-m layout-normal text-sans-m layout-padded\">2016: Nico Rosberg, Mercedes.<\/p>\n<p class=\"_paragraph_o9xde_4 _paragraph_xtcu6_10 _paragraph_16v91_10 layout-component text-serif-m layout-normal text-sans-m layout-padded\">2017: Lewis Hamilton, Mercedes.<\/p>\n<p class=\"_paragraph_o9xde_4 _paragraph_xtcu6_10 _paragraph_16v91_10 layout-component text-serif-m layout-normal text-sans-m layout-padded\">2018: Lewis Hamilton, Mercedes.<\/p>\n<p class=\"_paragraph_o9xde_4 _paragraph_xtcu6_10 _paragraph_16v91_10 layout-component text-serif-m layout-normal text-sans-m layout-padded\">2019: Lewis Hamilton, Mercedes.<\/p>\n<p class=\"_paragraph_o9xde_4 _paragraph_xtcu6_10 _paragraph_16v91_10 layout-component text-serif-m layout-normal text-sans-m layout-padded\">2020: Lewis Hamilton, Mercedes.<\/p>\n<p class=\"_paragraph_o9xde_4 _paragraph_xtcu6_10 _paragraph_16v91_10 layout-component text-serif-m layout-normal text-sans-m layout-padded\">2021: Max Verstappen, Red Bull.<\/p>\n<p class=\"_paragraph_o9xde_4 _paragraph_xtcu6_10 _paragraph_16v91_10 layout-component text-serif-m layout-normal text-sans-m layout-padded\">2022: Max Verstappen, Red Bull.<\/p>\n<p class=\"_paragraph_o9xde_4 _paragraph_xtcu6_10 _paragraph_16v91_10 layout-component text-serif-m layout-normal text-sans-m layout-padded\">2023: Max Verstappen, Red Bull.<\/p>\n<p class=\"_paragraph_o9xde_4 _paragraph_xtcu6_10 _paragraph_16v91_10 layout-component text-serif-m layout-normal text-sans-m layout-padded\">2024. Max Verstappen, Red Bull.<\/p>\n<p class=\"_paragraph_o9xde_4 _paragraph_xtcu6_10 _paragraph_16v91_10 layout-component text-serif-m layout-normal text-sans-m layout-padded\">2025: Lando Norris, McLaren.<\/p>\n<p>Vis mer<\/p>\n<p class=\"_paragraph_o9xde_4 _paragraph_xtcu6_10 layout-component text-serif-m layout-normal text-serif-m layout-padded\">McLaren lot Piastri ta 2. plass bak Verstappen \u2013 etter som det ikke betydde noe for VM-tittelen. Om det hadde v\u00e6rt n\u00f8dvendig, hadde de trolig gitt teamordre om at Piastri skulle slippe Norris forbi seg. Charles Leclerc hadde ikke nok tempo til \u00e5 utfordre Norris om 3. plassen.<\/p>\n<p class=\"_paragraph_o9xde_4 _paragraph_xtcu6_10 layout-component text-serif-m layout-normal text-serif-m layout-padded\">Max Verstappen l\u00e5 i sommer et hav bak de to McLaren-f\u00f8rerne, men Red Bull-f\u00f8reren har imponert kraftig i h\u00f8st.<\/p>\n<p>Abu Dhabi Grand Prix<\/p>\n<p class=\"_paragraph_o9xde_4 _paragraph_xtcu6_10 _paragraph_16v91_10 layout-component text-serif-m layout-normal text-sans-m layout-padded\">1. Verstappen.<\/p>\n<p class=\"_paragraph_o9xde_4 _paragraph_xtcu6_10 _paragraph_16v91_10 layout-component text-serif-m layout-normal text-sans-m layout-padded\">2. Piastri.<\/p>\n<p class=\"_paragraph_o9xde_4 _paragraph_xtcu6_10 _paragraph_16v91_10 layout-component text-serif-m layout-normal text-sans-m layout-padded\">3. Norris.<\/p>\n<p class=\"_paragraph_o9xde_4 _paragraph_xtcu6_10 _paragraph_16v91_10 layout-component text-serif-m layout-normal text-sans-m layout-padded\">4. Leclerc.<\/p>\n<p class=\"_paragraph_o9xde_4 _paragraph_xtcu6_10 _paragraph_16v91_10 layout-component text-serif-m layout-normal text-sans-m layout-padded\">5. Russell.<\/p>\n<p class=\"_paragraph_o9xde_4 _paragraph_xtcu6_10 _paragraph_16v91_10 layout-component text-serif-m layout-normal text-sans-m layout-padded\">6. Alonso.<\/p>\n<p>Vis mer<\/p>\n<p class=\"_paragraph_o9xde_4 _paragraph_xtcu6_10 layout-component text-serif-m layout-normal text-serif-m layout-padded\">Etter Ungarn Grand Prix var det 88 poeng fra Norris ned til Verstappen \u2013 p\u00e5 et tidspunkt Piastri at ledet VM. <\/p>\n<p class=\"_paragraph_o9xde_4 _paragraph_xtcu6_10 layout-component text-serif-m layout-normal text-serif-m layout-padded\">I Las Vegas ble begge McLaren-f\u00f8rerne disket, fordi planken under bilen var for mye slitt etter l\u00f8pet. De gjentar neppe den tabben.<\/p>\n<p class=\"_paragraph_o9xde_4 _paragraph_xtcu6_10 layout-component text-serif-m layout-normal text-serif-m layout-padded\">Lando Norris debuterte i Formel 1 i 2019 og tok s\u00f8lv bak Verstappen i fjor. <\/p>\n<p class=\"_paragraph_o9xde_4 _paragraph_xtcu6_10 layout-component text-serif-m layout-normal text-serif-m layout-padded\">Lenge s\u00e5 det ut til at McLaren-kollega Oscar Piastri skulle ta gullet i \u00e5r, men det skulle til slutt bli Norris.<\/p>\n","protected":false},"excerpt":{"rendered":"Lando Norris (26) ble ikke straffet av dommerne og har tatt sin f\u00f8rste VM-tittel i Formel 1. KLINTE&hellip;\n","protected":false},"author":2,"featured_media":106827,"comment_status":"","ping_status":"","sticky":false,"template":"","format":"standard","meta":{"footnotes":""},"categories":[59],"tags":[2026,4627,4626,30,28,29,12675,83,82],"class_list":{"0":"post-106826","1":"post","2":"type-post","3":"status-publish","4":"format-standard","5":"has-post-thumbnail","7":"category-sport","8":"tag-formel-1","9":"tag-lando-norris","10":"tag-max-verstappen","11":"tag-no","12":"tag-norge","13":"tag-norway","14":"tag-oscar-piastri","15":"tag-sport","16":"tag-sports"},"share_on_mastodon":{"url":"https:\/\/pubeurope.com\/@no\/115680014843488284","error":""},"_links":{"self":[{"href":"https:\/\/www.europesays.com\/no\/wp-json\/wp\/v2\/posts\/106826","targetHints":{"allow":["GET"]}}],"collection":[{"href":"https:\/\/www.europesays.com\/no\/wp-json\/wp\/v2\/posts"}],"about":[{"href":"https:\/\/www.europesays.com\/no\/wp-json\/wp\/v2\/types\/post"}],"author":[{"embeddable":true,"href":"https:\/\/www.europesays.com\/no\/wp-json\/wp\/v2\/users\/2"}],"replies":[{"embeddable":true,"href":"https:\/\/www.europesays.com\/no\/wp-json\/wp\/v2\/comments?post=106826"}],"version-history":[{"count":0,"href":"https:\/\/www.europesays.com\/no\/wp-json\/wp\/v2\/posts\/106826\/revisions"}],"wp:featuredmedia":[{"embeddable":true,"href":"https:\/\/www.europesays.com\/no\/wp-json\/wp\/v2\/media\/106827"}],"wp:attachment":[{"href":"https:\/\/www.europesays.com\/no\/wp-json\/wp\/v2\/media?parent=106826"}],"wp:term":[{"taxonomy":"category","embeddable":true,"href":"https:\/\/www.europesays.com\/no\/wp-json\/wp\/v2\/categories?post=106826"},{"taxonomy":"post_tag","embeddable":true,"href":"https:\/\/www.europesays.com\/no\/wp-json\/wp\/v2\/tags?post=106826"}],"curies":[{"name":"wp","href":"https:\/\/api.w.org\/{rel}","templated":true}]}}