{"id":106828,"date":"2025-12-07T19:53:08","date_gmt":"2025-12-07T19:53:08","guid":{"rendered":"https:\/\/www.europesays.com\/no\/106828\/"},"modified":"2025-12-07T19:53:08","modified_gmt":"2025-12-07T19:53:08","slug":"joe-biden-ignorerte-advarsler-og-mistet-kontrollen-over-grensen","status":"publish","type":"post","link":"https:\/\/www.europesays.com\/no\/106828\/","title":{"rendered":"Joe Biden ignorerte advarsler og mistet kontrollen over grensen"},"content":{"rendered":"<p>    Tidligere president Joe Biden avviste anbefalinger som kunne ha hindret krisen ved USAs grense mot Mexico. Det bidro til at Donald Trump vant valget, skriver New York Times.<\/p>\n<p>\n        Joe Biden skal ha ignortert flere advarsler om hvordan migrasjon kunne p\u00e5virke USA og politikken i landet.<br \/>\n        Foto: Rebecca S. Gratz\n    <\/p>\n<p class=\"kicker tertiary color_mobile_tertiary\" style=\"\">Verden<\/p>\n<p>Allerede f\u00f8r Joe Biden ble USAs president i 2020, advarte<br \/>\nr\u00e5dgivere ham mot at hans innvandringspolitikk kunne bli katastrofal.<\/p>\n<p>Det skriver<br \/>\nstoravisen <a href=\"https:\/\/www.nytimes.com\/2025\/12\/07\/us\/politics\/biden-immigration-trump.html\" rel=\"nofollow noopener\" target=\"_blank\">New York Times<\/a>. <\/p>\n<p>Biden hadde lovet \u00e5 behandle migranter uten lovlig opphold<br \/>\nmer humant enn sin forgjenger Donald Trump. Trump hadde m\u00f8tt massiv motstand, blant annet for<br \/>\nsin praksis med \u00e5 skille migrantbarn fra foreldrene sine. <\/p>\n<p>Advarte mot kaos<\/p>\n<p>Men i et Zoom-m\u00f8te i slutten av 2020 advarte eksperter p\u00e5troppende<br \/>\npresident Biden om at en kraftig oppmykning kunne f\u00f8re til en massiv migrantstr\u00f8m,<br \/>\nog at dette kunne f\u00f8re til en politisk krise og kaos. <\/p>\n<p>Biden skal ha f\u00e5tt flere r\u00e5d om \u00e5 gj\u00f8re det mindre attraktivt<br \/>\n\u00e5 komme til USA for migranter. Han anerkjente tilsynelatende risikoen, men<br \/>\nfulgte ikke anbefalingene.<\/p>\n<p>Advarslene viste seg \u00e5 stemme. Kort tid etter at Biden ble<br \/>\npresident, doblet antallet migranter ved USAs grense mot Mexico seg. Og det fortsatte<br \/>\n\u00e5 \u00f8ke. <\/p>\n<p>Frustrasjon over ulovlig innvandring bidro til at Trump vant<br \/>\npresidentvalget i 2024. N\u00e5 har Trump g\u00e5tt mer aggressivt til verks enn han<br \/>\ngjorde forrige gang han var president.\u00a0<\/p>\n<p>Maskerte agenter fra ICE p\u00e5griper stadig flere<br \/>\nimmigranter, og det meldes om at mange behandles sv\u00e6rt d\u00e5rlig.<\/p>\n<p>To grunnleggende feil<\/p>\n<p>If\u00f8lge New York Times avviste Biden og hans n\u00e6rmeste<br \/>\nr\u00e5dgivere gjentatte ganger anbefalinger som kunne ha h\u00e5ndtert grensekrisen<br \/>\nraskere, og lettet p\u00e5 det som senere ble et potent politisk v\u00e5pen for Trump.<\/p>\n<p>If\u00f8lge over 30 tidligere embetsfolk som New York Times har<br \/>\nintervjuet, gjorde Biden og hans n\u00e6rmeste to grunnleggende feil:\u00a0De<br \/>\nundervurderte omfanget av migrasjonen som var p\u00e5 vei. Og de undervurderte den politiske<br \/>\nreaksjonen som ville f\u00f8lge.<\/p>\n<p>Teamet rundt presidenten skal ha fryktet at strengere tiltak<br \/>\nville provosere progressive velgere og deler av latino\u00adbefolkningen.\u00a0Det viste<br \/>\nseg \u00e5 v\u00e6re en feilvurdering. I 2024 pekte mange velgere, inkludert mange latinoer,<br \/>\np\u00e5 nettopp migrasjon som hovedgrunn til at de valgte Trump.<\/p>\n<p>New York Times har ikke f\u00e5tt noe svar fra Joe Biden p\u00e5<br \/>\nkritikken, men en talsperson skylder p\u00e5 Republikanerne for \u00e5 ha blokkert finansiering<br \/>\ntil \u00e5 ansette flere grensevakter, ta i bruk mer sikkerhetsteknologi og behandle<br \/>\nimmigrasjonssaker raskere. <\/p>\n<p>Bidens tidligere stabssjef Ron Klain sier det slik: <\/p>\n<p>\u2013 Vi fikk slutt p\u00e5 brutaliteten i Trumps<br \/>\nimmigrasjonspolitikk, men st\u00f8tte p\u00e5 en vegg i arbeidet med \u00e5 bygge et fornuftig<br \/>\nasylsystem da republikanerne blokkerte n\u00f8dvendig lovgivning.<\/p>\n<p class=\"no_italic m-no_italic\" data-lab-italic=\"\">F\u00e5 nyhetsbrev fra Dagsavisen. Meld deg p\u00e5\u00a0<a href=\"https:\/\/www.dagsavisen.no\/om-dagsavisen\/2023\/12\/20\/fa-daglig-nyhetsbrev\/\" rel=\"nofollow noopener\" target=\"_blank\">her<\/a>!<\/p>\n<p>        <a itemprop=\"url\" class=\"\" href=\"https:\/\/www.dagsavisen.no\/nyheter\/kunstig-intelligens-fikk-velgere-til-a-bytte-side-for-usas-presidentvalg\/10096198\" data-k5a-url=\"https:\/\/www.dagsavisen.no\/a\/10096198\" rel=\"nofollow noopener\" target=\"_blank\"><\/p>\n<p>            Kunstig intelligens fikk velgere til \u00e5 bytte side f\u00f8r USAs presidentvalg<\/p>\n<p>        <\/a><\/p>\n","protected":false},"excerpt":{"rendered":"Tidligere president Joe Biden avviste anbefalinger som kunne ha hindret krisen ved USAs grense mot Mexico. Det bidro&hellip;\n","protected":false},"author":2,"featured_media":106829,"comment_status":"","ping_status":"","sticky":false,"template":"","format":"standard","meta":{"footnotes":""},"categories":[12],"tags":[20,21,24,25,15,22,23,13,30,28,29,14,16,26,27,42,43,44,45],"class_list":{"0":"post-106828","1":"post","2":"type-post","3":"status-publish","4":"format-standard","5":"has-post-thumbnail","7":"category-verden","8":"tag-breaking-news","9":"tag-breakingnews","10":"tag-featured-news","11":"tag-featurednews","12":"tag-headlines","13":"tag-latest-news","14":"tag-latestnews","15":"tag-news","16":"tag-no","17":"tag-norge","18":"tag-norway","19":"tag-nyheter","20":"tag-overskrifter","21":"tag-top-stories","22":"tag-topstories","23":"tag-verden","24":"tag-world","25":"tag-world-news","26":"tag-worldnews"},"share_on_mastodon":{"url":"https:\/\/pubeurope.com\/@no\/115680038407702910","error":""},"_links":{"self":[{"href":"https:\/\/www.europesays.com\/no\/wp-json\/wp\/v2\/posts\/106828","targetHints":{"allow":["GET"]}}],"collection":[{"href":"https:\/\/www.europesays.com\/no\/wp-json\/wp\/v2\/posts"}],"about":[{"href":"https:\/\/www.europesays.com\/no\/wp-json\/wp\/v2\/types\/post"}],"author":[{"embeddable":true,"href":"https:\/\/www.europesays.com\/no\/wp-json\/wp\/v2\/users\/2"}],"replies":[{"embeddable":true,"href":"https:\/\/www.europesays.com\/no\/wp-json\/wp\/v2\/comments?post=106828"}],"version-history":[{"count":0,"href":"https:\/\/www.europesays.com\/no\/wp-json\/wp\/v2\/posts\/106828\/revisions"}],"wp:featuredmedia":[{"embeddable":true,"href":"https:\/\/www.europesays.com\/no\/wp-json\/wp\/v2\/media\/106829"}],"wp:attachment":[{"href":"https:\/\/www.europesays.com\/no\/wp-json\/wp\/v2\/media?parent=106828"}],"wp:term":[{"taxonomy":"category","embeddable":true,"href":"https:\/\/www.europesays.com\/no\/wp-json\/wp\/v2\/categories?post=106828"},{"taxonomy":"post_tag","embeddable":true,"href":"https:\/\/www.europesays.com\/no\/wp-json\/wp\/v2\/tags?post=106828"}],"curies":[{"name":"wp","href":"https:\/\/api.w.org\/{rel}","templated":true}]}}